{"id":7048,"date":"2022-08-29T17:05:57","date_gmt":"2022-08-29T20:05:57","guid":{"rendered":"https:\/\/www.visionweb.com.ar\/?p=7048"},"modified":"2022-08-29T17:05:57","modified_gmt":"2022-08-29T20:05:57","slug":"el-agua-aumentara-mas-del-45-en-el-interior-bonaerense","status":"publish","type":"post","link":"https:\/\/www.visionweb.com.ar\/?p=7048","title":{"rendered":"El agua aumentar\u00e1 m\u00e1s del 45% en el interior bonaerense"},"content":{"rendered":"<p><strong><em>El incremento llevar\u00e1 de los $11,10 actuales a $16,12 el valor de los 1.000 litros de agua. La tarifa no cambia desde 2019.<\/em><\/strong><!--more--><\/p>\n<div id=\"attachment_7049\" style=\"width: 310px\" class=\"wp-caption alignright\"><img loading=\"lazy\" decoding=\"async\" aria-describedby=\"caption-attachment-7049\" class=\"wp-image-7049 size-medium\" src=\"https:\/\/www.visionweb.com.ar\/wp-content\/uploads\/2022\/08\/AGUA-absa-300x163.png\" alt=\"\" width=\"300\" height=\"163\" srcset=\"https:\/\/www.visionweb.com.ar\/wp-content\/uploads\/2022\/08\/AGUA-absa-300x163.png 300w, https:\/\/www.visionweb.com.ar\/wp-content\/uploads\/2022\/08\/AGUA-absa.png 640w\" sizes=\"auto, (max-width: 300px) 100vw, 300px\" \/><p id=\"caption-attachment-7049\" class=\"wp-caption-text\"><em><strong>Las tarifas del agua se mantienen en los mismos niveles desde 2019<\/strong><\/em><\/p><\/div>\n<p><strong>L<\/strong>a empresa Aguas Bonaerenses S.A. (ABSA) realiz\u00f3 este viernes una audiencia p\u00fablica para informar los fundamentos t\u00e9cnicos, econ\u00f3micos, financieros y jur\u00eddicos para ajustar la tarifa de agua y cloacas en 94 localidades de la provincia un 45,2% en tres tramos.<\/p>\n<p>La audiencia se realiz\u00f3 en el sal\u00f3n auditorio del Ministerio de Infraestructura y Servicios P\u00fablicos bonaerense, donde la compa\u00f1\u00eda estatal elev\u00f3 el requerimiento para llevar de los $11,10 actuales a $16,12 el valor de los 1.000 litros de agua, cuya medida (1 metro c\u00fabico) es contemplada para la facturaci\u00f3n de los servicios de agua y cloacas de localidades del interior, as\u00b4\u00f1i lo consignaron voceros de la empresa bonaerense.<\/p>\n<p>\u201cLa iniciativa busca reducir el d\u00e9ficit estructural que arrastra la prestataria provincial luego de tres a\u00f1os y medio de congelamiento tarifario\u201d, justific\u00f3 ABSA.<\/p>\n<p>Destac\u00f3, asimismo, que \u201cla propuesta contempla la implementaci\u00f3n de una actualizaci\u00f3n en tres tramos escalonados (20%, 10% y 10%), que se aplicar\u00e1n en los per\u00edodos determinados por el decreto reglamentario del Poder Ejecutivo provincial\u201d.<\/p>\n<p>En la actualidad, la facturaci\u00f3n promedio por los servicios de agua y cloacas prestados por la empresa es de $566,14 m\u00e1s impuestos ($769), y esto significa para una familia tipo un costo diario estimado en $6,40 por integrante. Con el tercer tramo de la actualizaci\u00f3n aplicado, la facturaci\u00f3n promedio ser\u00e1 de $822,03 m\u00e1s impuestos ($1.152), y el costo diario por integrante de una familia tipo ser\u00e1 de $9,60.<\/p>\n<h3 style=\"text-align: center;\"><span style=\"color: #0000ff;\"><strong><em>La actual facturaci\u00f3n para una familia tipo es de $566,14<\/em><\/strong><\/span><\/h3>\n<p>Desde la operadora provincial destacaron que \u201cel impacto final del aumento significar\u00e1 menos de $400 finales para el 93% de los usuarios\u201d. Indicaron adem\u00e1s que esta medida busca apaciguar el atraso tarifario que hoy experimenta ABSA, que pone en riesgo la continuidad de la prestaci\u00f3n de los servicios esenciales a m\u00e1s de 2.500.000 habitantes del territorio provincial.<\/p>\n<p>Sobre ello, se destac\u00f3 que \u201cABSA no percibe subsidios sobre su tarifa\u201d, situaci\u00f3n que la destaca del com\u00fan de las operadoras con participaci\u00f3n accionaria mayoritaria del Estado, \u201csino que recibe aportes de la Provincia para sostener el funcionamiento de los servicios que opera\u201d, y destac\u00f3 que en medio de esta realidad, la actualizaci\u00f3n tarifaria apunta a reducir ese esquema de asignaci\u00f3n de recursos.<\/p>\n<p>El \u00faltimo ajuste de la tarifa de agua fue bajo la administraci\u00f3n de Mar\u00eda Eugenia Vidal a principios de 2019 cuando se dio una suba en torno al 38%, una cifra similar al 40% que hab\u00eda sufrido un a\u00f1o antes.<\/p>\n<p>En ese sentido, el presidente de la prestadora Roberto Blanco explic\u00f3 que \u201cdebemos reconocer que para evaluar la actividad de la empresa se debe tener presente la variaci\u00f3n de los \u00edndices y costos debido al incremento de la inflaci\u00f3n en los \u00faltimos a\u00f1os\u201d.<\/p>\n<p>Durante ese tiempo se produjo un marcado incremento de costos que van desde la dolarizaci\u00f3n de los insumos y qu\u00edmicos indispensables para la potabilizaci\u00f3n y tratamiento de efluentes, la energ\u00eda, salarios, entre otros. \u201cEn este sentido, podemos hablar de variaciones de costos superiores al 300%\u201d, puntualiz\u00f3 Blanco<strong>(VW)<\/strong>.<\/p>\n","protected":false},"excerpt":{"rendered":"<p>El incremento llevar\u00e1 de los $11,10 actuales a $16,12 el valor de los 1.000 litros de agua. La tarifa no cambia desde 2019.<\/p>\n","protected":false},"author":3,"featured_media":7049,"comment_status":"closed","ping_status":"closed","sticky":false,"template":"","format":"standard","meta":{"_monsterinsights_skip_tracking":false,"_monsterinsights_sitenote_active":false,"_monsterinsights_sitenote_note":"","_monsterinsights_sitenote_category":0,"footnotes":""},"categories":[8],"tags":[2889,511,1092,564],"class_list":["post-7048","post","type-post","status-publish","format-standard","has-post-thumbnail","hentry","category-interes-general","tag-aguas","tag-bonaerense","tag-interior","tag-tarifas"],"_links":{"self":[{"href":"https:\/\/www.visionweb.com.ar\/index.php?rest_route=\/wp\/v2\/posts\/7048","targetHints":{"allow":["GET"]}}],"collection":[{"href":"https:\/\/www.visionweb.com.ar\/index.php?rest_route=\/wp\/v2\/posts"}],"about":[{"href":"https:\/\/www.visionweb.com.ar\/index.php?rest_route=\/wp\/v2\/types\/post"}],"author":[{"embeddable":true,"href":"https:\/\/www.visionweb.com.ar\/index.php?rest_route=\/wp\/v2\/users\/3"}],"replies":[{"embeddable":true,"href":"https:\/\/www.visionweb.com.ar\/index.php?rest_route=%2Fwp%2Fv2%2Fcomments&post=7048"}],"version-history":[{"count":1,"href":"https:\/\/www.visionweb.com.ar\/index.php?rest_route=\/wp\/v2\/posts\/7048\/revisions"}],"predecessor-version":[{"id":7050,"href":"https:\/\/www.visionweb.com.ar\/index.php?rest_route=\/wp\/v2\/posts\/7048\/revisions\/7050"}],"wp:featuredmedia":[{"embeddable":true,"href":"https:\/\/www.visionweb.com.ar\/index.php?rest_route=\/wp\/v2\/media\/7049"}],"wp:attachment":[{"href":"https:\/\/www.visionweb.com.ar\/index.php?rest_route=%2Fwp%2Fv2%2Fmedia&parent=7048"}],"wp:term":[{"taxonomy":"category","embeddable":true,"href":"https:\/\/www.visionweb.com.ar\/index.php?rest_route=%2Fwp%2Fv2%2Fcategories&post=7048"},{"taxonomy":"post_tag","embeddable":true,"href":"https:\/\/www.visionweb.com.ar\/index.php?rest_route=%2Fwp%2Fv2%2Ftags&post=7048"}],"curies":[{"name":"wp","href":"https:\/\/api.w.org\/{rel}","templated":true}]}}