{"id":7045,"date":"2022-08-29T16:18:25","date_gmt":"2022-08-29T19:18:25","guid":{"rendered":"https:\/\/www.visionweb.com.ar\/?p=7045"},"modified":"2022-08-29T16:25:19","modified_gmt":"2022-08-29T19:25:19","slug":"desde-este-lunes-es-libre-la-vacunacion-para-ninos-y-ninas-de-6-meses-a-2-anos","status":"publish","type":"post","link":"https:\/\/www.visionweb.com.ar\/?p=7045","title":{"rendered":"Desde este lunes es libre la vacunaci\u00f3n para ni\u00f1os y ni\u00f1as de 6 meses a 2 a\u00f1os"},"content":{"rendered":"<p><em><strong>Esto significa que ya no es necesario inscribirse en el portal, las familias pueden acercarse al vacunatorio y solicitarla.<\/strong><\/em><!--more--><\/p>\n<div id=\"attachment_7046\" style=\"width: 310px\" class=\"wp-caption alignright\"><img loading=\"lazy\" decoding=\"async\" aria-describedby=\"caption-attachment-7046\" class=\"wp-image-7046 size-medium\" src=\"https:\/\/www.visionweb.com.ar\/wp-content\/uploads\/2022\/08\/VACUNACION-DE-NINOS-300x224.png\" alt=\"\" width=\"300\" height=\"224\" srcset=\"https:\/\/www.visionweb.com.ar\/wp-content\/uploads\/2022\/08\/VACUNACION-DE-NINOS-300x224.png 300w, https:\/\/www.visionweb.com.ar\/wp-content\/uploads\/2022\/08\/VACUNACION-DE-NINOS-320x240.png 320w, https:\/\/www.visionweb.com.ar\/wp-content\/uploads\/2022\/08\/VACUNACION-DE-NINOS.png 640w\" sizes=\"auto, (max-width: 300px) 100vw, 300px\" \/><p id=\"caption-attachment-7046\" class=\"wp-caption-text\"><em><strong>Desde este lunes los chicos de 6 meses a 2 a\u00f1os podr\u00e1n ser vacunados contra el Covid 19, sin turno previo <\/strong><\/em><\/p><\/div>\n<p><strong>A<\/strong> partir de este lunes 29 de agosto, la vacuna contra el Covid-19 ser\u00e1 libre para ni\u00f1as y ni\u00f1os de entre 6 meses y 2 a\u00f1os inclusive, inform\u00f3 la cartera de salud bonaerense.<\/p>\n<p>Podr\u00e1n acercarse, a los vacunatorios pedi\u00e1tricos, acompa\u00f1ados de un adulto responsable, sin turno ni inscripci\u00f3n previa.<\/p>\n<p>De esta manera, en toda la provincia de Buenos Aires la vacunaci\u00f3n covid ser\u00e1 LIBRE, GRATUITA y FEDERAL para toda la poblaci\u00f3n mayor a 6 meses.<\/p>\n<p>La Provincia de Buenos Aires comenz\u00f3 hace aproximadamente un mes a inscribir a ni\u00f1os y ni\u00f1as de dicha franja etaria, quienes todav\u00eda no hab\u00edan sido alcanzados por la campa\u00f1a de inmunizaci\u00f3n. Se trata de un universo conformado por 500 mil bonaerenses.<\/p>\n<p>Durante el anuncio de la vacunaci\u00f3n a esta poblaci\u00f3n objetivo, el Gobernador Axel Kicillof record\u00f3 que \u201cel avance de la campa\u00f1a de inmunizaci\u00f3n ha marcado un antes y un despu\u00e9s en la historia de esta pandemia\u201d, al tiempo que se\u00f1al\u00f3 que\u00a0\u201ccomplementar\u00e1 con otras estrategias sanitarias tendientes a fortalecer el Calendario Nacional, que en nuestro pa\u00eds es uno de los m\u00e1s amplios y robustos del mundo\u201d.<\/p>\n<p>Argentina es uno de los primeros pa\u00edses del mundo en incorporar a esta franja etaria a la estrategia de vacunaci\u00f3n contra la COVID-19. Las autoridades sanitarias afirman que el n\u00famero de casos est\u00e1 aumentando a expensas de esta poblaci\u00f3n susceptible, que a\u00fan no se inmuniz\u00f3.<\/p>\n<p>El ministro de Salud Bonaerense, Nicol\u00e1s Kreplak, explic\u00f3 que \u201ces un paso muy importante porque sabemos que la vacuna es la \u00fanica herramienta para poder seguir dando vuelta la p\u00e1gina en esta pandemia y que sigue mejorando la situaci\u00f3n en funci\u00f3n de la respuesta a los cuidados y vacunas que nuestro pueblo ha llevado adelante\u201d<\/p>\n<p>En la Provincia de Buenos Aires, se ha vacunado al 95% de la poblaci\u00f3n. Se puede consultar los vacunatorios Covid en:\u00a0<a href=\"https:\/\/portal-coronavirus.gba.gob.ar\/vacunatorios-de-la-campana-covid-19\" target=\"_blank\" rel=\"noopener noreferrer\">https:\/\/portal-coronavirus.gba.gob.ar\/vacunatorios-de-la-campana-covid-19<\/a>. <strong>(VW)<\/strong><\/p>\n","protected":false},"excerpt":{"rendered":"<p>Esto significa que ya no es necesario inscribirse en el portal, las familias pueden acercarse al vacunatorio y solicitarla.<\/p>\n","protected":false},"author":3,"featured_media":7046,"comment_status":"closed","ping_status":"closed","sticky":false,"template":"","format":"standard","meta":{"_monsterinsights_skip_tracking":false,"_monsterinsights_sitenote_active":false,"_monsterinsights_sitenote_note":"","_monsterinsights_sitenote_category":0,"footnotes":""},"categories":[8,5],"tags":[35,1649,2887,2888],"class_list":["post-7045","post","type-post","status-publish","format-standard","has-post-thumbnail","hentry","category-interes-general","category-sociedad","tag-covid-19","tag-edad","tag-ninos","tag-vacunatorios"],"_links":{"self":[{"href":"https:\/\/www.visionweb.com.ar\/index.php?rest_route=\/wp\/v2\/posts\/7045","targetHints":{"allow":["GET"]}}],"collection":[{"href":"https:\/\/www.visionweb.com.ar\/index.php?rest_route=\/wp\/v2\/posts"}],"about":[{"href":"https:\/\/www.visionweb.com.ar\/index.php?rest_route=\/wp\/v2\/types\/post"}],"author":[{"embeddable":true,"href":"https:\/\/www.visionweb.com.ar\/index.php?rest_route=\/wp\/v2\/users\/3"}],"replies":[{"embeddable":true,"href":"https:\/\/www.visionweb.com.ar\/index.php?rest_route=%2Fwp%2Fv2%2Fcomments&post=7045"}],"version-history":[{"count":1,"href":"https:\/\/www.visionweb.com.ar\/index.php?rest_route=\/wp\/v2\/posts\/7045\/revisions"}],"predecessor-version":[{"id":7047,"href":"https:\/\/www.visionweb.com.ar\/index.php?rest_route=\/wp\/v2\/posts\/7045\/revisions\/7047"}],"wp:featuredmedia":[{"embeddable":true,"href":"https:\/\/www.visionweb.com.ar\/index.php?rest_route=\/wp\/v2\/media\/7046"}],"wp:attachment":[{"href":"https:\/\/www.visionweb.com.ar\/index.php?rest_route=%2Fwp%2Fv2%2Fmedia&parent=7045"}],"wp:term":[{"taxonomy":"category","embeddable":true,"href":"https:\/\/www.visionweb.com.ar\/index.php?rest_route=%2Fwp%2Fv2%2Fcategories&post=7045"},{"taxonomy":"post_tag","embeddable":true,"href":"https:\/\/www.visionweb.com.ar\/index.php?rest_route=%2Fwp%2Fv2%2Ftags&post=7045"}],"curies":[{"name":"wp","href":"https:\/\/api.w.org\/{rel}","templated":true}]}}