{"id":7035,"date":"2022-08-26T08:49:20","date_gmt":"2022-08-26T11:49:20","guid":{"rendered":"https:\/\/www.visionweb.com.ar\/?p=7035"},"modified":"2022-08-26T08:49:20","modified_gmt":"2022-08-26T11:49:20","slug":"persiste-el-conflicto-en-mas-de-100-lineas-de-colectivos","status":"publish","type":"post","link":"https:\/\/www.visionweb.com.ar\/?p=7035","title":{"rendered":"Persiste el conflicto en m\u00e1s de 100 l\u00edneas de colectivos"},"content":{"rendered":"<p><em><strong>El lockout patronal se viene repitiendo todos los d\u00edas desde el viernes pasado y afecta a pasajeros y pasajeras unas 100 l\u00edneas de colectivos del total de 400 que circulan en la ciudad de Buenos Aires y el conurbano.<\/strong><\/em><!--more--><\/p>\n<p><strong><img loading=\"lazy\" decoding=\"async\" class=\"size-full wp-image-6597 alignright\" src=\"https:\/\/www.visionweb.com.ar\/wp-content\/uploads\/2022\/07\/paro-colectivos-nocturno.bmp\" alt=\"\" width=\"501\" height=\"370\" \/>M<\/strong>iles de pasajeros que se desplazan en colectivo siguen afectados en las \u00faltimas horas en el \u00c1rea Metropolitana de Buenos Aires por la nueva suspensi\u00f3n del servicio en m\u00e1s de 100 l\u00edneas entre las 22 de anoche y las 5 de esta ma\u00f1ana, y una reducci\u00f3n de las frecuencias a partir de esa hora dispuesta por los empresarios.<\/p>\n<p>La protesta tiene su eje en la falta de pago de los subsidios para el autotransporte de pasajeros por parte de la ciudad de Buenos Aires.<\/p>\n<p>La protesta persiste pese a los pagos a cuenta realizados por el Ministerio de Transporte de la Naci\u00f3n de la deuda que manten\u00eda con las compa\u00f1\u00edas que circulan por el \u00e1rea metropolitana.<\/p>\n<p>El lockout patronal se viene repitiendo todos los d\u00edas desde el viernes pasado y afecta a pasajeros y pasajeras unas 100 l\u00edneas de colectivos del total de 400 que circulan en la ciudad de Buenos Aires y el conurbano.<\/p>\n<p>En este sentido, el subsecretario de Pol\u00edtica Econ\u00f3mica y Financiera del Ministerio de Transporte, Carlos Vittor, dijo ayer que se se hab\u00eda realizado un pago de $ 3.900 millones \u00aba cuenta de la deuda con las empresas del transporte urbano de pasajeros del AMBA\u00bb y confi\u00f3 en que el servicio se normalizara.<\/p>\n<p>\u00abEstamos teniendo una peque\u00f1a deuda en relaci\u00f3n a los pagos que hacemos de forma habitual; de esos pagos estamos debiendo $ 6.000 millones, medio mes en total, $ 4.400 millones de las l\u00edneas de jurisdicci\u00f3n nacional y $ 1.600 millones de las l\u00edneas de la ciudad de Buenos Aires\u00bb, detall\u00f3.<\/p>\n<p>No obstante, precis\u00f3 que los pagos a las l\u00edneas de jurisdicci\u00f3n nacional se iban a acreditar entre ayer y hoy a la ma\u00f1ana, y sostuvo que las l\u00edneas de la ciudad de Buenos Aires no iban a cobrarlo porque el Gobierno porte\u00f1o \u00aba\u00fan no se hizo cargo\u00bb de su parte, sostuvo el funcionario.<\/p>\n<p>\u00abEstamos pidiendo al Gobierno de la Ciudad de Buenos Aires que contribuya con la parte que le corresponde, pero a\u00fan no hay respuesta\u00bb, dijo el funcionario nacional, quien aclar\u00f3 que \u00abno es que no lo hayan hecho, pero s\u00ed lo han hecho insuficientemente\u00bb.<\/p>\n<p>\u00abDicen que estamos en negociaciones, que ellos colaboran con el financiamiento, pero asumieron un compromiso de hacerse cargo en 2019 de los subsidios y compensaciones, pero todav\u00eda no lo han hecho\u00bb, enfatiz\u00f3 Vittor en su reclamo al Gobierno de la Ciudad <strong>(VW)<\/strong>.<\/p>\n","protected":false},"excerpt":{"rendered":"<p>El lockout patronal se viene repitiendo todos los d\u00edas desde el viernes pasado y afecta a pasajeros y pasajeras unas 100 l\u00edneas de colectivos del total de 400 que circulan en la ciudad de&#46;&#46;&#46;<\/p>\n","protected":false},"author":3,"featured_media":6597,"comment_status":"closed","ping_status":"closed","sticky":false,"template":"","format":"standard","meta":{"_monsterinsights_skip_tracking":false,"_monsterinsights_sitenote_active":false,"_monsterinsights_sitenote_note":"","_monsterinsights_sitenote_category":0,"footnotes":""},"categories":[3,8],"tags":[330,705,252,871],"class_list":["post-7035","post","type-post","status-publish","format-standard","has-post-thumbnail","hentry","category-actualidad","category-interes-general","tag-caba","tag-colectivos","tag-paro","tag-subsidios"],"_links":{"self":[{"href":"https:\/\/www.visionweb.com.ar\/index.php?rest_route=\/wp\/v2\/posts\/7035","targetHints":{"allow":["GET"]}}],"collection":[{"href":"https:\/\/www.visionweb.com.ar\/index.php?rest_route=\/wp\/v2\/posts"}],"about":[{"href":"https:\/\/www.visionweb.com.ar\/index.php?rest_route=\/wp\/v2\/types\/post"}],"author":[{"embeddable":true,"href":"https:\/\/www.visionweb.com.ar\/index.php?rest_route=\/wp\/v2\/users\/3"}],"replies":[{"embeddable":true,"href":"https:\/\/www.visionweb.com.ar\/index.php?rest_route=%2Fwp%2Fv2%2Fcomments&post=7035"}],"version-history":[{"count":1,"href":"https:\/\/www.visionweb.com.ar\/index.php?rest_route=\/wp\/v2\/posts\/7035\/revisions"}],"predecessor-version":[{"id":7036,"href":"https:\/\/www.visionweb.com.ar\/index.php?rest_route=\/wp\/v2\/posts\/7035\/revisions\/7036"}],"wp:featuredmedia":[{"embeddable":true,"href":"https:\/\/www.visionweb.com.ar\/index.php?rest_route=\/wp\/v2\/media\/6597"}],"wp:attachment":[{"href":"https:\/\/www.visionweb.com.ar\/index.php?rest_route=%2Fwp%2Fv2%2Fmedia&parent=7035"}],"wp:term":[{"taxonomy":"category","embeddable":true,"href":"https:\/\/www.visionweb.com.ar\/index.php?rest_route=%2Fwp%2Fv2%2Fcategories&post=7035"},{"taxonomy":"post_tag","embeddable":true,"href":"https:\/\/www.visionweb.com.ar\/index.php?rest_route=%2Fwp%2Fv2%2Ftags&post=7035"}],"curies":[{"name":"wp","href":"https:\/\/api.w.org\/{rel}","templated":true}]}}