{"id":7032,"date":"2022-08-26T08:40:47","date_gmt":"2022-08-26T11:40:47","guid":{"rendered":"https:\/\/www.visionweb.com.ar\/?p=7032"},"modified":"2022-08-26T08:41:57","modified_gmt":"2022-08-26T11:41:57","slug":"lanus-sera-sede-de-las-preliminares-del-mundial-de-tango","status":"publish","type":"post","link":"https:\/\/www.visionweb.com.ar\/?p=7032","title":{"rendered":"Lan\u00fas ser\u00e1 sede de las preliminares del Mundial de Tango"},"content":{"rendered":"<p>Ya se realizaron preliminares clasificatorias en las ciudades de Tandil, Azul, Pinamar y Villa Gesell, provincia de Buenos Aires.<!--more--><\/p>\n<div id=\"attachment_7033\" style=\"width: 310px\" class=\"wp-caption alignright\"><img loading=\"lazy\" decoding=\"async\" aria-describedby=\"caption-attachment-7033\" class=\"wp-image-7033 size-medium\" src=\"https:\/\/www.visionweb.com.ar\/wp-content\/uploads\/2022\/08\/Mundial-de-Tango-300x201.png\" alt=\"\" width=\"300\" height=\"201\" srcset=\"https:\/\/www.visionweb.com.ar\/wp-content\/uploads\/2022\/08\/Mundial-de-Tango-300x201.png 300w, https:\/\/www.visionweb.com.ar\/wp-content\/uploads\/2022\/08\/Mundial-de-Tango-768x514.png 768w, https:\/\/www.visionweb.com.ar\/wp-content\/uploads\/2022\/08\/Mundial-de-Tango.png 800w\" sizes=\"auto, (max-width: 300px) 100vw, 300px\" \/><p id=\"caption-attachment-7033\" class=\"wp-caption-text\">Mundial de Tango, la imagen corresponde al campeonato de 2021 CABA<\/p><\/div>\n<p><strong>\u00a0 \u00a0 \u00a0 E<\/strong>l s\u00e1bado 27 y el domingo 28 se desarrollar\u00e1n en Lan\u00fas las preliminares clasificatorias para el Mundial de Tango BA que se desarrollar\u00e1 en septiembre pr\u00f3ximo.<\/p>\n<p>Las competencias tendr\u00e1n lugar en el Centro Comercial e Industrial de Lan\u00fas, avenida 9 de Julio 1535, y participar\u00e1n bailarines de toda la provincia de Buenos Aires en la categor\u00eda oficial de Tango de Pista.<\/p>\n<p>La pareja ganadora obtendr\u00e1 el pase a la semifinal del Mundial de Tango. Tambi\u00e9n se realizar\u00e1n competencias en las categor\u00edas no oficiales de Vals y Milonga; adem\u00e1s, habr\u00e1 conciertos y milongas.<\/p>\n<p>Ya se realizaron preliminares clasificatorias en las ciudades de Tandil, Azul, Pinamar y Villa Gesell, provincia de Buenos Aires; Marcos Ju\u00e1rez, C\u00f3rdoba; General Roca, R\u00edo Negro, Tucum\u00e1n, Comodoro Rivadavia, Chubut; Luj\u00e1n de Cuyo, Mendoza; Santa Fe y Villa Constituci\u00f3n, Santa Fe; y Resistencia, Chaco; y la pr\u00f3xima ser\u00e1 en Potrero de los Funes, San Luis<strong>(VW)<\/strong>.<\/p>\n","protected":false},"excerpt":{"rendered":"<p>Ya se realizaron preliminares clasificatorias en las ciudades de Tandil, Azul, Pinamar y Villa Gesell, provincia de Buenos Aires.<\/p>\n","protected":false},"author":3,"featured_media":7033,"comment_status":"closed","ping_status":"closed","sticky":false,"template":"","format":"standard","meta":{"_monsterinsights_skip_tracking":false,"_monsterinsights_sitenote_active":false,"_monsterinsights_sitenote_note":"","_monsterinsights_sitenote_category":0,"footnotes":""},"categories":[1822],"tags":[1141,19,2880,2881],"class_list":["post-7032","post","type-post","status-publish","format-standard","has-post-thumbnail","hentry","category-internacionales","tag-centro-comercial","tag-lanus","tag-sede","tag-tango"],"_links":{"self":[{"href":"https:\/\/www.visionweb.com.ar\/index.php?rest_route=\/wp\/v2\/posts\/7032","targetHints":{"allow":["GET"]}}],"collection":[{"href":"https:\/\/www.visionweb.com.ar\/index.php?rest_route=\/wp\/v2\/posts"}],"about":[{"href":"https:\/\/www.visionweb.com.ar\/index.php?rest_route=\/wp\/v2\/types\/post"}],"author":[{"embeddable":true,"href":"https:\/\/www.visionweb.com.ar\/index.php?rest_route=\/wp\/v2\/users\/3"}],"replies":[{"embeddable":true,"href":"https:\/\/www.visionweb.com.ar\/index.php?rest_route=%2Fwp%2Fv2%2Fcomments&post=7032"}],"version-history":[{"count":1,"href":"https:\/\/www.visionweb.com.ar\/index.php?rest_route=\/wp\/v2\/posts\/7032\/revisions"}],"predecessor-version":[{"id":7034,"href":"https:\/\/www.visionweb.com.ar\/index.php?rest_route=\/wp\/v2\/posts\/7032\/revisions\/7034"}],"wp:featuredmedia":[{"embeddable":true,"href":"https:\/\/www.visionweb.com.ar\/index.php?rest_route=\/wp\/v2\/media\/7033"}],"wp:attachment":[{"href":"https:\/\/www.visionweb.com.ar\/index.php?rest_route=%2Fwp%2Fv2%2Fmedia&parent=7032"}],"wp:term":[{"taxonomy":"category","embeddable":true,"href":"https:\/\/www.visionweb.com.ar\/index.php?rest_route=%2Fwp%2Fv2%2Fcategories&post=7032"},{"taxonomy":"post_tag","embeddable":true,"href":"https:\/\/www.visionweb.com.ar\/index.php?rest_route=%2Fwp%2Fv2%2Ftags&post=7032"}],"curies":[{"name":"wp","href":"https:\/\/api.w.org\/{rel}","templated":true}]}}