{"id":7028,"date":"2022-08-25T13:53:34","date_gmt":"2022-08-25T16:53:34","guid":{"rendered":"https:\/\/www.visionweb.com.ar\/?p=7028"},"modified":"2022-08-25T13:53:34","modified_gmt":"2022-08-25T16:53:34","slug":"la-plata-el-museo-pettoruti-abre-una-muestra-para-celebrar-los-100-anos","status":"publish","type":"post","link":"https:\/\/www.visionweb.com.ar\/?p=7028","title":{"rendered":"La Plata: El Museo Pettoruti\u00a0abre una muestra para celebrar los 100 a\u00f1os"},"content":{"rendered":"<p><em><strong>Este s\u00e1bado iniciar\u00e1 la muestra \u00abSudoestada\u00bb, donde participar\u00e1n m\u00e1s de 30 artistas de toda la provincia de Buenos Aires, \u201ccelebrar\u00e1n la b\u00fasqueda de un Museo cada vez m\u00e1s bonaerense\u201d.<\/strong><\/em><!--more--><\/p>\n<p><strong>\u00a0\u00a0\u00a0\u00a0\u00a0\u00a0\u00a0\u00a0 <img loading=\"lazy\" decoding=\"async\" class=\"size-full wp-image-7030 aligncenter\" src=\"https:\/\/www.visionweb.com.ar\/wp-content\/uploads\/2022\/08\/museo-Pettoruti.bmp\" alt=\"\" width=\"521\" height=\"520\" \/>\u00a0\u00a0\u00a0\u00a0\u00a0\u00a0\u00a0\u00a0 E<\/strong>l <strong>Museo<\/strong> <strong>Provincial de Bellas Artes Emilio Pettoruti<\/strong>\u00a0cumple 100 a\u00f1os y lo celebrar\u00e1 junto a artistas bonaerenses. \u00abSudoestada\u00bb ser\u00e1 la muestra que se podr\u00e1 disfrutar este fin de semana donde participar\u00e1n artistas de toda la provincia de Buenos Aires.<\/p>\n<p>La inauguraci\u00f3n de la muestra \u00abSudoestada\u00bb se realizar\u00e1 el pr\u00f3ximo s\u00e1bado 27 de agosto a las 19, en la sede del Museo, ubicado en Av. 51 N\u00ba 525 La Plata. Y estar\u00e1 compuesta por las <strong>obras de artistas de Azul, Benito Ju\u00e1rez, Jun\u00edn, La Plata, Lan\u00fas, Merlo, Moreno, Munro, Olavarr\u00eda, Olivos, Pehuaj\u00f3, Tandil y Tigre, adem\u00e1s de obras de artistas de CABA, Bariloche (RN) y Resistencia (Chaco)<\/strong>.<\/p>\n<p>A trav\u00e9s de sus redes sociales el Museo, invit\u00f3: \u201cQu\u00e9 mejor que seguir festejando los 100 a\u00f1os del Museo con una exposici\u00f3n que celebre la diversidad de quienes habitan la provincia de Buenos Aires, que sea como un ventarr\u00f3n dulce y contundente que llegue desde la espalda y el sur de ese R\u00edo de la Plata que desemboca y nos lleva y nos trae a los centros del mundo? \u00bfQu\u00e9 mejor que festejar en un museo que desea y cobija comunidades otras, que se piensa en t\u00e9rminos afectivos y banca las preguntas habitando disonancias y contrapuntos como modo de construir relatos reparadores y amorosos?<\/p>\n<p>El evento cuenta con la curadur\u00eda de <strong>Kekena Corval\u00e1n, Karina Ruiz y Luc\u00eda Engert<\/strong>, y\u00a0<strong>tendr\u00e1 la participaci\u00f3n de m\u00e1s de treinta artistas<\/strong><strong>, que<\/strong><strong>\u00a0<\/strong>celebran la b\u00fasqueda de un Museo cada vez m\u00e1s bonaerense.<\/p>\n<p>Entre ellos: Ana Valle, Camila Barcellone, Jazm\u00edn Koimara Cremona, Mar\u00eda Laura Roth, Marina Curci, Mart\u00edn Zinclair, Melisa Sotelo, Moni Paulino y Vale Per Se.<\/p>\n<p>Para hablar de <strong>la creaci\u00f3n<\/strong> del Museo de Bellas Artes Pettoruti, hay que situarse en la d\u00e9cada de 1920, cuando se fund\u00f3 en la ciudad de La Plata el C\u00edrculo de Bellas Artes, integrado por artistas y amantes de las artes pl\u00e1sticas. Bajo la presidencia del doctor Ernesto Rivarola, este organismo promovi\u00f3 la creaci\u00f3n de un Museo de Bellas Artes.<\/p>\n<p><strong>En sus inicios fue dirigido por Ernestina Rivademar<\/strong><strong>,<\/strong> se inaugur\u00f3 el 29 de abril de 1922\u00a0y se situ\u00f3 de forma provisoria en el hoy desaparecido edificio del diario Buenos Aires, en la Av. 51 N\u00ba 777.<\/p>\n<p>Su patrimonio inicial estaba constituido por la Colecci\u00f3n del Gobierno de la Provincia, que contaba con 4 obras, y por la Colecci\u00f3n Juan Benito Sosa, donada por el coleccionista en el a\u00f1o 1877 al Gobierno de la Provincia de Buenos Aires.<\/p>\n<p>Estas primeras obras fueron cedidas con la condici\u00f3n de que sirvieran de base para la futura creaci\u00f3n de un museo p\u00fablico de arte integrado por \u00f3leos coleccionados entre 1865 y 1877.<\/p>\n<p>Para Conocer m\u00e1s de su historia clic\u00a0<a href=\"https:\/\/www.gba.gob.ar\/museo_pettoruti\/historia\">ac\u00e1<\/a>. <strong>(VW)<\/strong><\/p>\n","protected":false},"excerpt":{"rendered":"<p>Este s\u00e1bado iniciar\u00e1 la muestra \u00abSudoestada\u00bb, donde participar\u00e1n m\u00e1s de 30 artistas de toda la provincia de Buenos Aires, \u201ccelebrar\u00e1n la b\u00fasqueda de un Museo cada vez m\u00e1s bonaerense\u201d.<\/p>\n","protected":false},"author":4,"featured_media":7030,"comment_status":"closed","ping_status":"closed","sticky":false,"template":"","format":"standard","meta":{"_monsterinsights_skip_tracking":false,"_monsterinsights_sitenote_active":false,"_monsterinsights_sitenote_note":"","_monsterinsights_sitenote_category":0,"footnotes":""},"categories":[3,7],"tags":[2879,95,2878,2877],"class_list":["post-7028","post","type-post","status-publish","format-standard","has-post-thumbnail","hentry","category-actualidad","category-educacion-y-cultura","tag-artistas-provincia","tag-la-plata","tag-muestra-sudoestada","tag-museo-pettoruti"],"_links":{"self":[{"href":"https:\/\/www.visionweb.com.ar\/index.php?rest_route=\/wp\/v2\/posts\/7028","targetHints":{"allow":["GET"]}}],"collection":[{"href":"https:\/\/www.visionweb.com.ar\/index.php?rest_route=\/wp\/v2\/posts"}],"about":[{"href":"https:\/\/www.visionweb.com.ar\/index.php?rest_route=\/wp\/v2\/types\/post"}],"author":[{"embeddable":true,"href":"https:\/\/www.visionweb.com.ar\/index.php?rest_route=\/wp\/v2\/users\/4"}],"replies":[{"embeddable":true,"href":"https:\/\/www.visionweb.com.ar\/index.php?rest_route=%2Fwp%2Fv2%2Fcomments&post=7028"}],"version-history":[{"count":2,"href":"https:\/\/www.visionweb.com.ar\/index.php?rest_route=\/wp\/v2\/posts\/7028\/revisions"}],"predecessor-version":[{"id":7031,"href":"https:\/\/www.visionweb.com.ar\/index.php?rest_route=\/wp\/v2\/posts\/7028\/revisions\/7031"}],"wp:featuredmedia":[{"embeddable":true,"href":"https:\/\/www.visionweb.com.ar\/index.php?rest_route=\/wp\/v2\/media\/7030"}],"wp:attachment":[{"href":"https:\/\/www.visionweb.com.ar\/index.php?rest_route=%2Fwp%2Fv2%2Fmedia&parent=7028"}],"wp:term":[{"taxonomy":"category","embeddable":true,"href":"https:\/\/www.visionweb.com.ar\/index.php?rest_route=%2Fwp%2Fv2%2Fcategories&post=7028"},{"taxonomy":"post_tag","embeddable":true,"href":"https:\/\/www.visionweb.com.ar\/index.php?rest_route=%2Fwp%2Fv2%2Ftags&post=7028"}],"curies":[{"name":"wp","href":"https:\/\/api.w.org\/{rel}","templated":true}]}}