{"id":7023,"date":"2022-08-25T11:37:22","date_gmt":"2022-08-25T14:37:22","guid":{"rendered":"https:\/\/www.visionweb.com.ar\/?p=7023"},"modified":"2022-08-25T11:37:22","modified_gmt":"2022-08-25T14:37:22","slug":"manes-en-un-pais-con-tanta-desigualdad-recortar-presupuesto-en-salud-y-educacion-es-inmoral","status":"publish","type":"post","link":"https:\/\/www.visionweb.com.ar\/?p=7023","title":{"rendered":"Manes: \u201cEn un pa\u00eds con tanta desigualdad, recortar presupuesto en salud y educaci\u00f3n es inmoral\u201d"},"content":{"rendered":"<p><em><strong>En su visita a La Pampa, Manes dijo que deber\u00edan \u201celiminar gastos desmentidos del sistema pol\u00edtico\u201d. Y agreg\u00f3 que \u201cel gobierno nacional s\u00f3lo habla sobre el juicio por corrupci\u00f3n en la obra p\u00fablica que involucra a la vicepresidente\u201d.<\/strong><\/em><!--more--><\/p>\n<p><strong><img loading=\"lazy\" decoding=\"async\" class=\"size-medium wp-image-7025 alignright\" src=\"https:\/\/www.visionweb.com.ar\/wp-content\/uploads\/2022\/08\/Manes-en-la-pampa-1-300x180.jpg\" alt=\"\" width=\"300\" height=\"180\" srcset=\"https:\/\/www.visionweb.com.ar\/wp-content\/uploads\/2022\/08\/Manes-en-la-pampa-1-300x180.jpg 300w, https:\/\/www.visionweb.com.ar\/wp-content\/uploads\/2022\/08\/Manes-en-la-pampa-1.jpg 577w\" sizes=\"auto, (max-width: 300px) 100vw, 300px\" \/>E<\/strong>l diputado bonaerense y precandidato a la presidencia de la Naci\u00f3n por la Uni\u00f3n C\u00edvica Radical (UCR), Facundo Manes, cuestion\u00f3 los ajustes en gastos esenciales como los presupuestos de Salud y Educaci\u00f3n, una decisi\u00f3n que calific\u00f3 de <strong>\u201cinmoral\u201d<\/strong>. A la vez que direccion\u00f3: \u201cEn vez de eliminar partidas de la pol\u00edtica\u201d. El Gobierno \u201cno se est\u00e1 concentrando en los verdaderos problemas\u201d.<\/p>\n<p>Y subray\u00f3:\u00a0<strong>\u201cLos problemas de Cristina Fern\u00e1ndez de Kirchner se deben resolver en la justicia\u201d<\/strong><strong>.<\/strong><\/p>\n<p>\u201cMientras que el gobierno nacional s\u00f3lo habla sobre el juicio por corrupci\u00f3n en la obra p\u00fablica que involucra a la vicepresidente, el Ministerio de Econom\u00eda <strong>recorta los presupuestos de educaci\u00f3n y de salud<\/strong>, la inflaci\u00f3n persiste, la pobreza crece y\u00a0<strong>nadie se ocupa de los problemas de la sociedad que hoy se deben resolver con car\u00e1cter de urgencia<\/strong>\u201c, sostuvo el diputado bonaerense.<\/p>\n<p>En el marco de su gira nacional, durante si visita a Santa Rosa, La Pampa, critic\u00f3 ayer a la clase dirigente a la que inst\u00f3 a dedicar \u201cel cien por ciento de su tiempo a generar respuestas concretas a las necesidades de la poblaci\u00f3n\u201d.<\/p>\n<p><a href=\"https:\/\/www.visionweb.com.ar\/wp-content\/uploads\/2022\/08\/manes-en-la-pampa-2.bmp\"><img loading=\"lazy\" decoding=\"async\" class=\"size-full wp-image-7026 aligncenter\" src=\"https:\/\/www.visionweb.com.ar\/wp-content\/uploads\/2022\/08\/manes-en-la-pampa-2.bmp\" alt=\"\" width=\"643\" height=\"376\" \/><\/a>\u201c<strong>La clase dirigente no se est\u00e1 concentrando en los verdaderos problemas que tienen los argentinos<\/strong>\u201d, sentenci\u00f3 Manes.<\/p>\n<p>Y agreg\u00f3: \u201cMe indigna, me da mucha bronca que en un pa\u00eds en el que\u00a0<strong>m\u00e1s de la mitad de las chicas y chicos menores de 14 a\u00f1os viven en hogares pobres<\/strong>, se desperdicie tanto dinero en gastos superfluos. Deber\u00edamos eliminarlos en vez de recortar gastos en salud y educaci\u00f3n\u201d, dijo en referencia a \u201clos gastos desmentidos del sistema pol\u00edtico\u201d.<\/p>\n<p>\u201cMe enoja que el <strong>sistema educativo<\/strong> empeore cada d\u00eda m\u00e1s, que <strong>cada vez se le destine menos dinero<\/strong>. Me preocupa el futuro que le dejaremos a nuestros hijos si no logramos revertir la situaci\u00f3n porque si de algo estoy convencido es\u00a0<strong>la inversi\u00f3n en conocimiento es la clave para el crecimiento, el desarrollo y la modernidad<\/strong>\u201d, puso de relieve Manes en su visita a La Pampa. <strong>(VW)<\/strong><\/p>\n<p>&nbsp;<\/p>\n","protected":false},"excerpt":{"rendered":"<p>En su visita a La Pampa, Manes dijo que deber\u00edan \u201celiminar gastos desmentidos del sistema pol\u00edtico\u201d. Y agreg\u00f3 que \u201cel gobierno nacional s\u00f3lo habla sobre el juicio por corrupci\u00f3n en la obra p\u00fablica que&#46;&#46;&#46;<\/p>\n","protected":false},"author":4,"featured_media":7026,"comment_status":"closed","ping_status":"closed","sticky":false,"template":"","format":"standard","meta":{"_monsterinsights_skip_tracking":false,"_monsterinsights_sitenote_active":false,"_monsterinsights_sitenote_note":"","_monsterinsights_sitenote_category":0,"footnotes":""},"categories":[4],"tags":[379,963,2876,551],"class_list":["post-7023","post","type-post","status-publish","format-standard","has-post-thumbnail","hentry","category-politica","tag-la-pampa","tag-manes","tag-recortes-educacion","tag-ucr"],"_links":{"self":[{"href":"https:\/\/www.visionweb.com.ar\/index.php?rest_route=\/wp\/v2\/posts\/7023","targetHints":{"allow":["GET"]}}],"collection":[{"href":"https:\/\/www.visionweb.com.ar\/index.php?rest_route=\/wp\/v2\/posts"}],"about":[{"href":"https:\/\/www.visionweb.com.ar\/index.php?rest_route=\/wp\/v2\/types\/post"}],"author":[{"embeddable":true,"href":"https:\/\/www.visionweb.com.ar\/index.php?rest_route=\/wp\/v2\/users\/4"}],"replies":[{"embeddable":true,"href":"https:\/\/www.visionweb.com.ar\/index.php?rest_route=%2Fwp%2Fv2%2Fcomments&post=7023"}],"version-history":[{"count":2,"href":"https:\/\/www.visionweb.com.ar\/index.php?rest_route=\/wp\/v2\/posts\/7023\/revisions"}],"predecessor-version":[{"id":7027,"href":"https:\/\/www.visionweb.com.ar\/index.php?rest_route=\/wp\/v2\/posts\/7023\/revisions\/7027"}],"wp:featuredmedia":[{"embeddable":true,"href":"https:\/\/www.visionweb.com.ar\/index.php?rest_route=\/wp\/v2\/media\/7026"}],"wp:attachment":[{"href":"https:\/\/www.visionweb.com.ar\/index.php?rest_route=%2Fwp%2Fv2%2Fmedia&parent=7023"}],"wp:term":[{"taxonomy":"category","embeddable":true,"href":"https:\/\/www.visionweb.com.ar\/index.php?rest_route=%2Fwp%2Fv2%2Fcategories&post=7023"},{"taxonomy":"post_tag","embeddable":true,"href":"https:\/\/www.visionweb.com.ar\/index.php?rest_route=%2Fwp%2Fv2%2Ftags&post=7023"}],"curies":[{"name":"wp","href":"https:\/\/api.w.org\/{rel}","templated":true}]}}