{"id":6998,"date":"2022-08-23T14:06:31","date_gmt":"2022-08-23T17:06:31","guid":{"rendered":"https:\/\/www.visionweb.com.ar\/?p=6998"},"modified":"2022-08-23T14:06:31","modified_gmt":"2022-08-23T17:06:31","slug":"salario-minimo-en-septiembre-sera-de-51-200-con-el-7","status":"publish","type":"post","link":"https:\/\/www.visionweb.com.ar\/?p=6998","title":{"rendered":"Salario m\u00ednimo: En septiembre ser\u00e1 de $51.200, con el 7%"},"content":{"rendered":"<p><em><strong>Acordaron una suba del 21% en 3 cuotas. En noviembre alcanzar\u00e1 apenas a $ 57.900.<\/strong><\/em><!--more--><\/p>\n<p><strong> <img loading=\"lazy\" decoding=\"async\" class=\"size-full wp-image-7000 alignright\" src=\"https:\/\/www.visionweb.com.ar\/wp-content\/uploads\/2022\/08\/salario-minimo2022.bmp\" alt=\"\" width=\"378\" height=\"439\" \/>E<\/strong>l Consejo del Salario defini\u00f3 anoche que el salario m\u00ednimo se ir\u00e1 <strong>a<\/strong><strong> $ 51.200 en septiembre<\/strong>, $ 54.550 en octubre y a $ 57.900 en noviembre, mes en el que habr\u00e1 otra revisi\u00f3n.<\/p>\n<p>A partir de los $ 47.850 actuales, habr\u00e1\u00a0una suba de 21 por ciento mensual hasta noviembre, a raz\u00f3n de <strong>tres subas de 7 por ciento<\/strong>, que se suma al incremento de 45 puntos establecido en marzo pasado.<\/p>\n<p>Ambos aumentos acumuladas, se encuentran\u00a0<strong>muy lejos de los pedidos gremiales <\/strong>que buscaban un piso de $ 70.000, aunque desde la CTA Aut\u00f3noma ped\u00edan que igualara la Canasta B\u00e1sica Total fija da para julio por el INDEC en m\u00e1s de $111.000.<\/p>\n<p>El nuevo piso salarial fija el monto de las\u00a0<strong>prestaciones por desempleo<\/strong><strong>\u00a0<\/strong>y sirve como referencia adem\u00e1s, para actualizar planes sociales.<\/p>\n<p>Pese a estos n\u00fameros generales, esta suba\u00a0<strong>no alcanza a empleados municipales, peones rurales y empleadas dom\u00e9sticas<\/strong>.<\/p>\n<p>En el encuentro virtual de la sesi\u00f3n plenaria del Consejo del Salario M\u00ednimo, Vital y M\u00f3vil, participaron representantes de la CGT, la CTA Aut\u00f3noma y de la CTA de los Trabajadores, la UIA, CAME, ADEBA, Bolsa de Comercio, CONINAGRO, UTEP, FAUPPA, y del Ministerio de Econom\u00eda.<\/p>\n<p>La votaci\u00f3n del nuevo m\u00ednimo, result\u00f3 de la siguiente manera:\u00a030 votos positivos; la\u00a0abstenci\u00f3n, de Hugo Yasky, secretario general de la CTA de los Trabajadores, y el\u00a0voto negativo de Ricardo Peidr\u00f3, secretario General de la CTA Aut\u00f3noma. <strong>(VW)<\/strong><\/p>\n<p>&nbsp;<\/p>\n","protected":false},"excerpt":{"rendered":"<p>Acordaron una suba del 21% en 3 cuotas. En noviembre alcanzar\u00e1 apenas a $ 57.900.<\/p>\n","protected":false},"author":4,"featured_media":7000,"comment_status":"closed","ping_status":"closed","sticky":false,"template":"","format":"standard","meta":{"_monsterinsights_skip_tracking":false,"_monsterinsights_sitenote_active":false,"_monsterinsights_sitenote_note":"","_monsterinsights_sitenote_category":0,"footnotes":""},"categories":[6,5],"tags":[2867,718,2866],"class_list":["post-6998","post","type-post","status-publish","format-standard","has-post-thumbnail","hentry","category-economia","category-sociedad","tag-consejo-del-salario","tag-salario-minimo-vital-y-movil","tag-suba-del-21-desde-septiembre"],"_links":{"self":[{"href":"https:\/\/www.visionweb.com.ar\/index.php?rest_route=\/wp\/v2\/posts\/6998","targetHints":{"allow":["GET"]}}],"collection":[{"href":"https:\/\/www.visionweb.com.ar\/index.php?rest_route=\/wp\/v2\/posts"}],"about":[{"href":"https:\/\/www.visionweb.com.ar\/index.php?rest_route=\/wp\/v2\/types\/post"}],"author":[{"embeddable":true,"href":"https:\/\/www.visionweb.com.ar\/index.php?rest_route=\/wp\/v2\/users\/4"}],"replies":[{"embeddable":true,"href":"https:\/\/www.visionweb.com.ar\/index.php?rest_route=%2Fwp%2Fv2%2Fcomments&post=6998"}],"version-history":[{"count":2,"href":"https:\/\/www.visionweb.com.ar\/index.php?rest_route=\/wp\/v2\/posts\/6998\/revisions"}],"predecessor-version":[{"id":7001,"href":"https:\/\/www.visionweb.com.ar\/index.php?rest_route=\/wp\/v2\/posts\/6998\/revisions\/7001"}],"wp:featuredmedia":[{"embeddable":true,"href":"https:\/\/www.visionweb.com.ar\/index.php?rest_route=\/wp\/v2\/media\/7000"}],"wp:attachment":[{"href":"https:\/\/www.visionweb.com.ar\/index.php?rest_route=%2Fwp%2Fv2%2Fmedia&parent=6998"}],"wp:term":[{"taxonomy":"category","embeddable":true,"href":"https:\/\/www.visionweb.com.ar\/index.php?rest_route=%2Fwp%2Fv2%2Fcategories&post=6998"},{"taxonomy":"post_tag","embeddable":true,"href":"https:\/\/www.visionweb.com.ar\/index.php?rest_route=%2Fwp%2Fv2%2Ftags&post=6998"}],"curies":[{"name":"wp","href":"https:\/\/api.w.org\/{rel}","templated":true}]}}