{"id":6990,"date":"2022-08-23T12:14:49","date_gmt":"2022-08-23T15:14:49","guid":{"rendered":"https:\/\/www.visionweb.com.ar\/?p=6990"},"modified":"2022-08-23T12:14:49","modified_gmt":"2022-08-23T15:14:49","slug":"abrio-la-inscripcion-al-concurso-de-letras-2022","status":"publish","type":"post","link":"https:\/\/www.visionweb.com.ar\/?p=6990","title":{"rendered":"Abri\u00f3 la inscripci\u00f3n al Concurso de Letras 2022"},"content":{"rendered":"<p><em><strong>El primer premio es de $250.000. La inscripci\u00f3n es hasta<\/strong> <strong>el 13 de septiembre, podr\u00e1n presentarse escritores e ilustradores. Se premian obras de todo el pa\u00eds.<\/strong><\/em><!--more--><\/p>\n<p><img loading=\"lazy\" decoding=\"async\" class=\"size-full wp-image-6992 aligncenter\" src=\"https:\/\/www.visionweb.com.ar\/wp-content\/uploads\/2022\/08\/consurso-de-letras.bmp\" alt=\"\" width=\"408\" height=\"535\" \/><strong>El<\/strong>\u00a0Fondo Nacional de las Artes\u00a0anunci\u00f3 la apertura del\u00a0<strong>Concurso de Letras<\/strong>, en las categor\u00edas<strong> Cuento, Novela, Novela Gr\u00e1fica, Poes\u00eda y Ensayo\/No Ficci\u00f3n<\/strong>, con el foco puesto en promover la creaci\u00f3n literaria en todo el pa\u00eds. Hay tres premios por cada categor\u00eda, de\u00a0<strong>$250.000 pesos<\/strong>\u00a0para los ganadores.<\/p>\n<p>Pueden participar escritores e ilustradores<strong>\u00a0<\/strong>argentinos y extranjeros mayores de 18 a\u00f1os\u00a0que residan legalmente en el pa\u00eds.<\/p>\n<p>La inscripci\u00f3n comienza hoy y se mantendr\u00e1 abierta del\u00a0<strong>23 de agosto<\/strong>\u00a0al <strong>13 de septiembre<\/strong>\u00a0\u00fanicamente\u00a0<a href=\"https:\/\/app.fnartes.gob.ar\/ingresar\">a trav\u00e9s de la web<\/a>.<\/p>\n<p>Las categor\u00edas dispuestas son Cuento, Novela, Novela Gr\u00e1fica, Poes\u00eda y Ensayo\/No Ficci\u00f3n. Esta \u00faltima, a su vez, incluye obras inscriptas en el g\u00e9nero de Ensayo literario, Cr\u00f3nica, Biograf\u00edas, Memorias o Reportajes.<\/p>\n<p><strong>Por cada categor\u00eda hay tres premios:\u00a0$250.000 (Primer Premio)<\/strong>,\u00a0<strong>$200.000 (Segundo Premio)<\/strong>,\u00a0<strong>$150.000 (Tercer Premio)<\/strong>.<\/p>\n<p>Las obras, en tanto, pueden ser de\u00a0<strong>autor\u00eda compartida<\/strong>, pero no se aceptan creaciones colectivas, compilaciones, ni trabajos creados por m\u00e1s de dos autores.<\/p>\n<p>Cada participante puede presentar una \u00fanica obra por g\u00e9nero, que debe ser in\u00e9dita y en idioma espa\u00f1ol. No tiene que haber sido publicada en ning\u00fan medio f\u00edsico o virtual ni haber recibido otros premios nacionales o internacionales anteriormente.<\/p>\n<p>Asimismo, se entrega en formato PDF y lleva por nombre el seud\u00f3nimo del autor y el t\u00edtulo de la obra, incluyendo una car\u00e1tula con ambos datos.<\/p>\n<p>Si es de texto, va en hoja tama\u00f1o carta o A4 doble espacio con tama\u00f1o de letra doce y tipograf\u00eda est\u00e1ndar (Arial, Times New Roman, Verdana o similar). Si es gr\u00e1fica, en hojas con orientaci\u00f3n vertical u horizontal.<\/p>\n<p>Cabe remarcar, que quedan excluidos el personal del FNA y sus familiares, los ganadores del Concurso de Letras 2021 y beneficiarios de otras convocatorias pasadas \u00abque no hayan cumplido con los compromisos asumidos\u00bb.<\/p>\n<p>La evaluaci\u00f3n del concurso estar\u00e1 a cargo de un Jurado integrado por <strong>Miguel \u00c1ngel Vitagliano<\/strong>,\u00a0<strong>Edgardo Patricio Scott<\/strong>\u00a0y\u00a0<strong>Luisa Valenzuela<\/strong>(Novela);\u00a0<strong>Alejandra Kamiya<\/strong>,\u00a0<strong>Marcos Herrera<\/strong>,\u00a0<strong>Horacio Fiebelkorn<\/strong>(Cuento);\u00a0<strong>Paula Jimenez<\/strong>,\u00a0<strong>Valeria Pariso<\/strong>\u00a0y\u00a0<strong>Silvana Franzetti<\/strong>\u00a0(Poes\u00eda);<strong>Paula P\u00e9rez Alonso<\/strong>,\u00a0<strong>Teresa Arij\u00f3n<\/strong>\u00a0y\u00a0<strong>Flavia Costa<\/strong>\u00a0(Ensayo\/No Ficci\u00f3n) y<strong>Diego Agrimbau<\/strong>,\u00a0<strong>Dolores Alcatena<\/strong>\u00a0y\u00a0<strong>Gato Fern\u00e1ndez<\/strong>\u00a0(Novela Gr\u00e1fica).<\/p>\n<p>En el siguiente link se puede consultar\u00a0<u><a href=\"https:\/\/fnartes.gob.ar\/concursos\/concurso-de-letras-2022\">reglamento y preguntas frecuentes<\/a><\/u>. <strong>(VW)<\/strong><\/p>\n<p>&nbsp;<\/p>\n","protected":false},"excerpt":{"rendered":"<p>El primer premio es de $250.000. La inscripci\u00f3n es hasta el 13 de septiembre, podr\u00e1n presentarse escritores e ilustradores. Se premian obras de todo el pa\u00eds.<\/p>\n","protected":false},"author":4,"featured_media":6992,"comment_status":"closed","ping_status":"closed","sticky":false,"template":"","format":"standard","meta":{"_monsterinsights_skip_tracking":false,"_monsterinsights_sitenote_active":false,"_monsterinsights_sitenote_note":"","_monsterinsights_sitenote_category":0,"footnotes":""},"categories":[7,8],"tags":[2862,2863,850],"class_list":["post-6990","post","type-post","status-publish","format-standard","has-post-thumbnail","hentry","category-educacion-y-cultura","category-interes-general","tag-concurso-de-letras","tag-fondo-nacional-de-las-artes","tag-inscripcion"],"_links":{"self":[{"href":"https:\/\/www.visionweb.com.ar\/index.php?rest_route=\/wp\/v2\/posts\/6990","targetHints":{"allow":["GET"]}}],"collection":[{"href":"https:\/\/www.visionweb.com.ar\/index.php?rest_route=\/wp\/v2\/posts"}],"about":[{"href":"https:\/\/www.visionweb.com.ar\/index.php?rest_route=\/wp\/v2\/types\/post"}],"author":[{"embeddable":true,"href":"https:\/\/www.visionweb.com.ar\/index.php?rest_route=\/wp\/v2\/users\/4"}],"replies":[{"embeddable":true,"href":"https:\/\/www.visionweb.com.ar\/index.php?rest_route=%2Fwp%2Fv2%2Fcomments&post=6990"}],"version-history":[{"count":2,"href":"https:\/\/www.visionweb.com.ar\/index.php?rest_route=\/wp\/v2\/posts\/6990\/revisions"}],"predecessor-version":[{"id":6993,"href":"https:\/\/www.visionweb.com.ar\/index.php?rest_route=\/wp\/v2\/posts\/6990\/revisions\/6993"}],"wp:featuredmedia":[{"embeddable":true,"href":"https:\/\/www.visionweb.com.ar\/index.php?rest_route=\/wp\/v2\/media\/6992"}],"wp:attachment":[{"href":"https:\/\/www.visionweb.com.ar\/index.php?rest_route=%2Fwp%2Fv2%2Fmedia&parent=6990"}],"wp:term":[{"taxonomy":"category","embeddable":true,"href":"https:\/\/www.visionweb.com.ar\/index.php?rest_route=%2Fwp%2Fv2%2Fcategories&post=6990"},{"taxonomy":"post_tag","embeddable":true,"href":"https:\/\/www.visionweb.com.ar\/index.php?rest_route=%2Fwp%2Fv2%2Ftags&post=6990"}],"curies":[{"name":"wp","href":"https:\/\/api.w.org\/{rel}","templated":true}]}}