{"id":6983,"date":"2022-08-23T07:27:24","date_gmt":"2022-08-23T10:27:24","guid":{"rendered":"https:\/\/www.visionweb.com.ar\/?p=6983"},"modified":"2022-08-23T07:28:12","modified_gmt":"2022-08-23T10:28:12","slug":"amplian-la-planta-potabilizadora-general-belgrano","status":"publish","type":"post","link":"https:\/\/www.visionweb.com.ar\/?p=6983","title":{"rendered":"Ampl\u00edan la planta potabilizadora General Belgrano"},"content":{"rendered":"<p><em><strong>Las obras de ampliaci\u00f3n de la Planta Potabilizadora General Belgrano, tienen como objetivo elevar la capacidad de producci\u00f3n de agua de la Planta, de 1.950.000 m\u00b3\/d\u00eda a 2.950.000 m\u00b3\/d\u00eda.<\/strong><\/em><!--more--><\/p>\n<div id=\"attachment_6984\" style=\"width: 310px\" class=\"wp-caption alignright\"><img loading=\"lazy\" decoding=\"async\" aria-describedby=\"caption-attachment-6984\" class=\"wp-image-6984 size-medium\" src=\"https:\/\/www.visionweb.com.ar\/wp-content\/uploads\/2022\/08\/GALMARINI--300x188.png\" alt=\"\" width=\"300\" height=\"188\" srcset=\"https:\/\/www.visionweb.com.ar\/wp-content\/uploads\/2022\/08\/GALMARINI--300x188.png 300w, https:\/\/www.visionweb.com.ar\/wp-content\/uploads\/2022\/08\/GALMARINI--768x482.png 768w, https:\/\/www.visionweb.com.ar\/wp-content\/uploads\/2022\/08\/GALMARINI-.png 800w\" sizes=\"auto, (max-width: 300px) 100vw, 300px\" \/><p id=\"caption-attachment-6984\" class=\"wp-caption-text\"><em><strong>Las obras de ampliaci\u00f3n de la Planta Potabilizadora permitir\u00e1 incrementar el volumen de agua producido para el sur del GBA. (Imagen: AySA)<\/strong><\/em><\/p><\/div>\n<p><em><strong>La Presidenta de AySA, Malena Galmarini encabez\u00f3 una reuni\u00f3n junto<\/strong><\/em> al presidente ejecutivo del Banco de Desarrollo de Am\u00e9rica Latina (CAF) Sergio D\u00edaz Granados, su vicepresidente Christian Asinelli, y una comitiva de funcionarios de la CAF e intendentes del Conurbano bonaerense, en el predio donde se\u00a0 desarrollan la obra del Sistema Agua Sur (SAS), en la localidad de Bernal, Quilmes.<\/p>\n<p>La recorrida y posterior reuni\u00f3n se da luego de que la titular de AySA participara m\u00e1s temprano, junto al ministro de Economia Sergio Massa y otros funcionarios nacionales, de la firma de 6 convenios de pr\u00e9stamos por un valor de USD 740 millones, que CAF le desembolsar\u00e1 a la Argentina para obras de infraestructura y asistencia de programas econ\u00f3micos y sociales, de los cu\u00e1les USD 340 millones el MOP ejecutar\u00e1 a trav\u00e9s de AySA.<\/p>\n<p>Tras el encuentro Malena Galmarini declar\u00f3: \u201cEstamos muy contentos y emocionados por c\u00f3mo viene avanzando la obra. Es una obra que lleva USD 1007 millones,\u00a0que comenz\u00f3 en 2017, en 2018 comenz\u00f3 la obra f\u00edsica y todo 2019 estuvo paralizada y cuando llegamos la encontramos en malas condiciones. Esta es la ampliaci\u00f3n de la Planta Potabilizadora Gral. Belgrano en 1 mill\u00f3n de metros c\u00fabicos m\u00e1s por d\u00eda, la ampliaci\u00f3n en unos 500 o 600 mts de la toma en el r\u00edo. Por otra parte un r\u00edo subterr\u00e1neo en dos tramos del cual ya tenemos construidos 6,5 km del primero y hoy terminamos de firmar entre el ministro de Econom\u00eda, Sergio Massa y el Presidente de CAF el tramo 2 para que llegue a m\u00e1s y m\u00e1s vecinas y vecinos\u201d.<\/p>\n<p>Dentro del convenio de financiamiento firmado con CAF se incluyen el tramo II del R\u00edo Subterr\u00e1neo de 23 km, y la \u00abEstaci\u00f3n Elevadora Esteban Echeverr\u00eda\u00bb, para garantizar el servicio de agua potable a 1.300.000 habitantes de Ezeiza, Esteban Echeverr\u00eda y la Matanza.<\/p>\n<p>La m\u00e1xima autoridad del organismo de financiamiento externo, Sergio Granados manifest\u00f3 \u201cEs una obra de las de mayor envergadura que est\u00e1 haciendo CAF en Am\u00e9rica Latina y el Caribe. Es una oportunidad enorme para cumplir con los ODS 2030. Quiero aprovechar esta oportunidad para agradecer a todos los trabajadores de AySA que durante d\u00eda y noche han puesto su esfuerzo para que esta obra haya logrado los avances que tiene y a quienes est\u00e1n trabajando en el t\u00fanel. Estamos muy contentos desde CAF\u201d.<\/p>\n<p>Las obras de ampliaci\u00f3n de la Planta Potabilizadora General Belgrano, tienen como objetivo elevar la capacidad de producci\u00f3n de agua de la Planta, de 1.950.000 m\u00b3\/d\u00eda a 2.950.000 m\u00b3\/d\u00eda, es decir incrementar su producci\u00f3n en 1.000.000 m\u00b3\/d\u00eda. Con la expansi\u00f3n del servicio se beneficiar\u00e1 a 2.500.000 habitantes de Quilmes, Lomas de Zamora, Esteban Echeverr\u00eda, Almirante Brown, Ezeiza y La Matanza y se generar\u00e1 empleo directo a 1.500 personas.<\/p>\n<p>\u201cHace m\u00e1s de un a\u00f1o vinimos a ver c\u00f3mo estaba avanzando la obra y un a\u00f1o despu\u00e9s constatamos que el avance es extraordinario.\u00a0 Queremos felicitar a las autoridades de AySA, a la Presidenta Malena Galmarini porque la verdad que lo que est\u00e1n haciendo con los recursos que son de todos los latinoamericanos y es realmente encomiable porque Argentina demuestra que puede hacer este tipo de obras\u201d, se\u00f1al\u00f3 por su parte Cristian Asinelli.<\/p>\n<p>De la visita tambi\u00e9n participaron el diputado provincial, Mariano Cascalleres, y las y los intendentes: Mayra Mendoza (Quilmes); Juan Fabiani (Almirante Brown); Andr\u00e9s Watson, (Florencio Varela) y Marina Lesci (Lomas de Zamora).<\/p>\n<p>Por su parte, la intendenta de Quilmes dijo: \u201cCuando vamos a los barrios y charlamos con los vecinos y las vecinas contamos de esta importante obra que se est\u00e1 haciendo a partir de la gesti\u00f3n de Malena Galmarini, al frente de la empresa, de este r\u00edo subterr\u00e1neo que va a tener muchos km, y que nos va a permitir extender las redes de agua y tener mayor presi\u00f3n, garantizando el derecho al agua potable a todos y a todas\u201d.<\/p>\n<p>En tanto el diputado Cascallares record\u00f3: \u201cEste trabajo que venimos haciendo con AySA, con Malena y con todo su equipo, y hoy con la inversi\u00f3n de la CAF que fortalece el esfuerzo que est\u00e1 haciendo el gobierno nacional va a implicar que adem\u00e1s de las plantas de \u00f3smosis inversa que fuimos haciendo en el municipio podamos tener una soluci\u00f3n definitiva a la necesidades de nuestra gente y eso para nosotros es una alegr\u00eda.\u201d<\/p>\n<p>Adem\u00e1s de las obras del SAS, el convenio contempla la construcci\u00f3n de la Planta de Tratamiento de Campo de Mayo que beneficiar\u00e1 en una primera etapa a 300.000 habitantes de los partidos de Malvinas Argentinas, Moreno, San Miguel, Tigre y Jos\u00e9 C. Paz.\u00a0Por \u00faltimo Galmarini destac\u00f3: \u201cQueremos agradecerle a los directivos de CAF. Por venir, por estar, por acercarse, por ver que est\u00e1 sucediendo con esos cr\u00e9ditos que ellos nos est\u00e1n dando que son tan importantes para tantas vecinas y vecinos de zona sur. Que vengan a visitarnos, que vean que esto avanza y que la postura de CAF sea \u2018en qu\u00e9 m\u00e1s podemos ayudar o que m\u00e1s es posible\u2019, para nosotros es un orgullo\u00bb.<\/p>\n<p>Tambi\u00e9n estuvieron presentes durante el encuentro la diputada nacional M\u00f3nica Litza, la representante de CAF en Argentina, Patricia Alborta y el gerente regional SUR, Jorge Srur; y por parte de AySA su Director General Operativo, Alberto Freire; el director General T\u00e9cnico Fernando Calatroni; el director General Administrativo, Patricio D\u2019angelo Campos y el Gerente del Sistema Agua Sur, Pablo Estigarrivia<strong>(VW)<\/strong>.<\/p>\n","protected":false},"excerpt":{"rendered":"<p>Las obras de ampliaci\u00f3n de la Planta Potabilizadora General Belgrano, tienen como objetivo elevar la capacidad de producci\u00f3n de agua de la Planta, de 1.950.000 m\u00b3\/d\u00eda a 2.950.000 m\u00b3\/d\u00eda.<\/p>\n","protected":false},"author":3,"featured_media":6984,"comment_status":"closed","ping_status":"closed","sticky":false,"template":"","format":"standard","meta":{"_monsterinsights_skip_tracking":false,"_monsterinsights_sitenote_active":false,"_monsterinsights_sitenote_note":"","_monsterinsights_sitenote_category":0,"footnotes":""},"categories":[8],"tags":[2859,787,2860,2861],"class_list":["post-6983","post","type-post","status-publish","format-standard","has-post-thumbnail","hentry","category-interes-general","tag-agua","tag-aysa","tag-bernal","tag-galamrini"],"_links":{"self":[{"href":"https:\/\/www.visionweb.com.ar\/index.php?rest_route=\/wp\/v2\/posts\/6983","targetHints":{"allow":["GET"]}}],"collection":[{"href":"https:\/\/www.visionweb.com.ar\/index.php?rest_route=\/wp\/v2\/posts"}],"about":[{"href":"https:\/\/www.visionweb.com.ar\/index.php?rest_route=\/wp\/v2\/types\/post"}],"author":[{"embeddable":true,"href":"https:\/\/www.visionweb.com.ar\/index.php?rest_route=\/wp\/v2\/users\/3"}],"replies":[{"embeddable":true,"href":"https:\/\/www.visionweb.com.ar\/index.php?rest_route=%2Fwp%2Fv2%2Fcomments&post=6983"}],"version-history":[{"count":2,"href":"https:\/\/www.visionweb.com.ar\/index.php?rest_route=\/wp\/v2\/posts\/6983\/revisions"}],"predecessor-version":[{"id":6986,"href":"https:\/\/www.visionweb.com.ar\/index.php?rest_route=\/wp\/v2\/posts\/6983\/revisions\/6986"}],"wp:featuredmedia":[{"embeddable":true,"href":"https:\/\/www.visionweb.com.ar\/index.php?rest_route=\/wp\/v2\/media\/6984"}],"wp:attachment":[{"href":"https:\/\/www.visionweb.com.ar\/index.php?rest_route=%2Fwp%2Fv2%2Fmedia&parent=6983"}],"wp:term":[{"taxonomy":"category","embeddable":true,"href":"https:\/\/www.visionweb.com.ar\/index.php?rest_route=%2Fwp%2Fv2%2Fcategories&post=6983"},{"taxonomy":"post_tag","embeddable":true,"href":"https:\/\/www.visionweb.com.ar\/index.php?rest_route=%2Fwp%2Fv2%2Ftags&post=6983"}],"curies":[{"name":"wp","href":"https:\/\/api.w.org\/{rel}","templated":true}]}}