{"id":6976,"date":"2022-08-22T13:08:30","date_gmt":"2022-08-22T16:08:30","guid":{"rendered":"https:\/\/www.visionweb.com.ar\/?p=6976"},"modified":"2022-08-22T13:08:30","modified_gmt":"2022-08-22T16:08:30","slug":"estatales-bonaerenses-recibiran-sumas-fijas-para-reposicionar-los-salarios","status":"publish","type":"post","link":"https:\/\/www.visionweb.com.ar\/?p=6976","title":{"rendered":"Estatales bonaerenses recibir\u00e1n sumas fijas para reposicionar los salarios"},"content":{"rendered":"<p><em><strong>El gobernador Kicillof propuso a los estatales bonaerenses incrementar los salarios con sumas fijas.Los gremios se oponen a la iniciativa.<\/strong><\/em><!--more--><\/p>\n<div id=\"attachment_6977\" style=\"width: 310px\" class=\"wp-caption alignright\"><img loading=\"lazy\" decoding=\"async\" aria-describedby=\"caption-attachment-6977\" class=\"wp-image-6977 size-medium\" src=\"https:\/\/www.visionweb.com.ar\/wp-content\/uploads\/2022\/08\/ESTATALES-PIDEN-REABRIR-LAS-PARITARIAS-CADA-TRES-MESES-300x169.png\" alt=\"\" width=\"300\" height=\"169\" srcset=\"https:\/\/www.visionweb.com.ar\/wp-content\/uploads\/2022\/08\/ESTATALES-PIDEN-REABRIR-LAS-PARITARIAS-CADA-TRES-MESES-300x169.png 300w, https:\/\/www.visionweb.com.ar\/wp-content\/uploads\/2022\/08\/ESTATALES-PIDEN-REABRIR-LAS-PARITARIAS-CADA-TRES-MESES.png 640w\" sizes=\"auto, (max-width: 300px) 100vw, 300px\" \/><p id=\"caption-attachment-6977\" class=\"wp-caption-text\"><em><strong>Estatales bonaerenses piden abrir paritarias cada tres meses (Foto: Archivo VW) <\/strong><\/em><\/p><\/div>\n<p><strong>E<\/strong>l gobernador Axel Kicillof calific\u00f3 como positiva\u00a0 la metodolog\u00eda para recuperar salario. En medio de las negociaciones, los sindicatos bonaerenses salieron a opinar del tema con diversos matices.<\/p>\n<p>El mandatario bonaerense calific\u00f3 como positivo el otorgamiento de sumas fijas como un formato para recuperar salario calific\u00f3.<\/p>\n<p>Los comentarios se conocieron durante\u00a0 el \u00faltimo fin de semana, pero con miradas dispares, distintos gremios provinciales que representan a sectores estatales salieron a opinar sobre esta metodolog\u00eda.<\/p>\n<p>Tras recibir a los gremios (docentes, estatales de la ley 10.430 y judiciales) la semana pasada y confirmar la llegada de Walter Correa al Ministerio de Trabajo (Mara Ruiz Malec se va a la AFIP), Kicillof se refiri\u00f3 durante el fin de semana al otorgamiento de sumas fijas.<\/p>\n<p>En di\u00e1logo con Radio Provincia, el Gobernador opin\u00f3 que \u201ces una soluci\u00f3n que puede aportar una r\u00e1pida respuesta\u201d y que \u201cafecta de una manera proporcional mayor en los salarios m\u00e1s bajos\u201d.<\/p>\n<p>\u201cEstamos hablando sobre todo de los salarios privados, porque hay sectores que las paritarias le entran mucho despu\u00e9s, pero tambi\u00e9n salarios p\u00fablicos donde tenemos que proteger el poder adquisitivo de los trabajadores de la manera m\u00e1s efectiva posible\u201d, subray\u00f3.<\/p>\n<p>Los sindicatos<\/p>\n<p>En tanto, la posici\u00f3n de los gremios sobre las sumas fijas es dispar. Desde\u00a0<strong>UPCN\u00a0<\/strong>se mostraron en contra. \u201cNosotros no estamos de acuerdo con la suma fija. La bajada de Andr\u00e9s Rodr\u00edguez en Naci\u00f3n fue que nada de sumas fijas y las provincias seguimos el mismo lineamiento\u201d, indicaron desde el sindicato que aglutina a trabajadores p\u00fablicos de la administraci\u00f3n central.<\/p>\n<p>En tanto, el titular de\u00a0<strong>ATE<\/strong>\u00a0bonaerense, Oscar \u201cColo\u201d de Isasi, le dijo <strong>a DIB<\/strong> que: \u201cEntendemos que estamos en una situaci\u00f3n de emergencia y que por lo tanto los ejes a plantear deben ser que los trabajadores y trabajadoras del Estado no pierdan a manos de la inflaci\u00f3n\u201d.<\/p>\n<p>De cualquier manera, De Isasi consider\u00f3 que \u201clos sectores m\u00e1s vulnerables, los que menos cobran, deben tener una inyecci\u00f3n de recursos espec\u00edfica, especial, que permita paliar esta situaci\u00f3n de emergencia\u201d.<\/p>\n<p>Por su parte, fuentes de\u00a0<strong>Cicop\u00a0<\/strong>advirtieron que las sumas fijas pueden precarizar el salario si son en negro e indicaron que \u201cachatan la pir\u00e1mide\u201d. \u201cEs un refuerzo para los trabajadores de menores ingresos, pero achata la pir\u00e1mide. Si hay alguna decisi\u00f3n de suma fija tiene que estar acompa\u00f1ada de un aumento del salario, sino no\u201d, puntualizaron.<\/p>\n<p>Por su parte el gremio de los judiciales\u00a0 <strong>AJB\u00a0<\/strong>tambi\u00e9n explicaron que el inconveniente de la suma fija es \u201cque achata la pir\u00e1mide salarial\u201d. \u201cSi fuera eso habr\u00eda que ver de qu\u00e9 manera se aplica. No estamos a priori en contra\u201d, aclararon.<\/p>\n<p>En tanto, voceros del gremio docente\u00a0<strong>Udocba\u00a0<\/strong>indicaron que no ten\u00edan informaci\u00f3n oficial sobre el tema sumas fijas y se\u00f1alaron que prefieren \u201cparitarias\u201d. Asimismo, desde la\u00a0<strong>FEB\u00a0<\/strong>advirtieron que \u201cel primer paso por ahora era adelantar\u201d las cuotas de aumento pautadas. La posici\u00f3n en este sector seguramente ser\u00e1 tomada en conjunto por el Frente de Unidad Docente Bonaerense (que tambi\u00e9n integran Suteba, Sadop y AMET).<\/p>\n","protected":false},"excerpt":{"rendered":"<p>El gobernador Kicillof propuso a los estatales bonaerenses incrementar los salarios con sumas fijas.Los gremios se oponen a la iniciativa.<\/p>\n","protected":false},"author":3,"featured_media":6977,"comment_status":"closed","ping_status":"closed","sticky":false,"template":"","format":"standard","meta":{"_monsterinsights_skip_tracking":false,"_monsterinsights_sitenote_active":false,"_monsterinsights_sitenote_note":"","_monsterinsights_sitenote_category":0,"footnotes":""},"categories":[1],"tags":[],"class_list":["post-6976","post","type-post","status-publish","format-standard","has-post-thumbnail","hentry","category-uncategorized"],"_links":{"self":[{"href":"https:\/\/www.visionweb.com.ar\/index.php?rest_route=\/wp\/v2\/posts\/6976","targetHints":{"allow":["GET"]}}],"collection":[{"href":"https:\/\/www.visionweb.com.ar\/index.php?rest_route=\/wp\/v2\/posts"}],"about":[{"href":"https:\/\/www.visionweb.com.ar\/index.php?rest_route=\/wp\/v2\/types\/post"}],"author":[{"embeddable":true,"href":"https:\/\/www.visionweb.com.ar\/index.php?rest_route=\/wp\/v2\/users\/3"}],"replies":[{"embeddable":true,"href":"https:\/\/www.visionweb.com.ar\/index.php?rest_route=%2Fwp%2Fv2%2Fcomments&post=6976"}],"version-history":[{"count":1,"href":"https:\/\/www.visionweb.com.ar\/index.php?rest_route=\/wp\/v2\/posts\/6976\/revisions"}],"predecessor-version":[{"id":6978,"href":"https:\/\/www.visionweb.com.ar\/index.php?rest_route=\/wp\/v2\/posts\/6976\/revisions\/6978"}],"wp:featuredmedia":[{"embeddable":true,"href":"https:\/\/www.visionweb.com.ar\/index.php?rest_route=\/wp\/v2\/media\/6977"}],"wp:attachment":[{"href":"https:\/\/www.visionweb.com.ar\/index.php?rest_route=%2Fwp%2Fv2%2Fmedia&parent=6976"}],"wp:term":[{"taxonomy":"category","embeddable":true,"href":"https:\/\/www.visionweb.com.ar\/index.php?rest_route=%2Fwp%2Fv2%2Fcategories&post=6976"},{"taxonomy":"post_tag","embeddable":true,"href":"https:\/\/www.visionweb.com.ar\/index.php?rest_route=%2Fwp%2Fv2%2Ftags&post=6976"}],"curies":[{"name":"wp","href":"https:\/\/api.w.org\/{rel}","templated":true}]}}