{"id":6971,"date":"2022-08-20T15:40:03","date_gmt":"2022-08-20T18:40:03","guid":{"rendered":"https:\/\/www.visionweb.com.ar\/?p=6971"},"modified":"2022-08-20T15:40:03","modified_gmt":"2022-08-20T18:40:03","slug":"desde-este-sabado-rige-el-etiquetado-negro-obligatorio-en-los-productos-exhibidos-en-las-gondolas","status":"publish","type":"post","link":"https:\/\/www.visionweb.com.ar\/?p=6971","title":{"rendered":"Desde este s\u00e1bado rige el etiquetado negro obligatorio en los productos exhibidos en las g\u00f3ndolas"},"content":{"rendered":"<p><em><strong>Todos los productos alimenticios que salgan de f\u00e1brica deber\u00e1n exhibir los excesos de contenidos de grasa, az\u00facar o sodio, deber\u00e1n expresarlo en el etiquetado.<\/strong><\/em>\u00a0 <!--more--><\/p>\n<p><img loading=\"lazy\" decoding=\"async\" class=\"size-medium wp-image-6972 alignright\" src=\"https:\/\/www.visionweb.com.ar\/wp-content\/uploads\/2022\/08\/ETIQUETADO-300x225.png\" alt=\"\" width=\"300\" height=\"225\" srcset=\"https:\/\/www.visionweb.com.ar\/wp-content\/uploads\/2022\/08\/ETIQUETADO-300x225.png 300w, https:\/\/www.visionweb.com.ar\/wp-content\/uploads\/2022\/08\/ETIQUETADO-320x240.png 320w, https:\/\/www.visionweb.com.ar\/wp-content\/uploads\/2022\/08\/ETIQUETADO.png 640w\" sizes=\"auto, (max-width: 300px) 100vw, 300px\" \/>Desde este s\u00e1bado los comercios dedicados a la venta de alimentos envasados deber\u00e1n exhibir una etiqueta\u00a0 \u00a0octogonal negra en la que se debe indicar los porcentajes de az\u00facar, sodio, grasa, aceites, etc, entre otros componentes.<\/p>\n<p>Los productos con exceso en grasas, az\u00facares, sodio y calor\u00edas de las grandes empresas\u00a0 deber\u00e1n comercializarse con el sello correspondiente de acuerdo con la Ley 27.642 de\u00a0<strong>Etiquetado Frontal.<\/strong><\/p>\n<p>Sin embargo habr\u00e1 excepci\u00f3n para aquellas empresas\u00a0 que se les haya otorgado una pr\u00f3rroga, lo que marca el inicio de su aparici\u00f3n progresiva en las g\u00f3ndolas que terminar\u00e1 de completarse para noviembre del a\u00f1o pr\u00f3ximo, a excepci\u00f3n de que se les haya otorgado una pr\u00f3rroga, lo que marca el inicio de su aparici\u00f3n progresiva en las g\u00f3ndolas que terminar\u00e1 de completarse para noviembre del a\u00f1o pr\u00f3ximo.<\/p>\n<p>La normativa establece diferentes etapas para la implementaci\u00f3n de uno de sus ejes, que es la colocaci\u00f3n de sellos a los productos que tengan exceso de grasas, az\u00facares, sodio y calor\u00edas.<\/p>\n<p><strong> El pedido de pr\u00f3rroga que se pod\u00eda solicitar por \u00fanica vez por 180 d\u00edas, venci\u00f3 el 20 de julio, y est\u00e1n \u00a0las firmas que no fueron autorizadas o no la solicitaron ya deben elaborar sus productos con los sellos<\/strong>.<\/p>\n<p>Para mayo de 2023 todos los productos deber\u00e1n tener los sellos en el caso de que corresponda. En tanto que para las<strong> peque\u00f1as y medianas empresas, el plazo para pedir pr\u00f3rroga vence el 20 de enero de 2023;<\/strong><strong>\u00a0<\/strong>un mes despu\u00e9s deber\u00e1n tener los sellos aquellos productos que no hayan recibido o pedido pr\u00f3rroga, y el 20 noviembre de 2023 todos sus productos tienen que presentar los sellos en caso que corresponda.<\/p>\n<p><strong>Es decir que antes de fin del a\u00f1o pr\u00f3ximo las g\u00f3ndolas deber\u00edan tener todos los productos con sello, a excepci\u00f3n de los envases retornables de vidrio que tendr\u00e1n plazo hasta mayo de 2024.<\/strong><\/p>\n<p><strong>VISIBILIDAD<\/strong><\/p>\n<p><strong>\u00a0<\/strong><strong>Los sellos establecidos por la ley se deber\u00e1n colocar en el frente de los envases; se trata de oct\u00f3gonos negros que tendr\u00e1n las siguientes inscripciones: \u201cExceso en az\u00facares\u201d; \u201cExceso en sodio\u201d; \u201cExceso en grasas saturadas\u201d; \u201cExceso en grasas totales\u201d; \u201cExceso en calor\u00edas\u201d.<\/strong><\/p>\n<p>Adem\u00e1s, si tiene edulcorantes, el envase deber\u00e1 tener debajo de los sellos de advertencia la siguiente leyenda: \u201cContiene edulcorantes, no recomendable en ni\u00f1os\/as\u201d, al igual que si tiene cafe\u00edna deber\u00e1 decir: \u201cContiene cafe\u00edna. Evitar en ni\u00f1os\/as\u201d.<\/p>\n<p>Los valores m\u00e1ximos establecidos por la Ley de az\u00facares, grasas saturadas, grasas totales y sodio deben cumplir los l\u00edmites del Perfil de Nutrientes de la Organizaci\u00f3n Panamericana de la Salud (OPS); otros pa\u00edses de la regi\u00f3n como Chile y Uruguay poseen etiquetado pero con diferentes criterios.<\/p>\n<p>M\u00e1s all\u00e1 del sello,\u00a0<strong>los productos que tengan estos excesos no pueden contener en sus envases personajes infantiles, animaciones, dibujos animados, celebridades, deportistas o mascotas ni estar acompa\u00f1ados por elementos interactivos, obsequios, premios, regalos, accesorios, adhesivos, juegos, descargas digitales o cualquier otro elemento<\/strong>.<\/p>\n<p>Tampoco pueden ofrecer la participaci\u00f3n o promesa de participaci\u00f3n en concursos, juegos, eventos deportivos, musicales, teatrales o culturales, junto a la compra de productos.<\/p>\n<p>La normativa tambi\u00e9n establece la prohibici\u00f3n de publicidad, promoci\u00f3n y patrocinio de los alimentos y bebidas analcoh\u00f3licas envasadas que contengan al menos un sello de advertencia dirigida a ni\u00f1os, ni\u00f1as y adolescentes.<\/p>\n<p>Finalmente, la Ley tambi\u00e9n se\u00f1ala que el Consejo Federal de Educaci\u00f3n deber\u00e1 promover la inclusi\u00f3n de los contenidos m\u00ednimos de educaci\u00f3n alimentaria nutricional en los establecimientos de nivel inicial, primario y secundario del pa\u00eds.<\/p>\n<p>PR\u00d3RROGA<\/p>\n<p>El Ministerio de Salud inform\u00f3 que aprob\u00f3 un\u00a0<strong>35 por ciento de solicitudes de pr\u00f3rroga<\/strong>\u00a0en la implementaci\u00f3n de estos sellos de advertencia, sobre un total de 2.658 pedidos.<\/p>\n<p>Los pedidos de pr\u00f3rroga pueden realizarse en los casos que \u201cexista una limitaci\u00f3n con motivos justificables en el cumplimiento del cronograma de implementaci\u00f3n para la adecuaci\u00f3n a la declaraci\u00f3n del rotulado frontal\u201d, destac\u00f3 la cartera.<\/p>\n<p>Los principales rubros que se presentaron son\u00a0<strong>golosinas, mermeladas, jaleas, dulces y confituras;\u00a0 \u00a0 \u00a0panificados<\/strong>\u00a0y\u00a0<strong>galletitas<\/strong>\u00a0(15%);\u00a0<strong>embutidos y conservas c\u00e1rnicas<\/strong>\u00a0(14,45%);\u00a0<strong>l\u00e1cteos<\/strong>\u00a0(11,27%);\u00a0<strong>bebidas analcoh\u00f3licas<\/strong>\u00a0(10,63%);\u00a0<strong>frutas y verduras procesadas<\/strong>\u00a0(7,39%). Tambi\u00e9n\u00a0<strong>cereales y pastas<\/strong>\u00a0(6,55%);\u00a0<strong>salsas y aderezos<\/strong> (5,19%); postres y polvos para preparados (2,96%); snacks (2,16%); helados (1,09%); sopas y caldos (1,02%); caf\u00e9 y t\u00e9 (0,67%)<strong>(VW)<\/strong>.<\/p>\n<p>&nbsp;<\/p>\n<p>&nbsp;<\/p>\n<p>&nbsp;<\/p>\n","protected":false},"excerpt":{"rendered":"<p>Todos los productos alimenticios que salgan de f\u00e1brica deber\u00e1n exhibir los excesos de contenidos de grasa, az\u00facar o sodio, deber\u00e1n expresarlo en el etiquetado.\u00a0<\/p>\n","protected":false},"author":3,"featured_media":6972,"comment_status":"closed","ping_status":"closed","sticky":false,"template":"","format":"standard","meta":{"_monsterinsights_skip_tracking":false,"_monsterinsights_sitenote_active":false,"_monsterinsights_sitenote_note":"","_monsterinsights_sitenote_category":0,"footnotes":""},"categories":[5],"tags":[2733,2854,192,365],"class_list":["post-6971","post","type-post","status-publish","format-standard","has-post-thumbnail","hentry","category-sociedad","tag-etiquetado","tag-plazos","tag-productos","tag-supermercados"],"_links":{"self":[{"href":"https:\/\/www.visionweb.com.ar\/index.php?rest_route=\/wp\/v2\/posts\/6971","targetHints":{"allow":["GET"]}}],"collection":[{"href":"https:\/\/www.visionweb.com.ar\/index.php?rest_route=\/wp\/v2\/posts"}],"about":[{"href":"https:\/\/www.visionweb.com.ar\/index.php?rest_route=\/wp\/v2\/types\/post"}],"author":[{"embeddable":true,"href":"https:\/\/www.visionweb.com.ar\/index.php?rest_route=\/wp\/v2\/users\/3"}],"replies":[{"embeddable":true,"href":"https:\/\/www.visionweb.com.ar\/index.php?rest_route=%2Fwp%2Fv2%2Fcomments&post=6971"}],"version-history":[{"count":1,"href":"https:\/\/www.visionweb.com.ar\/index.php?rest_route=\/wp\/v2\/posts\/6971\/revisions"}],"predecessor-version":[{"id":6973,"href":"https:\/\/www.visionweb.com.ar\/index.php?rest_route=\/wp\/v2\/posts\/6971\/revisions\/6973"}],"wp:featuredmedia":[{"embeddable":true,"href":"https:\/\/www.visionweb.com.ar\/index.php?rest_route=\/wp\/v2\/media\/6972"}],"wp:attachment":[{"href":"https:\/\/www.visionweb.com.ar\/index.php?rest_route=%2Fwp%2Fv2%2Fmedia&parent=6971"}],"wp:term":[{"taxonomy":"category","embeddable":true,"href":"https:\/\/www.visionweb.com.ar\/index.php?rest_route=%2Fwp%2Fv2%2Fcategories&post=6971"},{"taxonomy":"post_tag","embeddable":true,"href":"https:\/\/www.visionweb.com.ar\/index.php?rest_route=%2Fwp%2Fv2%2Ftags&post=6971"}],"curies":[{"name":"wp","href":"https:\/\/api.w.org\/{rel}","templated":true}]}}