{"id":6963,"date":"2022-08-19T14:35:33","date_gmt":"2022-08-19T17:35:33","guid":{"rendered":"https:\/\/www.visionweb.com.ar\/?p=6963"},"modified":"2022-08-19T14:36:37","modified_gmt":"2022-08-19T17:36:37","slug":"rodriguez-larreta-desembarca-en-sur-del-gba","status":"publish","type":"post","link":"https:\/\/www.visionweb.com.ar\/?p=6963","title":{"rendered":"Rodr\u00edguez Larreta desembarca en el sur del GBA"},"content":{"rendered":"<p><em><strong>En la reuni\u00f3n, el mayor pedido de los vecinos fue por seguridad, tambi\u00e9n por trabajo, salud, educaci\u00f3n y vivienda. \u201cCon trabajo, con decisi\u00f3n pol\u00edtica y con un plan se puede ir mejorando la seguridad\u201d, indic\u00f3 Larreta.<\/strong><\/em><!--more--><\/p>\n<p><strong>\u00a0<\/strong> <img loading=\"lazy\" decoding=\"async\" class=\"size-full wp-image-6966 alignright\" src=\"https:\/\/www.visionweb.com.ar\/wp-content\/uploads\/2022\/08\/RL-EN-LOMAS-DE-ZAMORA.bmp\" alt=\"\" width=\"640\" height=\"420\" \/>\u00a0\u00a0\u00a0\u00a0\u00a0\u00a0\u00a0\u00a0\u00a0\u00a0\u00a0\u00a0\u00a0\u00a0\u00a0\u00a0\u00a0\u00a0\u00a0\u00a0\u00a0\u00a0\u00a0\u00a0\u00a0 \u00a0<strong>E<\/strong>l jefe de Gobierno porte\u00f1o,\u00a0Horacio Rodr\u00edguez Larreta, particip\u00f3 ayer de un acto Lomas de Zamora con dirigentes pol\u00edticos locales, y tambi\u00e9n convers\u00f3 con vecinos, quienes hicieron quejas puntuales en torno a la falta de seguridad, tambi\u00e9n reclamaron por trabajo, salud, educaci\u00f3n y vivienda. \u00a0<strong>\u201cSe puede mejorar y lo vamos a hacer cuando ganemos la elecci\u00f3n\u201d<\/strong>, les dijo.<\/p>\n<p>En horas de la tarde, la reuni\u00f3n se realiz\u00f3 en la plaza\u00a0\u201cLibertad y Democracia, Dr. Ra\u00fal Alfons\u00edn\u201d,\u00a0en Laprida al 1200. Luego Larreta, que \u00a0estuvo acompa\u00f1ado por el dirigente lomense Guillermo Vi\u00f1uales, los concejales de Juntos, y otros dirigentes de ese espacio opositor, continu\u00f3 su recorrido por distintos barrios.<\/p>\n<p>En medio de la reuni\u00f3n, varios vecinos hicieron uso de la palabra y\u00a0<strong>el problema de la seguridad fue una de las quejas repetidas por los presentes<\/strong><strong>\u00a0<\/strong>que contaron sus experiencias y pidieron soluciones.\u00a0<strong>Tambi\u00e9n pidieron por trabajo, educaci\u00f3n, salud y vivienda.<\/strong><\/p>\n<p>El tema tom\u00f3 especial relevancia tras conocerse que un alumno de la escuela 30 de Villa Albertina fue baleado para robarle su celular lo que motiv\u00f3\u00a0<strong>un duro comunicado del bloque de concejales<\/strong><strong>\u00a0<\/strong>de Juntos por el Cambio en el que reclamaron ante \u201cla ausencia de una pol\u00edtica de seguridad que contemple a los establecimientos educativos.\u201d<\/p>\n<p>Rodr\u00edguez Larreta tom\u00f3 nota de cada uno de los pedidos y minutos despu\u00e9s se refiri\u00f3 a ellos:\u00a0\u201cQuiero dar un mensaje optimista. Me remito a lo que es mi responsabilidad en la Ciudad de Buenos Aires donde mejoramos much\u00edsimo la seguridad. Hoy tenemos la tasa de delitos m\u00e1s baja de la historia. Lo que quiero decir con esto es que se puede.\u00a0<strong>Con trabajo, con decisi\u00f3n pol\u00edtica y con un plan se puede ir mejorando la seguridad.<\/strong>\u00a0No va a ser de un d\u00eda para el otro, pero con un trabajo en el tiempo se puede ir mejorando, capacitando mejor a la polic\u00eda\u201d, indic\u00f3 el jefe de Gobierno porte\u00f1o.<\/p>\n<p>Sobre el tema de seguridad, tambi\u00e9n dijo que \u201cla Ciudad le da el chaleco de seguridad reglamentario y est\u00e1n bien entrenados (los polic\u00edas). Las c\u00e1maras nos resultan muy bien. Tenemos un sistema de monitoreo tremendo\u201d.<\/p>\n<p><strong>\u00a0<\/strong>En ese contexto, les dijo<strong> a los vecinos de Lomas de Zamora: \u201cSe puede mejorar y lo vamos a hacer cuando ganemos la elecci\u00f3n\u201d.<\/strong><\/p>\n<p>Por otro lado, el dirigente opositor tambi\u00e9n se refiri\u00f3 a la necesidad de que haya m\u00e1s trabajo. \u201cVarios hablaban de la cultura del trabajo, de transformar los planes sociales en planes de trabajo. Hay que estudiar qu\u00e9 se hace en otros lugares.\u00a0<strong>En muchos pa\u00edses del mundo, el que tiene un plan, si se le ofrece un trabajo y no lo toma, pierde el plan. Ac\u00e1 es al rev\u00e9s, no agarran el trabajo para no perder el plan.<\/strong><strong>\u00a0<\/strong>Es un plan que promueve que la gente no trabaje, cuando deber\u00eda ser al rev\u00e9s\u201d, plante\u00f3.<\/p>\n<p><strong>\u00a0<\/strong>El jefe de Gobierno porte\u00f1o tambi\u00e9n<strong> se refiri\u00f3 a la educaci\u00f3n como \u201c\u00fanico camino al desarrollo, al futuro, y la superaci\u00f3n\u201d.<\/strong><\/p>\n<p>\u201cEn la Ciudad de Buenos Aires mostramos que cuando en el pa\u00eds entero cerraron las escuelas, incluida la provincia de Buenos Aires, yo di la pelea y la mantuvimos abiertas. Es un tema de prioridad, la educaci\u00f3n por arriba de todos, c\u00f3mo van a cerrar las escuelas. Ahora, otras de las medidas que tomamos, es que con los planes sociales tienen que ir los chicos a la escuela todos los d\u00edas\u201d, record\u00f3.<\/p>\n<p>\u201cNecesitamos\u00a0<strong>tener un plan que mantengamos en el tiempo<\/strong>. No puede ser que cada presidente nuevo parezca un fundador y que todo lo que hizo el anterior es una basura y haya que tirarlo, as\u00ed no se construye\u201d, concluy\u00f3 Larreta.<\/p>\n<p>Luego Larreta, cedi\u00f3 la palabra a <strong>Vi\u00f1uales<\/strong>, quien le agradeci\u00f3 su presencia, y resalt\u00f3 que \u201cno es f\u00e1cil\u201d hacer un acto en Lomas porque \u201ctodo lleva mucho esfuerzo\u201d.<\/p>\n<p>Luego el dirigente lomense, le record\u00f3 a Larreta, que\u00a0<strong>\u201cla gente quiere la educaci\u00f3n de la Ciudad de Buenos Aires.<\/strong><strong>\u00a0<\/strong>Quieren jornadas completas. Los padres est\u00e1n hartos de que si hace menos de 10 grados no tienen clases, est\u00e1n hartos de que le inventen un paro cada semana, hartos de que sus hijos no sepan\u201d, dijo Vi\u00f1uales. <strong>(VW)<\/strong><\/p>\n<p>&nbsp;<\/p>\n","protected":false},"excerpt":{"rendered":"<p>En la reuni\u00f3n, el mayor pedido de los vecinos fue por seguridad, tambi\u00e9n por trabajo, salud, educaci\u00f3n y vivienda. \u201cCon trabajo, con decisi\u00f3n pol\u00edtica y con un plan se puede ir mejorando la seguridad\u201d,&#46;&#46;&#46;<\/p>\n","protected":false},"author":4,"featured_media":6966,"comment_status":"closed","ping_status":"closed","sticky":false,"template":"","format":"standard","meta":{"_monsterinsights_skip_tracking":false,"_monsterinsights_sitenote_active":false,"_monsterinsights_sitenote_note":"","_monsterinsights_sitenote_category":0,"footnotes":""},"categories":[4],"tags":[318,1073,529,2853],"class_list":["post-6963","post","type-post","status-publish","format-standard","has-post-thumbnail","hentry","category-politica","tag-lomas-de-zamora","tag-rodriguez-larreta","tag-seguridad","tag-vinuales"],"_links":{"self":[{"href":"https:\/\/www.visionweb.com.ar\/index.php?rest_route=\/wp\/v2\/posts\/6963","targetHints":{"allow":["GET"]}}],"collection":[{"href":"https:\/\/www.visionweb.com.ar\/index.php?rest_route=\/wp\/v2\/posts"}],"about":[{"href":"https:\/\/www.visionweb.com.ar\/index.php?rest_route=\/wp\/v2\/types\/post"}],"author":[{"embeddable":true,"href":"https:\/\/www.visionweb.com.ar\/index.php?rest_route=\/wp\/v2\/users\/4"}],"replies":[{"embeddable":true,"href":"https:\/\/www.visionweb.com.ar\/index.php?rest_route=%2Fwp%2Fv2%2Fcomments&post=6963"}],"version-history":[{"count":4,"href":"https:\/\/www.visionweb.com.ar\/index.php?rest_route=\/wp\/v2\/posts\/6963\/revisions"}],"predecessor-version":[{"id":6968,"href":"https:\/\/www.visionweb.com.ar\/index.php?rest_route=\/wp\/v2\/posts\/6963\/revisions\/6968"}],"wp:featuredmedia":[{"embeddable":true,"href":"https:\/\/www.visionweb.com.ar\/index.php?rest_route=\/wp\/v2\/media\/6966"}],"wp:attachment":[{"href":"https:\/\/www.visionweb.com.ar\/index.php?rest_route=%2Fwp%2Fv2%2Fmedia&parent=6963"}],"wp:term":[{"taxonomy":"category","embeddable":true,"href":"https:\/\/www.visionweb.com.ar\/index.php?rest_route=%2Fwp%2Fv2%2Fcategories&post=6963"},{"taxonomy":"post_tag","embeddable":true,"href":"https:\/\/www.visionweb.com.ar\/index.php?rest_route=%2Fwp%2Fv2%2Ftags&post=6963"}],"curies":[{"name":"wp","href":"https:\/\/api.w.org\/{rel}","templated":true}]}}