{"id":6957,"date":"2022-08-19T14:01:53","date_gmt":"2022-08-19T17:01:53","guid":{"rendered":"https:\/\/www.visionweb.com.ar\/?p=6957"},"modified":"2022-08-19T14:02:25","modified_gmt":"2022-08-19T17:02:25","slug":"gerardo-morales-en-lanus-argentina-padece-una-inflacion-tan-insoportable-como-la-corrupcion","status":"publish","type":"post","link":"https:\/\/www.visionweb.com.ar\/?p=6957","title":{"rendered":"Gerardo Morales en Lan\u00fas: Argentina padece \u201cuna inflaci\u00f3n tan insoportable como la corrupci\u00f3n\u201d"},"content":{"rendered":"<p><em><strong>Duras cr\u00edticas a Alberto Fern\u00e1ndez y a Cristina. El gobernador de Jujuy consider\u00f3 que el Gobierno est\u00e1 llevando al pa\u00eds al \u201cabismo\u201d, y se\u00f1al\u00f3 que se acerca \u201cel fin de ciclo kirchnerista\u201d.<\/strong><\/em>\u00a0\u00a0\u00a0\u00a0\u00a0\u00a0\u00a0\u00a0\u00a0\u00a0\u00a0\u00a0\u00a0\u00a0\u00a0\u00a0\u00a0\u00a0\u00a0\u00a0\u00a0\u00a0\u00a0\u00a0\u00a0\u00a0<!--more--><\/p>\n<div id=\"attachment_6960\" style=\"width: 666px\" class=\"wp-caption alignright\"><img loading=\"lazy\" decoding=\"async\" aria-describedby=\"caption-attachment-6960\" class=\"wp-image-6960 size-full\" src=\"https:\/\/www.visionweb.com.ar\/wp-content\/uploads\/2022\/08\/GERARDO-MORALES-EN-LANUS.bmp\" alt=\"\" width=\"656\" height=\"322\" \/><p id=\"caption-attachment-6960\" class=\"wp-caption-text\"><em><strong>El gobernador de Jujuy, Gerardo Norales, junto a los dirigentes del radicalismo de Lanus, Leandro Bechara Arcuri y los concejales Leanro Bursese y VAleria Larraz (Foto: Gentileza UCR)<\/strong><\/em><\/p><\/div>\n<p><strong>E<\/strong>l presidente del Comit\u00e9 Nacional de la Uni\u00f3n C\u00edvica Radical y gobernador de Jujuy,\u00a0<strong>Gerardo Morales, visit\u00f3 este\u00a0 jueves, la sede partidaria UCR Lan\u00fas.<\/strong><strong>\u00a0<\/strong><\/p>\n<p>En el encuentro con militantes sostuvo que Argentina transita una de sus \u201cpeores \u00e9pocas\u201d en la que se padece \u201cuna inflaci\u00f3n tan insoportable como la corrupci\u00f3n\u201d.<\/p>\n<p>Morales lanz\u00f3 duras cr\u00edticas al gobierno del presidente Alberto Fern\u00e1ndez, al se\u00f1alar que est\u00e1 llevando al pa\u00eds \u201cal abismo\u201d.<\/p>\n<p>En el marco de las visitas al conurbano bonaerense de cara a las elecciones de 2023, Morales sentenci\u00f3: <strong>\u201cAsistimos al fin del ciclo kirchnerista\u201d<\/strong>.<\/p>\n<p>En el encuentro estuvieron presentes, entre otros, el titular del Radicalismo de Lan\u00fas, Leandro Bechara Arcuri; los ediles Emiliano Bursese y Valeria Larraz, adem\u00e1s de la diputada provincial Nazarena Mes\u00edas.<\/p>\n<p>El mandatario juje\u00f1o sostuvo que: <strong>\u201cEl sufrimiento est\u00e1 en un fin de ciclo porque el Frente de\u00a0Todos est\u00e1 demostrando que no sabe gobernar y que no puede potenciara la Argentina porque carece de proyecto\u201d<\/strong>, indic\u00f3.<\/p>\n<p>\u201cEl oficialismo, como no tiene ideas,\u00a0 nos acerca todos los d\u00edas al abismo\u201d, destac\u00f3 el mandatario juje\u00f1o y, a la vez consider\u00f3 que \u201c<strong>no hay que desesperarse porque estamos ante un fin de ciclo<\/strong>\u201d.<\/p>\n<p>\u201cUn fin de ciclo en el que la l\u00f3gica corrupta del oficialismo est\u00e1 quedando al descubierto como nunca antes. Y ah\u00ed est\u00e1 el caso de Milagro Sala para demostrarlo, con su matriz ilegal y sus pr\u00e1cticas oscuras\u201d, se\u00f1al\u00f3 Morales.<\/p>\n<p><strong>\u201cNo pacto con la impunidad, no pacto con delincuentes\u201d, <\/strong>sentenci\u00f3.<\/p>\n<p><strong>\u00a0<\/strong>El l\u00edder de la UCR Subray\u00f3 que: \u201c<strong>El juicio a Cristina Kirchner por hechos de corrupci\u00f3n marca el fin de un proceso que dividi\u00f3 a los argentinos y que impide mirar al futuro, ni resolver los problemas del presente<\/strong>\u201d.<\/p>\n<p>Para Morales la actual crisis econ\u00f3mica \u201ctiene fundamento en\u00a0<strong>las peleas internas del Frente de Todos<\/strong><strong>\u00a0<\/strong>que hizo del gobierno nacional una verdadera anarqu\u00eda\u201d.<\/p>\n<p>En esa l\u00ednea, tambi\u00e9n remarc\u00f3 su oposici\u00f3n a <strong>\u201clos halcones de Juntos por el Cambio que quieren m\u00e1s fractura\u201d<\/strong><strong>.<\/strong><\/p>\n<p>Con respecto a la actualidad de la UCR destac\u00f3 que es \u201cun partido con rica historia, pero tambi\u00e9n con un presente importante y vigoroso, con fuerte protagonismo parlamentario y probada capacidad de gobierno en Jujuy, Corrientes y Mendoza y m\u00e1s de 400 municipios en todo el pa\u00eds\u201d.<\/p>\n<p>Y resalt\u00f3 que \u201cesta es la base del gran cambio que logramos en Jujuy y queremos extender a todo el pa\u00eds\u201d, concluy\u00f3 el Gobernador. <strong>(VW)<\/strong><\/p>\n<p>&nbsp;<\/p>\n<p>&nbsp;<\/p>\n","protected":false},"excerpt":{"rendered":"<p>Duras cr\u00edticas a Alberto Fern\u00e1ndez y a Cristina. El gobernador de Jujuy consider\u00f3 que el Gobierno est\u00e1 llevando al pa\u00eds al \u201cabismo\u201d, y se\u00f1al\u00f3 que se acerca \u201cel fin de ciclo kirchnerista\u201d.\u00a0\u00a0\u00a0\u00a0\u00a0\u00a0\u00a0\u00a0\u00a0\u00a0\u00a0\u00a0\u00a0\u00a0\u00a0\u00a0\u00a0\u00a0\u00a0\u00a0\u00a0\u00a0\u00a0\u00a0\u00a0\u00a0<\/p>\n","protected":false},"author":4,"featured_media":6960,"comment_status":"closed","ping_status":"closed","sticky":false,"template":"","format":"standard","meta":{"_monsterinsights_skip_tracking":false,"_monsterinsights_sitenote_active":false,"_monsterinsights_sitenote_note":"","_monsterinsights_sitenote_category":0,"footnotes":""},"categories":[4],"tags":[44,218,325,1258],"class_list":["post-6957","post","type-post","status-publish","format-standard","has-post-thumbnail","hentry","category-politica","tag-alberto-fernandez","tag-corrupcion","tag-criticas","tag-morales"],"_links":{"self":[{"href":"https:\/\/www.visionweb.com.ar\/index.php?rest_route=\/wp\/v2\/posts\/6957","targetHints":{"allow":["GET"]}}],"collection":[{"href":"https:\/\/www.visionweb.com.ar\/index.php?rest_route=\/wp\/v2\/posts"}],"about":[{"href":"https:\/\/www.visionweb.com.ar\/index.php?rest_route=\/wp\/v2\/types\/post"}],"author":[{"embeddable":true,"href":"https:\/\/www.visionweb.com.ar\/index.php?rest_route=\/wp\/v2\/users\/4"}],"replies":[{"embeddable":true,"href":"https:\/\/www.visionweb.com.ar\/index.php?rest_route=%2Fwp%2Fv2%2Fcomments&post=6957"}],"version-history":[{"count":4,"href":"https:\/\/www.visionweb.com.ar\/index.php?rest_route=\/wp\/v2\/posts\/6957\/revisions"}],"predecessor-version":[{"id":6962,"href":"https:\/\/www.visionweb.com.ar\/index.php?rest_route=\/wp\/v2\/posts\/6957\/revisions\/6962"}],"wp:featuredmedia":[{"embeddable":true,"href":"https:\/\/www.visionweb.com.ar\/index.php?rest_route=\/wp\/v2\/media\/6960"}],"wp:attachment":[{"href":"https:\/\/www.visionweb.com.ar\/index.php?rest_route=%2Fwp%2Fv2%2Fmedia&parent=6957"}],"wp:term":[{"taxonomy":"category","embeddable":true,"href":"https:\/\/www.visionweb.com.ar\/index.php?rest_route=%2Fwp%2Fv2%2Fcategories&post=6957"},{"taxonomy":"post_tag","embeddable":true,"href":"https:\/\/www.visionweb.com.ar\/index.php?rest_route=%2Fwp%2Fv2%2Ftags&post=6957"}],"curies":[{"name":"wp","href":"https:\/\/api.w.org\/{rel}","templated":true}]}}