{"id":6951,"date":"2022-08-19T11:41:38","date_gmt":"2022-08-19T14:41:38","guid":{"rendered":"https:\/\/www.visionweb.com.ar\/?p=6951"},"modified":"2022-08-19T11:53:18","modified_gmt":"2022-08-19T14:53:18","slug":"semana-de-la-ninez-multiples-actividades-y-propuestas-del-municipio-de-lanus","status":"publish","type":"post","link":"https:\/\/www.visionweb.com.ar\/?p=6951","title":{"rendered":"Semana de la Ni\u00f1ez: M\u00faltiples actividades y propuestas del Municipio de Lan\u00fas"},"content":{"rendered":"<p><em><strong>Habr\u00e1 entrega de juguetes, talleres y juegotecas, ciclo de teatro y, diferentes jornadas recreativas. Son gratuitas y est\u00e1n enfocadas en generar espacios de encuentro para promover el cumplimiento de los derechos de los ni\u00f1os y las ni\u00f1as.<\/strong><\/em><strong>\u00a0<\/strong><!--more--><\/p>\n<div id=\"attachment_6954\" style=\"width: 310px\" class=\"wp-caption alignright\"><img loading=\"lazy\" decoding=\"async\" aria-describedby=\"caption-attachment-6954\" class=\"wp-image-6954 size-medium\" src=\"https:\/\/www.visionweb.com.ar\/wp-content\/uploads\/2022\/08\/NINEZ-DOS-300x238.jpg\" alt=\"\" width=\"300\" height=\"238\" srcset=\"https:\/\/www.visionweb.com.ar\/wp-content\/uploads\/2022\/08\/NINEZ-DOS-300x238.jpg 300w, https:\/\/www.visionweb.com.ar\/wp-content\/uploads\/2022\/08\/NINEZ-DOS.jpg 606w\" sizes=\"auto, (max-width: 300px) 100vw, 300px\" \/><p id=\"caption-attachment-6954\" class=\"wp-caption-text\"><strong><em>Las propuestas para el \u00abD\u00eda de la Ni\u00f1ez\u00bb, incluyen, adem\u00e1s de un control de salud, numerosas actividades, entre ellas la entrega de juguetes (Gentileza Municipio de Lan\u00fas)<\/em><\/strong><\/p><\/div>\n<p><strong>\u00a0 \u00a0 \u00a0 \u00a0 \u00a0 \u00a0 E<\/strong>l Municipio de Lan\u00fas homenajear\u00e1 a las y los peque\u00f1os con una amplia gama de iniciativas gratuitas organizadas por las \u00e1reas de Cultura, Desarrollo Social, Salud y Educaci\u00f3n, con el objetivo de generar espacios de encuentro que promuevan el cumplimiento de los derechos de los ni\u00f1os y las ni\u00f1as.<\/p>\n<p>Las propuestas incluyen el cuidado de la salud, la entrega de juguetes, la realizaci\u00f3n de talleres y juegotecas, un ciclo de teatro, como as\u00ed tambi\u00e9n diferentes jornadas recreativas, que se desarrollar\u00e1n en varios puntos del distrito, indic\u00f3 Prensa de Lan\u00fas.<\/p>\n<p>En ese sentido, los promotores del \u00e1rea de Salud compartir\u00e1n <strong>desayunos y meriendas en 23 centros de atenci\u00f3n primaria<\/strong> con los ni\u00f1os y ni\u00f1as, que asistan junto a sus padres para ser atendidos por los m\u00e9dicos. Adem\u00e1s, les contar\u00e1n cuentos y har\u00e1n juegos de mesa.<\/p>\n<p>Por su parte, el \u00e1rea de Cultura ya entreg\u00f3 120 <strong>juguetes<\/strong> en la Iglesia Pastora Karina (Emilio Castro 3244) y <strong>regalar\u00e1 otros 180 en la Fundaci\u00f3n Pupi <\/strong>(Hornos y 3 de Febrero, Remedios de Escalada). La entrega ser\u00e1 \u00a0este viernes 19 a las <strong>12.30 horas<\/strong>.<\/p>\n<h3 style=\"text-align: center;\"><span style=\"color: #0000ff;\"><em><strong>Los chicos que asisten al Nido de Villa Jard\u00edn podr\u00e1n conocer la m\u00e1gica Rep\u00fablica de los Ni\u00f1os, en La Plata<\/strong><\/em><\/span><\/h3>\n<p>Adem\u00e1s, en el <strong>Centro Comercial e Industrial<\/strong> de Lan\u00fas Este, habr\u00e1 <strong>obras de teatro<\/strong> para alumnos y alumnas de distintas escuelas.<\/p>\n<p><img loading=\"lazy\" decoding=\"async\" class=\"size-medium wp-image-6955 alignleft\" src=\"https:\/\/www.visionweb.com.ar\/wp-content\/uploads\/2022\/08\/NINEZ-UNO-300x207.jpg\" alt=\"\" width=\"300\" height=\"207\" srcset=\"https:\/\/www.visionweb.com.ar\/wp-content\/uploads\/2022\/08\/NINEZ-UNO-300x207.jpg 300w, https:\/\/www.visionweb.com.ar\/wp-content\/uploads\/2022\/08\/NINEZ-UNO.jpg 640w\" sizes=\"auto, (max-width: 300px) 100vw, 300px\" \/>En el <strong>MACSur<\/strong> (Av. 25 de Mayo 131), se ofrecer\u00e1n <strong>talleres de plastilina junto a una obra de teatro<\/strong> denominada <strong>\u201cF\u00e1tima y los Dives\u201d<\/strong>. La cita es el domingo 21 de 15 a 18 horas.<\/p>\n<p>A su vez, el martes 30, la Secretar\u00eda de Desarrollo Social realizar\u00e1 el <strong>\u201cLan\u00fas Juega\u201d en el Nido Chingolo<\/strong> (Pit\u00e1goras 4500). Durante el encuentro que se har\u00e1 de 10 a 12 y de 14 a 16, los participantes encontrar\u00e1n <strong>disfraces, bailes, juegos y pi\u00f1atas<\/strong>. Los festejos tambi\u00e9n se extender\u00e1n a comedores y merenderos.<\/p>\n<p>La cl\u00e1sica <strong>Feria de Emprendedores<\/strong> tendr\u00e1 su especial del D\u00eda de la Ni\u00f1ez en el Parque San Mart\u00edn (Sayos 2302, Lan\u00fas Oeste) el s\u00e1bado 20 y el domingo 21 en el horario de 15 a 21. All\u00ed, podr\u00e1n encontrarse un mont\u00f3n de productos de fabricaci\u00f3n local.<\/p>\n<p>Tambi\u00e9n, un total de 40 chicos y chicas que asisten al NIDO de Villa Jard\u00edn podr\u00e1n conocer la m\u00e1gica <strong>Rep\u00fablica de los Ni\u00f1os<\/strong> situada en La Plata. La excursi\u00f3n estar\u00e1 a cargo del equipo de \u00a0Educaci\u00f3n, Empleo y Deporte. <strong>(VW)<\/strong><\/p>\n","protected":false},"excerpt":{"rendered":"<p>Habr\u00e1 entrega de juguetes, talleres y juegotecas, ciclo de teatro y, diferentes jornadas recreativas. Son gratuitas y est\u00e1n enfocadas en generar espacios de encuentro para promover el cumplimiento de los derechos de los ni\u00f1os&#46;&#46;&#46;<\/p>\n","protected":false},"author":4,"featured_media":6954,"comment_status":"closed","ping_status":"closed","sticky":false,"template":"","format":"standard","meta":{"_monsterinsights_skip_tracking":false,"_monsterinsights_sitenote_active":false,"_monsterinsights_sitenote_note":"","_monsterinsights_sitenote_category":0,"footnotes":""},"categories":[7,8],"tags":[94,2851,2852,2824],"class_list":["post-6951","post","type-post","status-publish","format-standard","has-post-thumbnail","hentry","category-educacion-y-cultura","category-interes-general","tag-actividades","tag-dia-de-la-ninez","tag-iniciativa","tag-municipio-de-lanus"],"_links":{"self":[{"href":"https:\/\/www.visionweb.com.ar\/index.php?rest_route=\/wp\/v2\/posts\/6951","targetHints":{"allow":["GET"]}}],"collection":[{"href":"https:\/\/www.visionweb.com.ar\/index.php?rest_route=\/wp\/v2\/posts"}],"about":[{"href":"https:\/\/www.visionweb.com.ar\/index.php?rest_route=\/wp\/v2\/types\/post"}],"author":[{"embeddable":true,"href":"https:\/\/www.visionweb.com.ar\/index.php?rest_route=\/wp\/v2\/users\/4"}],"replies":[{"embeddable":true,"href":"https:\/\/www.visionweb.com.ar\/index.php?rest_route=%2Fwp%2Fv2%2Fcomments&post=6951"}],"version-history":[{"count":3,"href":"https:\/\/www.visionweb.com.ar\/index.php?rest_route=\/wp\/v2\/posts\/6951\/revisions"}],"predecessor-version":[{"id":6956,"href":"https:\/\/www.visionweb.com.ar\/index.php?rest_route=\/wp\/v2\/posts\/6951\/revisions\/6956"}],"wp:featuredmedia":[{"embeddable":true,"href":"https:\/\/www.visionweb.com.ar\/index.php?rest_route=\/wp\/v2\/media\/6954"}],"wp:attachment":[{"href":"https:\/\/www.visionweb.com.ar\/index.php?rest_route=%2Fwp%2Fv2%2Fmedia&parent=6951"}],"wp:term":[{"taxonomy":"category","embeddable":true,"href":"https:\/\/www.visionweb.com.ar\/index.php?rest_route=%2Fwp%2Fv2%2Fcategories&post=6951"},{"taxonomy":"post_tag","embeddable":true,"href":"https:\/\/www.visionweb.com.ar\/index.php?rest_route=%2Fwp%2Fv2%2Ftags&post=6951"}],"curies":[{"name":"wp","href":"https:\/\/api.w.org\/{rel}","templated":true}]}}