{"id":6939,"date":"2022-08-18T14:34:08","date_gmt":"2022-08-18T17:34:08","guid":{"rendered":"https:\/\/www.visionweb.com.ar\/?p=6939"},"modified":"2022-08-18T14:35:18","modified_gmt":"2022-08-18T17:35:18","slug":"se-viene-la-noche-de-la-pizza-y-la-empanada-2022","status":"publish","type":"post","link":"https:\/\/www.visionweb.com.ar\/?p=6939","title":{"rendered":"Se viene la Noche de la Pizza y la Empanada 2022"},"content":{"rendered":"<p><em><strong>Ser\u00e1 el pr\u00f3ximo 6 de septiembre y continuar\u00e1. En todo el pa\u00eds ya preparan sus promociones para una nueva edici\u00f3n de la Noche de la Pizza y la Empanada. Los negocios interesados pueden inscribirse para participar.<\/strong><\/em><!--more--><\/p>\n<div id=\"attachment_6945\" style=\"width: 490px\" class=\"wp-caption aligncenter\"><img loading=\"lazy\" decoding=\"async\" aria-describedby=\"caption-attachment-6945\" class=\"wp-image-6945 size-full\" src=\"https:\/\/www.visionweb.com.ar\/wp-content\/uploads\/2022\/08\/LA-NOCHE-DE-LAS-PIZZAS-Y-EMPANADAS.bmp\" alt=\"\" width=\"480\" height=\"482\" \/><p id=\"caption-attachment-6945\" class=\"wp-caption-text\">Falta menos de un mes para disfrutar de una nueva edici\u00f3n de la \u00abNoche de la Pizza y la empanada\u00bb<\/p><\/div>\n<p><strong>\u00a0 \u00a0 \u00a0 L<\/strong>a\u00a0Asociaci\u00f3n Propietarios de Pizzer\u00edas y Casas de Empanadas de la Argentina (APYCE)<strong>\u00a0<\/strong>pondr\u00e1 en marcha el pr\u00f3ximo 6 de septiembre una nueva edici\u00f3n de la<strong>\u00a0<\/strong><strong>Noche de la Pizza y la Empanada 2022<\/strong>, con el objeto de\u00a0 alentar el consumo de dos de los platos favoritos de los argentinos. Habr\u00e1 distintas promociones y hasta \u00a0productos de regalo al comprar varios.<\/p>\n<p><strong>\u00abEs una fiesta \u00fanica\u00bb<\/strong>, promocionan los organizadores del evento, que se replica todos los a\u00f1os con diversos beneficios, actividades y sorteos.\u00a0<strong>\u00abLa noche m\u00e1s esperada del a\u00f1o\u00bb<\/strong>, resaltan.<\/p>\n<p>La propuesta incluye a cientos de locales de todas provincias y la capital, los cuales podr\u00e1n consultarse oportunamente en un mapa. Si bien tendr\u00e1 lugar el mi\u00e9rcoles 6, algunos comercios extender\u00e1n sus ofertas durante el resto de la semana.<\/p>\n<p>Los <strong>negocios interesados en participar tendr\u00e1n tiempo de inscribirse hasta el 31 de agosto<\/strong> de forma gratuita y online a trav\u00e9s del formulario disponible en\u00a0<a href=\"https:\/\/www.lanochedelapizzaylaempanada.com.ar\/\">la web oficial de la iniciativa<\/a>.<\/p>\n<p>Las promociones suelen ir desde productos de regalo al comprar varios, unidades extra en las docenas, dips sin cargo para acompa\u00f1ar las comidas, entre otras.<\/p>\n<p>APYCE es una asociaci\u00f3n civil sin fines de lucro conformada por propietarios de pizzer\u00edas, pizzer\u00edas-grill, pasteler\u00edas, casas de empanadas, f\u00e1bricas de tapas y discos para empanadas, f\u00e1bricas de pre-pizzas, f\u00e1bricas de churros y otros negocios afines. <strong>(VW)<\/strong><\/p>\n<p>&nbsp;<\/p>\n","protected":false},"excerpt":{"rendered":"<p>Ser\u00e1 el pr\u00f3ximo 6 de septiembre y continuar\u00e1. En todo el pa\u00eds ya preparan sus promociones para una nueva edici\u00f3n de la Noche de la Pizza y la Empanada. Los negocios interesados pueden inscribirse&#46;&#46;&#46;<\/p>\n","protected":false},"author":4,"featured_media":6945,"comment_status":"closed","ping_status":"closed","sticky":false,"template":"","format":"standard","meta":{"_monsterinsights_skip_tracking":false,"_monsterinsights_sitenote_active":false,"_monsterinsights_sitenote_note":"","_monsterinsights_sitenote_category":0,"footnotes":""},"categories":[1317],"tags":[2848,2849,2847,2774],"class_list":["post-6939","post","type-post","status-publish","format-standard","has-post-thumbnail","hentry","category-sabores-y-tendencias","tag-empanadas","tag-noche","tag-pizza","tag-septiembre"],"_links":{"self":[{"href":"https:\/\/www.visionweb.com.ar\/index.php?rest_route=\/wp\/v2\/posts\/6939","targetHints":{"allow":["GET"]}}],"collection":[{"href":"https:\/\/www.visionweb.com.ar\/index.php?rest_route=\/wp\/v2\/posts"}],"about":[{"href":"https:\/\/www.visionweb.com.ar\/index.php?rest_route=\/wp\/v2\/types\/post"}],"author":[{"embeddable":true,"href":"https:\/\/www.visionweb.com.ar\/index.php?rest_route=\/wp\/v2\/users\/4"}],"replies":[{"embeddable":true,"href":"https:\/\/www.visionweb.com.ar\/index.php?rest_route=%2Fwp%2Fv2%2Fcomments&post=6939"}],"version-history":[{"count":4,"href":"https:\/\/www.visionweb.com.ar\/index.php?rest_route=\/wp\/v2\/posts\/6939\/revisions"}],"predecessor-version":[{"id":6947,"href":"https:\/\/www.visionweb.com.ar\/index.php?rest_route=\/wp\/v2\/posts\/6939\/revisions\/6947"}],"wp:featuredmedia":[{"embeddable":true,"href":"https:\/\/www.visionweb.com.ar\/index.php?rest_route=\/wp\/v2\/media\/6945"}],"wp:attachment":[{"href":"https:\/\/www.visionweb.com.ar\/index.php?rest_route=%2Fwp%2Fv2%2Fmedia&parent=6939"}],"wp:term":[{"taxonomy":"category","embeddable":true,"href":"https:\/\/www.visionweb.com.ar\/index.php?rest_route=%2Fwp%2Fv2%2Fcategories&post=6939"},{"taxonomy":"post_tag","embeddable":true,"href":"https:\/\/www.visionweb.com.ar\/index.php?rest_route=%2Fwp%2Fv2%2Ftags&post=6939"}],"curies":[{"name":"wp","href":"https:\/\/api.w.org\/{rel}","templated":true}]}}