{"id":6932,"date":"2022-08-18T13:32:33","date_gmt":"2022-08-18T16:32:33","guid":{"rendered":"https:\/\/www.visionweb.com.ar\/?p=6932"},"modified":"2022-08-18T13:32:33","modified_gmt":"2022-08-18T16:32:33","slug":"clausuran-un-curtiembre-en-valentin-alsina","status":"publish","type":"post","link":"https:\/\/www.visionweb.com.ar\/?p=6932","title":{"rendered":"Clausuran un curtiembre en Valent\u00edn Alsina"},"content":{"rendered":"<p><em><strong>La medida fue aplicada por ACUMAR, junto a autoridades municipales por haberse comprobado el derrame de l\u00edquidos cotaminantes.<\/strong><\/em> <!--more--><\/p>\n<div id=\"attachment_6933\" style=\"width: 310px\" class=\"wp-caption alignleft\"><img loading=\"lazy\" decoding=\"async\" aria-describedby=\"caption-attachment-6933\" class=\"wp-image-6933 size-medium\" src=\"https:\/\/www.visionweb.com.ar\/wp-content\/uploads\/2022\/08\/CALUSURA-DE-CURTIEMBRE-300x200.png\" alt=\"\" width=\"300\" height=\"200\" srcset=\"https:\/\/www.visionweb.com.ar\/wp-content\/uploads\/2022\/08\/CALUSURA-DE-CURTIEMBRE-300x200.png 300w, https:\/\/www.visionweb.com.ar\/wp-content\/uploads\/2022\/08\/CALUSURA-DE-CURTIEMBRE-1024x683.png 1024w, https:\/\/www.visionweb.com.ar\/wp-content\/uploads\/2022\/08\/CALUSURA-DE-CURTIEMBRE-768x512.png 768w, https:\/\/www.visionweb.com.ar\/wp-content\/uploads\/2022\/08\/CALUSURA-DE-CURTIEMBRE-1536x1024.png 1536w, https:\/\/www.visionweb.com.ar\/wp-content\/uploads\/2022\/08\/CALUSURA-DE-CURTIEMBRE.png 1920w\" sizes=\"auto, (max-width: 300px) 100vw, 300px\" \/><p id=\"caption-attachment-6933\" class=\"wp-caption-text\">Personal de Acumar, junto a funcionarios de Medioambiente de Lan\u00fas clausuran la Curtiembre.<\/p><\/div>\n<p><strong>\u00a0 \u00a0 \u00a0 \u00a0 T<\/strong>ras detectar un vertido de efluentes de color negro en la zona del arroyo San Mart\u00edn, la Autoridad de Cuenca inspeccion\u00f3 una curtiembre y la clausur\u00f3 al constatar que era la responsable del vuelco clandestino.<\/p>\n<p>La sanci\u00f3n se aplic\u00f3 a la empresa Curtiembre Villares, ubicada en cercan\u00edas del arroyo San Mart\u00edn, en la zona de Valent\u00edn Alsina, cuando un equipo de fiscalizaci\u00f3n de\u00a0<strong>ACUMAR<\/strong>, con el apoyo de Guardias Ambientales, Polic\u00eda y personal del Municipio de Lan\u00fas, realiz\u00f3 un operativo a la altura del Puente Alsina.<\/p>\n<p>En lugar se detect\u00f3 un vertido de efluentes de color negro con descarga en el arroyo San Mart\u00edn, pr\u00f3ximo a la desembocadura en el Riachuelo, motivo por el cual se inspeccion\u00f3 a la curtiembre Villares y, tras detectar que el vuelco clandestino proven\u00eda de all\u00ed, se efectu\u00f3 su clausura.<\/p>\n<p>Luego de la detecci\u00f3n de la mancha, en una recorrida del cuerpo de fiscalizaci\u00f3n de la Autoridad de Cuenca, se sigui\u00f3 el rastro del efluente levantando tapas de las c\u00e1maras de inspecci\u00f3n pluviales, con maquinaria que facilit\u00f3 el municipio, y se decidi\u00f3 realizar una inspecci\u00f3n en la curtiembre Villares, ubicada cerca de la zona de la descarga. Una vez dentro de las instalaciones, se logr\u00f3 identificar el origen del vuelco.<\/p>\n<p dir=\"auto\">La empresa curtidora forma parte de la n\u00f3mina de agentes contaminantes declarados por el organismo. En esta oportunidad, se le aplicar\u00e1 una sanci\u00f3n adicional ya que se constat\u00f3 que volcaba sus efluentes l\u00edquidos de sus procesos de te\u00f1ido de cueros sin tratamiento previo directamente al Riachuelo.<\/p>\n<p dir=\"auto\">En cumplimiento de los objetivos del<a href=\"https:\/\/www.acumar.gob.ar\/pisa-plan-integral-saneamiento-ambiental\/\" target=\"_blank\" rel=\"noopener\">\u00a0Plan Integral de Saneamiento Ambiental<\/a>\u00a0(PISA),\u00a0<strong>ACUMAR<\/strong> se encarga de controlar que los procesos productivos de las empresas de la Cuenca se ajusten a la normativa vigente, sancionar a quienes la incumplen y promover pr\u00e1cticas amigables con el ambiente<strong>(VW)<\/strong>.<\/p>\n<p>&nbsp;<\/p>\n","protected":false},"excerpt":{"rendered":"<p>La medida fue aplicada por ACUMAR, junto a autoridades municipales por haberse comprobado el derrame de l\u00edquidos cotaminantes.<\/p>\n","protected":false},"author":3,"featured_media":6933,"comment_status":"closed","ping_status":"closed","sticky":false,"template":"","format":"standard","meta":{"_monsterinsights_skip_tracking":false,"_monsterinsights_sitenote_active":false,"_monsterinsights_sitenote_note":"","_monsterinsights_sitenote_category":0,"footnotes":""},"categories":[3],"tags":[442,1501,2843,19,2844],"class_list":["post-6932","post","type-post","status-publish","format-standard","has-post-thumbnail","hentry","category-actualidad","tag-acumar","tag-clausura","tag-curtiembre","tag-lanus","tag-vuelco"],"_links":{"self":[{"href":"https:\/\/www.visionweb.com.ar\/index.php?rest_route=\/wp\/v2\/posts\/6932","targetHints":{"allow":["GET"]}}],"collection":[{"href":"https:\/\/www.visionweb.com.ar\/index.php?rest_route=\/wp\/v2\/posts"}],"about":[{"href":"https:\/\/www.visionweb.com.ar\/index.php?rest_route=\/wp\/v2\/types\/post"}],"author":[{"embeddable":true,"href":"https:\/\/www.visionweb.com.ar\/index.php?rest_route=\/wp\/v2\/users\/3"}],"replies":[{"embeddable":true,"href":"https:\/\/www.visionweb.com.ar\/index.php?rest_route=%2Fwp%2Fv2%2Fcomments&post=6932"}],"version-history":[{"count":1,"href":"https:\/\/www.visionweb.com.ar\/index.php?rest_route=\/wp\/v2\/posts\/6932\/revisions"}],"predecessor-version":[{"id":6934,"href":"https:\/\/www.visionweb.com.ar\/index.php?rest_route=\/wp\/v2\/posts\/6932\/revisions\/6934"}],"wp:featuredmedia":[{"embeddable":true,"href":"https:\/\/www.visionweb.com.ar\/index.php?rest_route=\/wp\/v2\/media\/6933"}],"wp:attachment":[{"href":"https:\/\/www.visionweb.com.ar\/index.php?rest_route=%2Fwp%2Fv2%2Fmedia&parent=6932"}],"wp:term":[{"taxonomy":"category","embeddable":true,"href":"https:\/\/www.visionweb.com.ar\/index.php?rest_route=%2Fwp%2Fv2%2Fcategories&post=6932"},{"taxonomy":"post_tag","embeddable":true,"href":"https:\/\/www.visionweb.com.ar\/index.php?rest_route=%2Fwp%2Fv2%2Ftags&post=6932"}],"curies":[{"name":"wp","href":"https:\/\/api.w.org\/{rel}","templated":true}]}}