{"id":6930,"date":"2022-08-18T13:59:27","date_gmt":"2022-08-18T16:59:27","guid":{"rendered":"https:\/\/www.visionweb.com.ar\/?p=6930"},"modified":"2022-08-18T14:01:13","modified_gmt":"2022-08-18T17:01:13","slug":"provincia-apostaran-por-el-transporte-publico-electrico","status":"publish","type":"post","link":"https:\/\/www.visionweb.com.ar\/?p=6930","title":{"rendered":"Provincia: Apostar\u00e1n por el transporte p\u00fablico el\u00e9ctrico"},"content":{"rendered":"<p><em><strong>Habr\u00e1 como prueba, 10 unidades el\u00e9ctricas en el sistema de transporte\u00a0 p\u00fablico de pasajeros. A\u00fan no precisaron cu\u00e1ndo y d\u00f3nde.\u00a0Crear\u00e1n un Observatorio de Transporte Sustentable.\u00a0\u00a0<\/strong><\/em> <!--more--><\/p>\n<p><strong><img loading=\"lazy\" decoding=\"async\" class=\"size-full wp-image-6935 alignright\" src=\"https:\/\/www.visionweb.com.ar\/wp-content\/uploads\/2022\/08\/donofrio-transporte-electrico.bmp\" alt=\"\" width=\"640\" height=\"435\" \/>E<\/strong>l ministro de Transporte de la provincia de Buenos Aires\u00a0Jorge D&#8217;Onofrio\u00a0encabez\u00f3 en la C\u00e1mara de Diputados de la naci\u00f3n el encuentro \u00abElectromovilidad: escenario presente y futuro en Argentina\u00bb. El ministro de Transporte bonaerense resalt\u00f3 la importancia de la electromovilidad. Anunci\u00f3 la creaci\u00f3n del Observatorio de Transporte Sustentable.<\/p>\n<p>En la jornada impulsada por la Oficina Cient\u00edfica de Asesoramiento Legislativo (OCAL) donde se debate la creaci\u00f3n de una Ley integral de Electromovilidad el ministro bonaerense resalt\u00f3: \u00abQue empecemos a abrir el debate sobre c\u00f3mo nos incorporamos al mundo con energ\u00edas renovables y con altos est\u00e1ndares de calidad de vida sin deteriorar el ambiente\u00bb.<\/p>\n<p><a href=\"https:\/\/www.visionweb.com.ar\/wp-content\/uploads\/2022\/08\/BUS-ELECTRICO.bmp\"><img loading=\"lazy\" decoding=\"async\" class=\"size-full wp-image-6937 alignleft\" src=\"https:\/\/www.visionweb.com.ar\/wp-content\/uploads\/2022\/08\/BUS-ELECTRICO.bmp\" alt=\"\" width=\"615\" height=\"402\" \/><\/a>En esa l\u00ednea, D&#8217;Onofrio anunci\u00f3: \u201c<strong>Antes de fin de a\u00f1o vamos a tener circulando 10 unidades el\u00e9ctricas en el sistema de transporte p\u00fablico de pasajeros bonaerense<\/strong>, con el objetivo de ver c\u00f3mo se comportan, c\u00f3mo es el funcionamiento, cu\u00e1les son las requisitorias, y fundamentalmente, c\u00f3mo se adaptan al territorio\u201d.<\/p>\n<p>Agreg\u00f3 a la vez que <strong>los camiones de cargas<\/strong> que hoy funcionan a gasoil \u00ab<strong>tambi\u00e9n podr\u00e1n implementar o transitar esta transformaci\u00f3n hacia lo renovable<\/strong>. Tenemos que dar un debate tambi\u00e9n de cu\u00e1n larga tiene que ser esta transici\u00f3n\u00bb.<\/p>\n<p>Tambi\u00e9n anunci\u00f3 <strong>la creaci\u00f3n del Observatorio de Transporte Sustentable<\/strong>\u00a0mediante el cual se establecer\u00e1n diferentes programas de observaci\u00f3n y se recabar\u00e1n datos para fortalecer la pol\u00edtica de movilidad sustentable.<\/p>\n<p>D&#8217;Onofrio destac\u00f3 el trabajo llevado adelante por la Provincia en materia de sustentabilidad y se\u00f1al\u00f3 que el gobierno provincial est\u00e1 presente en ese sentido: \u00abNo s\u00f3lo desde el Poder Ejecutivo, sino desde el Legislativo tambi\u00e9n, empezando a analizar estas alternativas\u00bb. <strong>(VW)<\/strong><\/p>\n<p>&nbsp;<\/p>\n","protected":false},"excerpt":{"rendered":"<p>Habr\u00e1 como prueba, 10 unidades el\u00e9ctricas en el sistema de transporte\u00a0 p\u00fablico de pasajeros. A\u00fan no precisaron cu\u00e1ndo y d\u00f3nde.\u00a0Crear\u00e1n un Observatorio de Transporte Sustentable.\u00a0\u00a0<\/p>\n","protected":false},"author":4,"featured_media":6935,"comment_status":"closed","ping_status":"closed","sticky":false,"template":"","format":"standard","meta":{"_monsterinsights_skip_tracking":false,"_monsterinsights_sitenote_active":false,"_monsterinsights_sitenote_note":"","_monsterinsights_sitenote_category":0,"footnotes":""},"categories":[8,4],"tags":[],"class_list":["post-6930","post","type-post","status-publish","format-standard","has-post-thumbnail","hentry","category-interes-general","category-politica"],"_links":{"self":[{"href":"https:\/\/www.visionweb.com.ar\/index.php?rest_route=\/wp\/v2\/posts\/6930","targetHints":{"allow":["GET"]}}],"collection":[{"href":"https:\/\/www.visionweb.com.ar\/index.php?rest_route=\/wp\/v2\/posts"}],"about":[{"href":"https:\/\/www.visionweb.com.ar\/index.php?rest_route=\/wp\/v2\/types\/post"}],"author":[{"embeddable":true,"href":"https:\/\/www.visionweb.com.ar\/index.php?rest_route=\/wp\/v2\/users\/4"}],"replies":[{"embeddable":true,"href":"https:\/\/www.visionweb.com.ar\/index.php?rest_route=%2Fwp%2Fv2%2Fcomments&post=6930"}],"version-history":[{"count":3,"href":"https:\/\/www.visionweb.com.ar\/index.php?rest_route=\/wp\/v2\/posts\/6930\/revisions"}],"predecessor-version":[{"id":6938,"href":"https:\/\/www.visionweb.com.ar\/index.php?rest_route=\/wp\/v2\/posts\/6930\/revisions\/6938"}],"wp:featuredmedia":[{"embeddable":true,"href":"https:\/\/www.visionweb.com.ar\/index.php?rest_route=\/wp\/v2\/media\/6935"}],"wp:attachment":[{"href":"https:\/\/www.visionweb.com.ar\/index.php?rest_route=%2Fwp%2Fv2%2Fmedia&parent=6930"}],"wp:term":[{"taxonomy":"category","embeddable":true,"href":"https:\/\/www.visionweb.com.ar\/index.php?rest_route=%2Fwp%2Fv2%2Fcategories&post=6930"},{"taxonomy":"post_tag","embeddable":true,"href":"https:\/\/www.visionweb.com.ar\/index.php?rest_route=%2Fwp%2Fv2%2Ftags&post=6930"}],"curies":[{"name":"wp","href":"https:\/\/api.w.org\/{rel}","templated":true}]}}