{"id":6928,"date":"2022-08-18T14:19:50","date_gmt":"2022-08-18T17:19:50","guid":{"rendered":"https:\/\/www.visionweb.com.ar\/?p=6928"},"modified":"2022-08-18T14:19:50","modified_gmt":"2022-08-18T17:19:50","slug":"provincia-walter-correa-sera-el-nuevo-ministro-de-trabajo","status":"publish","type":"post","link":"https:\/\/www.visionweb.com.ar\/?p=6928","title":{"rendered":"Provincia: Walter Correa ser\u00e1 el nuevo ministro de Trabajo"},"content":{"rendered":"<p><em><strong>Mara Ruiz Malec deja la cartera de Trabajo e ir\u00e1 a la AFIP.<\/strong><strong> Correa viene del gremio de los curtidores,dej\u00f3 su banca en el Congreso de la naci\u00f3n.<\/strong><\/em><!--more--><\/p>\n<p><strong>\u00a0 \u00a0 \u00a0 \u00a0 <img loading=\"lazy\" decoding=\"async\" class=\"size-full wp-image-6941 alignright\" src=\"https:\/\/www.visionweb.com.ar\/wp-content\/uploads\/2022\/08\/CORRERA-WALTER-MINISTRO-DE-TRABAJO-BONAERENSE.bmp\" alt=\"\" width=\"640\" height=\"329\" \/>E<\/strong>l gobernador Axel Kicillof anunciar\u00e1 hoy al reemplazante de Mara Ruiz Malec en la cartera laboral. Ser\u00e1 en el Primer Congreso Bonaerense de Derecho del Trabajo en Mar del Plata.\u00a0Carlos Castagneto pidi\u00f3 por Mara Ruiz Malec en AFIP y la ministra dar\u00e1 el salto a Naci\u00f3n.<\/p>\n<p><strong>\u00a0Walter Correa, sindicalista y titular del gremio de los Curtidores dejar\u00e1 su banca como diputado nacional<\/strong>, y se convertir\u00e1 en el nuevo titular de la cartera laboral designado por\u00a0Axel Kicillof.<\/p>\n<p>Correa, es secretario General del Sindicato de Obreros Curtidores (SOCRA) y de la Federaci\u00f3n del Cuero (FATICA), tambi\u00e9n es referente de la Corriente Federal de los Trabajadores, y adem\u00e1s trabaj\u00f3 como Secretario General de la CGT en Merlo, Moreno y Marcos Paz.\u00a0En 2019 fue uno de los precandidatos del Frente de Todos a la intendencia de Moreno, pero no logr\u00f3 pasar a las elecciones generales.<\/p>\n<p>Por su parte, Ruiz Malec, ser\u00e1 <strong>Directora General de los Recursos de la Seguridad Social, <\/strong>seg\u00fan confirmaron desde AFIP, puesto que antes ostentaba el actual titular de la instituci\u00f3n.<\/p>\n<p>El acto se desarrollar\u00e1 en el NH Gran Hotel Provincial de Mar del Plata, desde donde el Gobernador anunciar\u00e1 el remplazo de Ruiz Malec.<\/p>\n<p>El congreso es un encuentro organizado en conjunto por los ministerios de Trabajo y Justicia y Derechos Humanos de la provincia de Buenos Aires bajo la consigna \u201cDesaf\u00edos para potenciar y expandir la tutela laboral\u201d. Las jornadas se llevar\u00e1n a cabo en Mar del Plata los d\u00edas 18, 19 y 20 de agosto.<\/p>\n<p>Se espera que participen 500 personas, entre funcionarios del Gobierno de la provincia de Buenos Aires, quienes expondr\u00e1n, intercambiar\u00e1n y debatir\u00e1n sobre los aspectos m\u00e1s relevantes de la actualidad del mundo del trabajo. <strong>(VW)<\/strong><\/p>\n<p>&nbsp;<\/p>\n","protected":false},"excerpt":{"rendered":"<p>Mara Ruiz Malec deja la cartera de Trabajo e ir\u00e1 a la AFIP. Correa viene del gremio de los curtidores,dej\u00f3 su banca en el Congreso de la naci\u00f3n.<\/p>\n","protected":false},"author":4,"featured_media":6941,"comment_status":"closed","ping_status":"closed","sticky":false,"template":"","format":"standard","meta":{"_monsterinsights_skip_tracking":false,"_monsterinsights_sitenote_active":false,"_monsterinsights_sitenote_note":"","_monsterinsights_sitenote_category":0,"footnotes":""},"categories":[4],"tags":[2845,167,848,2846],"class_list":["post-6928","post","type-post","status-publish","format-standard","has-post-thumbnail","hentry","category-politica","tag-correra","tag-kicillof","tag-ministerio-de-trabajo","tag-ruiz-malek"],"_links":{"self":[{"href":"https:\/\/www.visionweb.com.ar\/index.php?rest_route=\/wp\/v2\/posts\/6928","targetHints":{"allow":["GET"]}}],"collection":[{"href":"https:\/\/www.visionweb.com.ar\/index.php?rest_route=\/wp\/v2\/posts"}],"about":[{"href":"https:\/\/www.visionweb.com.ar\/index.php?rest_route=\/wp\/v2\/types\/post"}],"author":[{"embeddable":true,"href":"https:\/\/www.visionweb.com.ar\/index.php?rest_route=\/wp\/v2\/users\/4"}],"replies":[{"embeddable":true,"href":"https:\/\/www.visionweb.com.ar\/index.php?rest_route=%2Fwp%2Fv2%2Fcomments&post=6928"}],"version-history":[{"count":3,"href":"https:\/\/www.visionweb.com.ar\/index.php?rest_route=\/wp\/v2\/posts\/6928\/revisions"}],"predecessor-version":[{"id":6943,"href":"https:\/\/www.visionweb.com.ar\/index.php?rest_route=\/wp\/v2\/posts\/6928\/revisions\/6943"}],"wp:featuredmedia":[{"embeddable":true,"href":"https:\/\/www.visionweb.com.ar\/index.php?rest_route=\/wp\/v2\/media\/6941"}],"wp:attachment":[{"href":"https:\/\/www.visionweb.com.ar\/index.php?rest_route=%2Fwp%2Fv2%2Fmedia&parent=6928"}],"wp:term":[{"taxonomy":"category","embeddable":true,"href":"https:\/\/www.visionweb.com.ar\/index.php?rest_route=%2Fwp%2Fv2%2Fcategories&post=6928"},{"taxonomy":"post_tag","embeddable":true,"href":"https:\/\/www.visionweb.com.ar\/index.php?rest_route=%2Fwp%2Fv2%2Ftags&post=6928"}],"curies":[{"name":"wp","href":"https:\/\/api.w.org\/{rel}","templated":true}]}}