{"id":6924,"date":"2022-08-18T10:45:27","date_gmt":"2022-08-18T13:45:27","guid":{"rendered":"https:\/\/www.visionweb.com.ar\/?p=6924"},"modified":"2022-08-18T10:45:27","modified_gmt":"2022-08-18T13:45:27","slug":"hospital-evita-la-provincia-reparo-a-nuevo-la-terapia-intermedia-pediatrica","status":"publish","type":"post","link":"https:\/\/www.visionweb.com.ar\/?p=6924","title":{"rendered":"Hospital Evita: La Provincia repar\u00f3 a nuevo la terapia intermedia pedi\u00e1trica"},"content":{"rendered":"<p><em><strong>Es parte del plan Salud a la obra. La construcci\u00f3n y ampliaci\u00f3n permiti\u00f3 aumentar en un 66 por ciento la capacidad de internaci\u00f3n para ni\u00f1os y ni\u00f1as.<\/strong><\/em><!--more--><\/p>\n<p><strong>\u00a0 \u00a0 \u00a0 \u00a0 <img loading=\"lazy\" decoding=\"async\" class=\"size-medium wp-image-6925 alignright\" src=\"https:\/\/www.visionweb.com.ar\/wp-content\/uploads\/2022\/08\/HIAG-EVITA-300x169.png\" alt=\"\" width=\"300\" height=\"169\" srcset=\"https:\/\/www.visionweb.com.ar\/wp-content\/uploads\/2022\/08\/HIAG-EVITA-300x169.png 300w, https:\/\/www.visionweb.com.ar\/wp-content\/uploads\/2022\/08\/HIAG-EVITA-768x432.png 768w, https:\/\/www.visionweb.com.ar\/wp-content\/uploads\/2022\/08\/HIAG-EVITA.png 800w\" sizes=\"auto, (max-width: 300px) 100vw, 300px\" \/>\u00a0 \u00a0E<\/strong>l hospital Evita de Lan\u00fas abri\u00f3 la nueva terapia intermedia pedi\u00e1trica y, de este modo, increment\u00f3 en un 66 por ciento la cantidad de camas correspondientes a este sector y a la Unidad de Terapia Intensiva (UTI) para ni\u00f1os y ni\u00f1as.<\/p>\n<p>La nueva terapia intermedia, que se construy\u00f3 a nuevo sobre un \u00e1rea del edificio que estaba muy deteriorado, pas\u00f3 de cinco a ocho camas mientras que la UTI pas\u00f3 de 7 a 12 plazas.<\/p>\n<p><img loading=\"lazy\" decoding=\"async\" class=\"size-medium wp-image-6926 alignleft\" src=\"https:\/\/www.visionweb.com.ar\/wp-content\/uploads\/2022\/08\/UTI-EVITA-246x300.png\" alt=\"\" width=\"246\" height=\"300\" srcset=\"https:\/\/www.visionweb.com.ar\/wp-content\/uploads\/2022\/08\/UTI-EVITA-246x300.png 246w, https:\/\/www.visionweb.com.ar\/wp-content\/uploads\/2022\/08\/UTI-EVITA.png 365w\" sizes=\"auto, (max-width: 246px) 100vw, 246px\" \/>\u201cA pocos d\u00edas de la apertura, las ocho camas de terapia intermedia est\u00e1n al 100 por ciento porque coincide con el momento de mayor cantidad de infecciones respiratorias\u201d, cont\u00f3 el director ejecutivo del hospital, Javier Maroni. Y explic\u00f3 que \u00a0se reform\u00f3 y se hizo a nuevo sobre un lugar que estaba \u201cmuy abandonado, con p\u00e9rdidas de agua y en muy mal estado\u201d.<\/p>\n<p>Maroni tambi\u00e9n detall\u00f3 que \u201clo renovamos completamente con\u00a0 fondos de Salud a la Obra y con el aporte de nuestro departamento de Mantenimiento. Se adquiri\u00f3 e instal\u00f3 iluminaci\u00f3n, picaportes, puertas nuevas, pintura, sanitarios, mobiliario y las nuevas camas que nos entreg\u00f3 el gobierno de la Provincia\u201d. Adem\u00e1s, para darle al espacio mayor seguridad se instal\u00f3 un sistema de monitoreo y otro de ingreso con clave num\u00e9rica para uso del equipo de salud.<\/p>\n<p>El hospital provincial Evita de Lan\u00fas es un establecimiento de derivaci\u00f3n permanente que atiende alrededor de 300 internaciones anuales en terapia intermedia y 200 en terapia intensiva<strong>(VW)<\/strong>.<\/p>\n","protected":false},"excerpt":{"rendered":"<p>Es parte del plan Salud a la obra. La construcci\u00f3n y ampliaci\u00f3n permiti\u00f3 aumentar en un 66 por ciento la capacidad de internaci\u00f3n para ni\u00f1os y ni\u00f1as.<\/p>\n","protected":false},"author":3,"featured_media":6925,"comment_status":"closed","ping_status":"closed","sticky":false,"template":"","format":"standard","meta":{"_monsterinsights_skip_tracking":false,"_monsterinsights_sitenote_active":false,"_monsterinsights_sitenote_note":"","_monsterinsights_sitenote_category":0,"footnotes":""},"categories":[1],"tags":[],"class_list":["post-6924","post","type-post","status-publish","format-standard","has-post-thumbnail","hentry","category-uncategorized"],"_links":{"self":[{"href":"https:\/\/www.visionweb.com.ar\/index.php?rest_route=\/wp\/v2\/posts\/6924","targetHints":{"allow":["GET"]}}],"collection":[{"href":"https:\/\/www.visionweb.com.ar\/index.php?rest_route=\/wp\/v2\/posts"}],"about":[{"href":"https:\/\/www.visionweb.com.ar\/index.php?rest_route=\/wp\/v2\/types\/post"}],"author":[{"embeddable":true,"href":"https:\/\/www.visionweb.com.ar\/index.php?rest_route=\/wp\/v2\/users\/3"}],"replies":[{"embeddable":true,"href":"https:\/\/www.visionweb.com.ar\/index.php?rest_route=%2Fwp%2Fv2%2Fcomments&post=6924"}],"version-history":[{"count":1,"href":"https:\/\/www.visionweb.com.ar\/index.php?rest_route=\/wp\/v2\/posts\/6924\/revisions"}],"predecessor-version":[{"id":6927,"href":"https:\/\/www.visionweb.com.ar\/index.php?rest_route=\/wp\/v2\/posts\/6924\/revisions\/6927"}],"wp:featuredmedia":[{"embeddable":true,"href":"https:\/\/www.visionweb.com.ar\/index.php?rest_route=\/wp\/v2\/media\/6925"}],"wp:attachment":[{"href":"https:\/\/www.visionweb.com.ar\/index.php?rest_route=%2Fwp%2Fv2%2Fmedia&parent=6924"}],"wp:term":[{"taxonomy":"category","embeddable":true,"href":"https:\/\/www.visionweb.com.ar\/index.php?rest_route=%2Fwp%2Fv2%2Fcategories&post=6924"},{"taxonomy":"post_tag","embeddable":true,"href":"https:\/\/www.visionweb.com.ar\/index.php?rest_route=%2Fwp%2Fv2%2Ftags&post=6924"}],"curies":[{"name":"wp","href":"https:\/\/api.w.org\/{rel}","templated":true}]}}