{"id":6921,"date":"2022-08-18T09:47:28","date_gmt":"2022-08-18T12:47:28","guid":{"rendered":"https:\/\/www.visionweb.com.ar\/?p=6921"},"modified":"2022-08-18T09:47:28","modified_gmt":"2022-08-18T12:47:28","slug":"nestor-urretabizkaya-es-el-nuevo-decano-de-ciencias-agrarias-de-la-unlz","status":"publish","type":"post","link":"https:\/\/www.visionweb.com.ar\/?p=6921","title":{"rendered":"N\u00e9stor Urretabizkaya es el nuevo decano de Ciencias Agrarias de la UNLZ"},"content":{"rendered":"<p><strong><em>Urretabizkaya, quien hab\u00eda sido electo de forma un\u00e1nime para ocupar el puesto, jur\u00f3 como decano de la unidad acad\u00e9mica.<\/em><\/strong><!--more--><\/p>\n<div id=\"attachment_6922\" style=\"width: 310px\" class=\"wp-caption alignright\"><img loading=\"lazy\" decoding=\"async\" aria-describedby=\"caption-attachment-6922\" class=\"wp-image-6922 size-medium\" src=\"https:\/\/www.visionweb.com.ar\/wp-content\/uploads\/2022\/08\/Nuevo-decana-de-Agronomia-en-la-UNLZ-300x200.png\" alt=\"\" width=\"300\" height=\"200\" srcset=\"https:\/\/www.visionweb.com.ar\/wp-content\/uploads\/2022\/08\/Nuevo-decana-de-Agronomia-en-la-UNLZ-300x200.png 300w, https:\/\/www.visionweb.com.ar\/wp-content\/uploads\/2022\/08\/Nuevo-decana-de-Agronomia-en-la-UNLZ.png 640w\" sizes=\"auto, (max-width: 300px) 100vw, 300px\" \/><p id=\"caption-attachment-6922\" class=\"wp-caption-text\">N\u00e9stor Urretabizcaya, es el nuevoi decano de la facultad de de Ciencias Agrarias de la UNLZ. (Prensa UNLZ)<\/p><\/div>\n<p>El flamante decano de Ciencias Agrarias de la Universidad Nacional de Lomas de Zamora (UNLZ), N\u00e9stor Urretabizkaya, destac\u00f3 \u201cla clara e inequ\u00edvoca voluntad de establecer un gobierno de consenso y de fortalecer el crecimiento sostenido\u201d de esa Facultad, consolidando la excelencia acad\u00e9mica.<\/p>\n<p>Durante una emotiva ceremonia, Urretabizkaya, quien hab\u00eda sido\u00a0<strong>electo de forma un\u00e1nime para ocupar el puesto, jur\u00f3 como decano<\/strong>\u00a0de la unidad acad\u00e9mica. \u201cNos lanzamos a construir un futuro y es ah\u00ed donde se encuentran nuestros sue\u00f1os, nuestras expectativas institucionales y ambiciones acad\u00e9micas\u201d, remarc\u00f3 en su discurso Urretabizkaya.<\/p>\n<p>El rector de la Universidad Nacional de Lomas de Zamora, Diego Molea, quien le tom\u00f3 juramento a Urretabizkaya, resalt\u00f3 la presencia de autoridades, representantes de organismos del Estado, docentes y estudiantes<strong>: \u201cSe nota una enorme vocaci\u00f3n para continuar transformando esta Facultad y eso es algo que nos compromete a todos\u201d.<\/strong>\u00a0En esa l\u00ednea, sostuvo que \u201cla Facultad est\u00e1 unida, convocando a todos, comprometidos con esta gesti\u00f3n, donde asume un decano dispuesto a rendir cuentas\u201d.<\/p>\n<p>Durante el acto de asunci\u00f3n, ambos coincidieron en remarcar el trabajo conjunto y el compromiso de la unidad acad\u00e9mica con los asuntos prioritarios.<\/p>\n<p>Antes de la toma de juramento, el decano saliente, Carlos Rossi, agradeci\u00f3 a todo el equipo de gesti\u00f3n que lo acompa\u00f1\u00f3, a la comunidad de profesores que realiz\u00f3 un \u201cgran esfuerzo durante la pandemia para continuar con el dictado de clases\u201d, y tambi\u00e9n a los no docentes que \u201csiempre estaban a disposici\u00f3n de la Facultad\u201d.<\/p>\n<h2>Los desaf\u00edos de la gesti\u00f3n<\/h2>\n<p>Urretabizkaya enumer\u00f3 las distintas l\u00edneas de acci\u00f3n \u201cpara elaborar ese futuro\u201d. En principio se\u00f1al\u00f3 que el \u201cgran desaf\u00edo que tenemos es\u00a0<strong>disminuir la deserci\u00f3n estudiantil,\u00a0<\/strong>donde varias razones extra acad\u00e9micas se conjugan, pero nosotros tenemos el deber de resolverlo\u201d.<\/p>\n<p>Seguidamente, indic\u00f3 que trabajan para\u00a0<strong>impulsar la formaci\u00f3n docente y actualizar los planes de estudio<\/strong>. \u201cDebemos estar delante del cambio para ello es esencial brindar nuevas herramientas para enfrentar el aula h\u00edbrida, las nuevas estrategias de ense\u00f1anza y el material multimedial\u201d, sostuvo, y a\u00f1adi\u00f3: \u201cDebemos adecuar los contenidos a los nuevos perfiles profesionales que permitan una mejor inserci\u00f3n laboral\u201d.<\/p>\n<p>Por \u00faltimo, focaliz\u00f3 en la necesidad de\u00a0<strong>\u201cfortalecer la internacionalizaci\u00f3n de las carreras, con intercambio de docentes, alumnos y trabajadores, y profundizar la investigaci\u00f3n cient\u00edfica<\/strong>, orient\u00e1ndola a tem\u00e1ticas prioritarias\u201d<\/p>\n<p>Al referirse al cincuentenario de la UNLZ que se aproxima, el Rector record\u00f3: \u201cSer la primera del<br \/>\nConurbano, no es s\u00f3lo una cuesti\u00f3n geogr\u00e1fica. Cuando nos dieron esa misi\u00f3n inicial de darle la<br \/>\noportunidad a todos, pero por sobre todo a los que menos posibilidades ten\u00edan, era tambi\u00e9n en<br \/>\nuna matriz pedag\u00f3gica distinta:\u00a0<strong>nosotros formamos profesionales con sensibilidad social, \u00e9sa es<br \/>\nnuestra verdadera misi\u00f3n, formar personas que nos ayuden a construir comunidad <\/strong><strong>(VW)<\/strong><\/p>\n<div class=\"wp-block-image\"><\/div>\n","protected":false},"excerpt":{"rendered":"<p>Urretabizkaya, quien hab\u00eda sido electo de forma un\u00e1nime para ocupar el puesto, jur\u00f3 como decano de la unidad acad\u00e9mica.<\/p>\n","protected":false},"author":3,"featured_media":6922,"comment_status":"closed","ping_status":"closed","sticky":false,"template":"","format":"standard","meta":{"_monsterinsights_skip_tracking":false,"_monsterinsights_sitenote_active":false,"_monsterinsights_sitenote_note":"","_monsterinsights_sitenote_category":0,"footnotes":""},"categories":[1],"tags":[],"class_list":["post-6921","post","type-post","status-publish","format-standard","has-post-thumbnail","hentry","category-uncategorized"],"_links":{"self":[{"href":"https:\/\/www.visionweb.com.ar\/index.php?rest_route=\/wp\/v2\/posts\/6921","targetHints":{"allow":["GET"]}}],"collection":[{"href":"https:\/\/www.visionweb.com.ar\/index.php?rest_route=\/wp\/v2\/posts"}],"about":[{"href":"https:\/\/www.visionweb.com.ar\/index.php?rest_route=\/wp\/v2\/types\/post"}],"author":[{"embeddable":true,"href":"https:\/\/www.visionweb.com.ar\/index.php?rest_route=\/wp\/v2\/users\/3"}],"replies":[{"embeddable":true,"href":"https:\/\/www.visionweb.com.ar\/index.php?rest_route=%2Fwp%2Fv2%2Fcomments&post=6921"}],"version-history":[{"count":1,"href":"https:\/\/www.visionweb.com.ar\/index.php?rest_route=\/wp\/v2\/posts\/6921\/revisions"}],"predecessor-version":[{"id":6923,"href":"https:\/\/www.visionweb.com.ar\/index.php?rest_route=\/wp\/v2\/posts\/6921\/revisions\/6923"}],"wp:featuredmedia":[{"embeddable":true,"href":"https:\/\/www.visionweb.com.ar\/index.php?rest_route=\/wp\/v2\/media\/6922"}],"wp:attachment":[{"href":"https:\/\/www.visionweb.com.ar\/index.php?rest_route=%2Fwp%2Fv2%2Fmedia&parent=6921"}],"wp:term":[{"taxonomy":"category","embeddable":true,"href":"https:\/\/www.visionweb.com.ar\/index.php?rest_route=%2Fwp%2Fv2%2Fcategories&post=6921"},{"taxonomy":"post_tag","embeddable":true,"href":"https:\/\/www.visionweb.com.ar\/index.php?rest_route=%2Fwp%2Fv2%2Ftags&post=6921"}],"curies":[{"name":"wp","href":"https:\/\/api.w.org\/{rel}","templated":true}]}}