{"id":6894,"date":"2022-08-17T11:23:03","date_gmt":"2022-08-17T14:23:03","guid":{"rendered":"https:\/\/www.visionweb.com.ar\/?p=6894"},"modified":"2022-08-17T11:23:52","modified_gmt":"2022-08-17T14:23:52","slug":"por-la-marcha-de-la-cgt-los-bancos-pararon-desde-las-11-de-la-manana","status":"publish","type":"post","link":"https:\/\/www.visionweb.com.ar\/?p=6894","title":{"rendered":"Por la marcha de la CGT, los bancos pararon desde las 11 de la ma\u00f1ana"},"content":{"rendered":"<p><em><strong>Hoy no hay actividad. La Bancaria\u00a0 se suma a la movilizaci\u00f3n de la CGT y, realiza un paro de bancos desde las 11 horas.<\/strong><\/em><!--more--><\/p>\n<div id=\"attachment_6897\" style=\"width: 310px\" class=\"wp-caption alignleft\"><img loading=\"lazy\" decoding=\"async\" aria-describedby=\"caption-attachment-6897\" class=\"wp-image-6897 size-medium\" src=\"https:\/\/www.visionweb.com.ar\/wp-content\/uploads\/2022\/08\/BANCARIOS-HACIA-EL-OBELISCO-300x169.png\" alt=\"\" width=\"300\" height=\"169\" srcset=\"https:\/\/www.visionweb.com.ar\/wp-content\/uploads\/2022\/08\/BANCARIOS-HACIA-EL-OBELISCO-300x169.png 300w, https:\/\/www.visionweb.com.ar\/wp-content\/uploads\/2022\/08\/BANCARIOS-HACIA-EL-OBELISCO-768x432.png 768w, https:\/\/www.visionweb.com.ar\/wp-content\/uploads\/2022\/08\/BANCARIOS-HACIA-EL-OBELISCO.png 800w\" sizes=\"auto, (max-width: 300px) 100vw, 300px\" \/><p id=\"caption-attachment-6897\" class=\"wp-caption-text\"><em><strong>La Asociaci\u00f3n Bancaria convoc\u00f3 a los trabajadores del gremio a concurrir a la marcha que se realizar\u00e1 hacia la plaza del congreso a partir de las 15 horas. (Foto AB) <\/strong><\/em><\/p><\/div>\n<p><strong>\u00a0\u00a0\u00a0\u00a0\u00a0\u00a0\u00a0\u00a0\u00a0\u00a0\u00a0\u00a0\u00a0\u00a0\u00a0\u00a0\u00a0 \u00a0 L<\/strong>a Asociaci\u00f3n Bancaria (AB), conducida\u00a0 por Sergio Palazzo, anunci\u00f3 este mi\u00e9rcoles que se suma a la marcha de la Confederaci\u00f3n General del Trabajo (CGT), por lo que habr\u00e1 un paro en los bancos, para convocar a los trabajadores del gremio a concentrarse frente al Obelisco, ubicado en Corrientes y 9 de Julio, en la\u00a0 Ciudad de Buenos Aires (CABA) a partir de las 15 horas, para marchar luego hacia la plaza del Congreso de la Naci\u00f3n.<\/p>\n<p>Desde La Bancaria emitieron un comunicado firmado por el secretario general de la entidad y diputado del Frente de Todos (FdT), Sergio Palazzo, y el secretario de Prensa del gremio, Claudio Bustelo, en el que indicaron: \u00abMarchamos frente a los que atentan contra nuestro presente, a los que promueven golpes de mercado especulando con el d\u00f3lar, en defensa de nuestros ingresos y el poder adquisitivo de nuestro salario.\u00bb<\/p>\n<p>\u201cLos bancarios se movilizar\u00e1n de forma masiva con la misma convicci\u00f3n de siempre y junto con la CGT para denunciar a las corporaciones econ\u00f3mico-financieras\u201d, afirm\u00f3 el gremio.<\/p>\n<p>Al respecto, el comunicado indic\u00f3 que: \u201cEs necesario recuperar la econom\u00eda nacional con inclusi\u00f3n y justicia social, y con plena vigencia de los derechos laborales y de la seguridad social\u201d.<\/p>\n<p>\u201cLa intolerable acci\u00f3n de las corporaciones econ\u00f3mico-financieras que atentan contra los derechos alimentarios de millones de argentinos y el proceso de reactivaci\u00f3n de la econom\u00eda productiva\u201d, profundizaron.<\/p>\n<p>Los dirigentes gremiales subrayaron que \u201cm\u00e1s vale prevenir que resistir y decir basta a tiempo, por lo que el sindicato invita a todos los trabajadores de la actividad a salir ma\u00f1ana a la calle para decir basta\u201d.<\/p>\n<p>Por su parte, la Izquierda tambi\u00e9n comunic\u00f3 que se sumar\u00e1 a las movilizaciones de este mi\u00e9rcoles 17 de agosto, y marchar\u00e1n hacia Plaza de Mayo. <strong>(VW)<\/strong><\/p>\n<p>&nbsp;<\/p>\n","protected":false},"excerpt":{"rendered":"<p>Hoy no hay actividad. La Bancaria\u00a0 se suma a la movilizaci\u00f3n de la CGT y, realiza un paro de bancos desde las 11 horas.<\/p>\n","protected":false},"author":4,"featured_media":6897,"comment_status":"closed","ping_status":"closed","sticky":false,"template":"","format":"standard","meta":{"_monsterinsights_skip_tracking":false,"_monsterinsights_sitenote_active":false,"_monsterinsights_sitenote_note":"","_monsterinsights_sitenote_category":0,"footnotes":""},"categories":[4,1],"tags":[2838,485,516,2839],"class_list":["post-6894","post","type-post","status-publish","format-standard","has-post-thumbnail","hentry","category-politica","category-uncategorized","tag-bancaria","tag-congreso","tag-marcha","tag-palazzo"],"_links":{"self":[{"href":"https:\/\/www.visionweb.com.ar\/index.php?rest_route=\/wp\/v2\/posts\/6894","targetHints":{"allow":["GET"]}}],"collection":[{"href":"https:\/\/www.visionweb.com.ar\/index.php?rest_route=\/wp\/v2\/posts"}],"about":[{"href":"https:\/\/www.visionweb.com.ar\/index.php?rest_route=\/wp\/v2\/types\/post"}],"author":[{"embeddable":true,"href":"https:\/\/www.visionweb.com.ar\/index.php?rest_route=\/wp\/v2\/users\/4"}],"replies":[{"embeddable":true,"href":"https:\/\/www.visionweb.com.ar\/index.php?rest_route=%2Fwp%2Fv2%2Fcomments&post=6894"}],"version-history":[{"count":4,"href":"https:\/\/www.visionweb.com.ar\/index.php?rest_route=\/wp\/v2\/posts\/6894\/revisions"}],"predecessor-version":[{"id":6899,"href":"https:\/\/www.visionweb.com.ar\/index.php?rest_route=\/wp\/v2\/posts\/6894\/revisions\/6899"}],"wp:featuredmedia":[{"embeddable":true,"href":"https:\/\/www.visionweb.com.ar\/index.php?rest_route=\/wp\/v2\/media\/6897"}],"wp:attachment":[{"href":"https:\/\/www.visionweb.com.ar\/index.php?rest_route=%2Fwp%2Fv2%2Fmedia&parent=6894"}],"wp:term":[{"taxonomy":"category","embeddable":true,"href":"https:\/\/www.visionweb.com.ar\/index.php?rest_route=%2Fwp%2Fv2%2Fcategories&post=6894"},{"taxonomy":"post_tag","embeddable":true,"href":"https:\/\/www.visionweb.com.ar\/index.php?rest_route=%2Fwp%2Fv2%2Ftags&post=6894"}],"curies":[{"name":"wp","href":"https:\/\/api.w.org\/{rel}","templated":true}]}}