{"id":6889,"date":"2022-08-16T17:45:01","date_gmt":"2022-08-16T20:45:01","guid":{"rendered":"https:\/\/www.visionweb.com.ar\/?p=6889"},"modified":"2022-08-16T17:45:01","modified_gmt":"2022-08-16T20:45:01","slug":"se-presento-el-nuevo-esquema-de-segmentacion-tarifaria","status":"publish","type":"post","link":"https:\/\/www.visionweb.com.ar\/?p=6889","title":{"rendered":"Se present\u00f3 el nuevo esquema de segmentaci\u00f3n tarifaria"},"content":{"rendered":"<p><em><strong>Gas: En el caso de la Capital Federal, donde opera la empresa Metrogas, el tope anual ser\u00e1 de 175 metros c\u00fabicos para los usuarios R1 (la categor\u00eda m\u00e1s baja) y de 403 metros c\u00fabicos para la categor\u00eda R2-1.<\/strong><\/em><!--more--><\/p>\n<p><strong>\u00a0 <img loading=\"lazy\" decoding=\"async\" class=\"size-medium wp-image-6891 alignright\" src=\"https:\/\/www.visionweb.com.ar\/wp-content\/uploads\/2022\/08\/FLAVIA-ROYON-300x200.png\" alt=\"\" width=\"300\" height=\"200\" srcset=\"https:\/\/www.visionweb.com.ar\/wp-content\/uploads\/2022\/08\/FLAVIA-ROYON-300x200.png 300w, https:\/\/www.visionweb.com.ar\/wp-content\/uploads\/2022\/08\/FLAVIA-ROYON-768x513.png 768w, https:\/\/www.visionweb.com.ar\/wp-content\/uploads\/2022\/08\/FLAVIA-ROYON.png 800w\" sizes=\"auto, (max-width: 300px) 100vw, 300px\" \/> \u00a0 A<\/strong> dos meses de haberse fijado la segmentaci\u00f3n de los subsidios<strong>, <\/strong>el gobierno nacional, a trav\u00e9s de la Secretar\u00eda de Energ\u00eda, anunci\u00f3 este martes el nuevo esquema tarifario que regir\u00e1 a partir del 1 de septiembre\u00a0 y que incluye la eliminaci\u00f3n paulatina de los subsidios y cupos de consumo de gas, energ\u00eda el\u00e9ctrica y agua corriente.<\/p>\n<p>El anunci\u00f3 estuvo a cargo de la titular de la secretar\u00eda de Energ\u00eda de la Naci\u00f3n, Flavia Roy\u00f3n, acompa\u00f1ada por los los funcionarios de cada una de las \u00e1reas que integran esa cartera.<\/p>\n<p>Este nuevo esquema tarifario incluir\u00e1 en las facturas que llegaran a partir de septiembre un aumento promedio de $1.300, para los servicios de energ\u00eda el\u00e9ctrica y gas.<\/p>\n<p>\u201cEsta segmentaci\u00f3n ha sido basada en la justicia social y la equidad. Hemos planteado que llegue el subsidio al que m\u00e1s lo necesita y que la poblaci\u00f3n de m\u00e1s ingresos puedan acompa\u00f1ar el ahorro fiscal\u201d, dijo Roy\u00f3n al iniciar su presentaci\u00f3n.<\/p>\n<p><em><strong>Los anuncios<\/strong><\/em><\/p>\n<p>La funcionaria explic\u00f3 que por intermedio del registro de usuarios que solicitaron mantener los subsidios, se pudo establecer tres categor\u00edas de consumo, seg\u00fan los niveles de ingresos percibidos.<\/p>\n<p>Al respecto Roy\u00f3n explic\u00f3 que sobre el universo de los inscriptos el gobierno pudo identificar tres categor\u00edas por los niveles de ingresos.<\/p>\n<p>El Nivel 1, corresponde a los usuarios de mayores ingresos y gente que no solicit\u00f3 su registraci\u00f3n, quienes suman\u00a0 unos 269.000 hogares. El Nivel 2, corresponde a los usuarios de menores ingresos registrados (provisoriamente se incluir\u00e1n beneficiarios de la tarifa social) con m\u00e1s de 2,8 millones de hogares, que mantendr\u00e1n el subsidio completo. Y el Nivel 3, de clase media, que alcanza a un universo de con 2,6 millones de hogares.<\/p>\n<p><img loading=\"lazy\" decoding=\"async\" class=\"size-medium wp-image-6892 alignleft\" src=\"https:\/\/www.visionweb.com.ar\/wp-content\/uploads\/2022\/08\/CUADRO-DE-FACTURACION-300x109.png\" alt=\"\" width=\"300\" height=\"109\" srcset=\"https:\/\/www.visionweb.com.ar\/wp-content\/uploads\/2022\/08\/CUADRO-DE-FACTURACION-300x109.png 300w, https:\/\/www.visionweb.com.ar\/wp-content\/uploads\/2022\/08\/CUADRO-DE-FACTURACION.png 749w\" sizes=\"auto, (max-width: 300px) 100vw, 300px\" \/>Sin embargo, a\u00f1adi\u00f3 Roy\u00f3n, quedaron 4 millones de usuarios que no se inscribieron y al respecto se\u00f1alo la secretaria de Energ\u00eda que el registro quedar\u00e1 abierto y se trabajar\u00e1 para identificar a los usuarios que no se inscribieron pero les corresponder\u00eda tener tarifa social o subsidios.<\/p>\n<p>\u201cEsta medida contribuye a un Estado eficiente y ordenado. Vamos a trabajar para concretizar a la poblaci\u00f3n sobre el uso eficiente del recurso\u201d, dijo Roy\u00f3n.<\/p>\n<p>De acuerdo con los c\u00e1lculos hechos por los t\u00e9cnicos de la cartera de Eonom\u00eda, a partir de septiembre y hasta fines de 2022 el Estado ahorrar\u00e1 unos 47-500 millones de pesos y a lo largo de 2023, ese monto se elevar\u00e1 a los 455.000 mil millones de pesos.<\/p>\n<p><em><strong>El nuevo cuadro para gas<\/strong><\/em><\/p>\n<p>En el caso del gas, para el Nivel 1 se aplicar\u00e1 quita total del subsidio para todo el consumo, en tramos hasta diciembre. Para el Nivel 3, de ingresos medios, se subsidiar\u00e1 un volumen equivalente al 70% del promedio de los umbrales m\u00ednimo y m\u00e1ximo de cada categor\u00eda y subzona. El excedente a esos topes, de acuerdo a cada zona del pa\u00eds no va a tener subsidio.<\/p>\n<p>En el caso de la Capital Federal, donde opera la empresa Metrogas, el tope anual ser\u00e1 de 175 metros c\u00fabicos para los usuarios R1 (la categor\u00eda m\u00e1s baja) y de 403 metros c\u00fabicos para la categor\u00eda R2-1.<\/p>\n<p>Los aumentos para los Niveles 1 y 3 se aplicar\u00e1n gradualmente en tres bimestres (a partir de los consumos del 31 de agosto, octubre y diciembre). A los usuarios y a las usuarias del Nivel 2 se les mantiene la tarifa vigente.<\/p>\n<p>Por ejemplo, si se toma el valor de un consumo promedio, para el caso del nivel de m\u00e1s ingresos (Nivel 1), con una factura de $1.650 en junio, se incrementar\u00e1 $338 en septiembre, $468 en noviembre y $649 en enero de 2023. Esto ser\u00eda $1.455 de incremento en total y la factura final en enero pasar\u00e1 a $3.105 (un 88% m\u00e1s con respecto a junio), siempre en valores promedio.<\/p>\n<p><em><strong>Los aumentos<\/strong><\/em><\/p>\n<p>Cabe recordar que en marzo de 2022 se aplic\u00f3 un incremento del 20,1% en factura promedio para usuarios residenciales por variaciones en la remuneraci\u00f3n al servicio de transporte y distribuci\u00f3n de gas.<\/p>\n<p>En junio de 2022 se autoriz\u00f3 una suba del precio del gas en el ingreso al sistema de transporte (PIST) para los usuarios no beneficiarios de la Tarifa Social, que signific\u00f3 un impacto en factura promedio del 18,5%.<\/p>\n<p>Los aumentos se aplican de manera gradual por bimestres a partir de septiembre (noviembre y enero posteriormente) implicando un aumento promedio cercano a los $500 por mes por escal\u00f3n y $1.500 por mes acumulado en los tres bimestres<\/p>\n<p>El consumo de gas por redes en los hogares ubicados las regiones m\u00e1s fr\u00edas del pa\u00eds duplica al de regiones templadas. En casos m\u00e1s extremos, como es el caso entre la provincia de Santa Cruz y la Ciudad de Buenos Aires, la diferencia es de 11 a uno.<\/p>\n<p class=\"paragraph\">Desde la Secretar\u00eda de Energ\u00eda aclararon que la cantidad de gas demandada por los hogares no se encuentra relacionada con el nivel de ingresos y se vincula directamente con condiciones clim\u00e1ticas, cantidad de participantes del hogar, caracter\u00edsticas constructivas de la vivienda y la eficiencia de los equipos dom\u00e9sticos<\/p>\n<p class=\"paragraph\">El consumo de gas por redes en los hogares ubicados las regiones m\u00e1s fr\u00edas del pa\u00eds duplica al de regiones templadas. En casos m\u00e1s extremos, como es el caso entre la provincia de Santa Cruz y la Ciudad de Buenos Aires, la diferencia es de 11 a uno.<\/p>\n<p><strong><em>Cupos para la energ\u00eda el\u00e9ctrica<\/em><\/strong><\/p>\n<p>\u201cEste plan ha tratado de una tener una visi\u00f3n lo m\u00e1s federal posible, que contemple la realidad de cada uno de los argentinos teniendo un pa\u00eds tan vasto con tan diferentes circunstancias. Del valor tope no es que si uno se pasa pierde todo, en raz\u00f3n a la progresividad sobre el incremental al tope se va a hacer la quita del subsidio\u201d, dijo Roy\u00f3n.<\/p>\n<p>En el caso de las tarifas de energ\u00eda el\u00e9ctrica, el tope de consumo para la tarifa con subsidios ser\u00e1 de 400 kWh mensual por hogar. Pero para las localidades que no cuenten con gas natural por redes el tope se incrementar\u00e1 a 550 kWh.<\/p>\n<p>Durante la conferencia, se brind\u00f3 ejemplos de aumentos en la factura a partir de la implementaci\u00f3n de la segmentaci\u00f3n. Para un usuario de Edesur, con un consumo promedio de 300 kwh por mes, la factura final pasar\u00e1 de $1.467 en agosto a $2.285 en septiembre de 2022.<\/p>\n<p><em><strong>Tarifas de agua<\/strong><\/em><\/p>\n<p>En el caso del servicio de agua, para los usuarios de la empresa Aysa, la quita de subsidios ser\u00e1 total a partir de noviembre para los usuarios residenciales y terrenos localizados en las zonas calificadas como de ingresos \u201caltos\u201d. En tanto, los usuarios que ya cuentan con tarifa social y comunitaria quedar\u00e1n exceptuados de la segmentaci\u00f3n y no perder\u00e1n el beneficio.<\/p>\n<p>Para los usuarios localizados en zonas calificadas como \u201cmedias\u201d la quita de subsidios se har\u00e1 en tres etapas: tendr\u00e1n 40% desde el 1\u00b0 de noviembre y hasta el 31 de diciembre de 2022; luego, el 20% desde el 1\u00b0 de noviembre de 2022 y hasta el 28 de febrero de 2023. Y finalmente la eliminaci\u00f3n del subsidio desde el 1\u00b0 de marzo de 2023<\/p>\n<p>En tanto que los usuarios localizados en zonas calificadas como bajas, el cronograma ser\u00e1: subsidio del 45% desde el 1\u00b0 de noviembre al 31 de diciembre de 2022. Subsidio del 30% desde el 1\u00b0 de noviembre de 2022 hasta el 28 de febrero de 2023. Y subsidio del 15% desde el 1\u00b0 de marzo de 2023.<\/p>\n<p>\u00bfC\u00f3mo se determinar\u00e1n los tres niveles de usuarios? Actualmente, la empresa cuenta con 11 coeficientes zonales definidos, que cuentan con distinta carga tarifaria de acuerdo al marco regulatorio. Para la quita de subsidios a partir de noviembre, se simplificar\u00e1 esa divisi\u00f3n en tres niveles.<\/p>\n<p>Malena Galmarini, presidente de Aysa, destac\u00f3 que en la Argentina el servicio de agua es \u201clibre\u201d a diferencia de otros pa\u00edses, sin topes.<\/p>\n<p>\u201cUna familia tipo consume 1.300 litros por d\u00eda en el segundo lugar de los pa\u00edses que m\u00e1s consumen. Un usuario de Aysa paga apenas el 36% de lo que cuesta producir un litro de agua, el resto es subsidio. El subsidio hoy es recibido por todo de manera homog\u00e9nea, reciben lo mismo los m\u00e1s ricos y los m\u00e1s pobres\u201d, detall\u00f3.<\/p>\n<p>Al respecto aclar\u00f3 que para llegar a la tarifa de equilibrio el aumento deber\u00eda ser del 400 por ciento. Tambi\u00e9n adelant\u00f3 que la empresa va a avanzar en la medici\u00f3n del consumo por hogares.<\/p>\n<p class=\"paragraph\">La propuesta de Aysa incluye hacer expl\u00edcito el monto subsidiado que se incluye en cada factura a partir del 1\u00b0 de noviembre. La reducci\u00f3n de subsidios ser\u00e1 diferenciada y gradual. Ser\u00e1 progresiva y paulatina para algunos de los usuarios\u201d, se\u00f1al\u00f3 Galmarini.<\/p>\n<p class=\"paragraph\">Con respecto a la factura promedio de los usuarios de Aysa, la directiva se\u00f1al\u00f3 que en octubre de 2022 rondar\u00e1 los $752 y pasar\u00e1 a los $1.765 en junio del a\u00f1o pr\u00f3ximo.<\/p>\n<p class=\"paragraph\">Galmarini, por \u00faltimo mostr\u00f3 los valores promedio de facturas en edificios de alto poder adquisitivo de la ciudad de Buenos Aires.<\/p>\n<p class=\"paragraph\">En el caso del emblem\u00e1tico edificio Kavanagh, la factura promedio de sus 113 unidades funcionales es de $1.951. En el edificio Chateau de la avenida Libertador, con 157 unidades funcionales, tiene una factura promedio de $3.936. Mientras que una casa que ocupa el terreno de una manzana en la localidad de San Isidro paga $13.610 mensuales<strong>(VW)<\/strong>.<\/p>\n<p>&nbsp;<\/p>\n","protected":false},"excerpt":{"rendered":"<p>Gas: En el caso de la Capital Federal, donde opera la empresa Metrogas, el tope anual ser\u00e1 de 175 metros c\u00fabicos para los usuarios R1 (la categor\u00eda m\u00e1s baja) y de 403 metros c\u00fabicos&#46;&#46;&#46;<\/p>\n","protected":false},"author":3,"featured_media":6891,"comment_status":"closed","ping_status":"closed","sticky":false,"template":"","format":"standard","meta":{"_monsterinsights_skip_tracking":false,"_monsterinsights_sitenote_active":false,"_monsterinsights_sitenote_note":"","_monsterinsights_sitenote_category":0,"footnotes":""},"categories":[3,8],"tags":[1826,2376,1091,871,564],"class_list":["post-6889","post","type-post","status-publish","format-standard","has-post-thumbnail","hentry","category-actualidad","category-interes-general","tag-gas","tag-luz","tag-niveles","tag-subsidios","tag-tarifas"],"_links":{"self":[{"href":"https:\/\/www.visionweb.com.ar\/index.php?rest_route=\/wp\/v2\/posts\/6889","targetHints":{"allow":["GET"]}}],"collection":[{"href":"https:\/\/www.visionweb.com.ar\/index.php?rest_route=\/wp\/v2\/posts"}],"about":[{"href":"https:\/\/www.visionweb.com.ar\/index.php?rest_route=\/wp\/v2\/types\/post"}],"author":[{"embeddable":true,"href":"https:\/\/www.visionweb.com.ar\/index.php?rest_route=\/wp\/v2\/users\/3"}],"replies":[{"embeddable":true,"href":"https:\/\/www.visionweb.com.ar\/index.php?rest_route=%2Fwp%2Fv2%2Fcomments&post=6889"}],"version-history":[{"count":1,"href":"https:\/\/www.visionweb.com.ar\/index.php?rest_route=\/wp\/v2\/posts\/6889\/revisions"}],"predecessor-version":[{"id":6893,"href":"https:\/\/www.visionweb.com.ar\/index.php?rest_route=\/wp\/v2\/posts\/6889\/revisions\/6893"}],"wp:featuredmedia":[{"embeddable":true,"href":"https:\/\/www.visionweb.com.ar\/index.php?rest_route=\/wp\/v2\/media\/6891"}],"wp:attachment":[{"href":"https:\/\/www.visionweb.com.ar\/index.php?rest_route=%2Fwp%2Fv2%2Fmedia&parent=6889"}],"wp:term":[{"taxonomy":"category","embeddable":true,"href":"https:\/\/www.visionweb.com.ar\/index.php?rest_route=%2Fwp%2Fv2%2Fcategories&post=6889"},{"taxonomy":"post_tag","embeddable":true,"href":"https:\/\/www.visionweb.com.ar\/index.php?rest_route=%2Fwp%2Fv2%2Ftags&post=6889"}],"curies":[{"name":"wp","href":"https:\/\/api.w.org\/{rel}","templated":true}]}}