{"id":6884,"date":"2022-08-16T15:59:24","date_gmt":"2022-08-16T18:59:24","guid":{"rendered":"https:\/\/www.visionweb.com.ar\/?p=6884"},"modified":"2022-08-16T15:59:24","modified_gmt":"2022-08-16T18:59:24","slug":"para-semino-la-jubilacion-minima-deberia-ser-de-120-mil-en-septiembre","status":"publish","type":"post","link":"https:\/\/www.visionweb.com.ar\/?p=6884","title":{"rendered":"Para Semino la jubilaci\u00f3n m\u00ednima deber\u00eda ser de $120 mil en septiembre"},"content":{"rendered":"<p><em><strong>El an\u00e1lisis del Defensor de la Tercera Edad: Explic\u00f3 que la canasta de un jubilado ya est\u00e1 en 107 mil al 30 de junio. Y es muy probable que llegue a 120 mil en el mes de septiembre, con gastos de vivienda.<\/strong><\/em><!--more--><\/p>\n<div id=\"attachment_6886\" style=\"width: 619px\" class=\"wp-caption aligncenter\"><img loading=\"lazy\" decoding=\"async\" aria-describedby=\"caption-attachment-6886\" class=\"wp-image-6886 size-full\" src=\"https:\/\/www.visionweb.com.ar\/wp-content\/uploads\/2022\/08\/eugenio-semino-foto-gerontovida.bmp\" alt=\"\" width=\"609\" height=\"407\" \/><p id=\"caption-attachment-6886\" class=\"wp-caption-text\">Dr. Eugenio Semino: \u00abOtra falacia muy bizarra del Gobierno fue decir que con el 73% de reajuste, este a\u00f1o le ganan a la inflaci\u00f3n por 8 puntos\u00bb. (Foto: Gerontovida)<\/p><\/div>\n<p><strong>E<\/strong>l gobierno anunci\u00f3 d\u00edas pasados, que las jubilaciones m\u00ednimas en septiembre se van a 50 mil pesos. En ese sentido, el <strong>Defensor de la Tercera Edad, Eugenio Semino<\/strong>, en di\u00e1logo con <strong><em>Visi\u00f3n de Radio<\/em><\/strong>, explic\u00f3 que se aplicar\u00e1 el aumento del 15.53% por ley, y ser\u00e1n 43 mil pesos remunerativos, m\u00e1s los bonos.<\/p>\n<p>Con el aumento que rige por ley, Semino explic\u00f3 que en septiembre \u201clos jubilados van a poder cubrir s\u00f3lo el 40 \u00f3 50% de sus gastos, de su canasta de necesidades b\u00e1sicas\u201d.<\/p>\n<p>Y a la vez, exalt\u00f3 que: \u201cRecordemos que esa canasta era de 97 mil pesos al mes de abril. Hoy ya est\u00e1 en 107 mil por el \u00faltimo reporte al 30 de junio. As\u00ed, es muy probable que <strong>llegue a 120 mil en el mes de septiembre<\/strong>, con gastos de vivienda\u201d detall\u00f3.<\/p>\n<p>Para mejor descripci\u00f3n, indic\u00f3 que: \u201cUn jubilado deber\u00eda cobrar al d\u00eda de hoy 107 mil pesos, en septiembre un poco m\u00e1s, porque habr\u00eda que cargar la inflaci\u00f3n de julio y agosto, que rondar\u00eda en los $120 mil\u201d.<\/p>\n<p>Al respecto del anuncio del Gobierno, Semino dijo a <strong><em>Visi\u00f3n de Radio<\/em><\/strong>, que: \u201cHubo <strong>un problema grave<\/strong> en torno a c\u00f3mo se difundi\u00f3 la noticia del monto, que <strong>superar\u00e1 los 50 mil pesos en septiembre<\/strong>\u201d.<\/p>\n<p>Y ahond\u00f3: \u201c<strong>Esta es una falacia, una gran mentira. Son 43mil pesos remunerativos, y se suman los bonos<\/strong>\u201d.<\/p>\n<p>En primera instancia, Semino \u00a0remarc\u00f3 que el medio de comunicaci\u00f3n que se utiliz\u00f3 no es el usual ni el conveniente: \u201cEl Twitter no es una herramienta adecuada para quienes tenemos muchas juventudes acumuladas, y en esa informaci\u00f3n se comete una llamativa falacia, que tiene un inter\u00e9s pol\u00edtico, que tiene su propia agenda, y los temas sociales quedan al margen\u201d.<\/p>\n<p>\u201cTal vez interesadamente por razones pol\u00edticas\u201d, destac\u00f3, \u201cInclusive hoy en la Defensor\u00eda tuvimos una catarata de llamados de gente que quer\u00eda consultar, porque precisamente <strong>se habl\u00f3 de m\u00ednimas de 50 mil pesos<\/strong>\u201d.<\/p>\n<p>\u201c<strong>La<\/strong> <strong>realidad es que ni merece ser anunciado<\/strong>, salvo por un comunicado, porque <strong>es el reajuste trimestral que estaba estipulado por ley<\/strong>. Es mediante una f\u00f3rmula, que se dispara cada 3 meses, y adem\u00e1s pr\u00e1cticamente hab\u00eda trascendido el porcentaje de ajuste, se hablaba de un 15 \u00f3 16%. Y lo que arroj\u00f3 la f\u00f3rmula fue el 15.53%, un valor bastante similar al de junio que fue 15%\u201d.<\/p>\n<p>Ese porcentaje del 15.53% traducido a pesos, es $43.000 para los que perciben el monto de 37 mil que son la gran mayor\u00eda desgraciadamente, es decir en septiembre, octubre y noviembre cobrar\u00e1n 43.000 pesos. <strong>Y ah\u00ed termina todo el anuncio, que es el reajuste por ley<\/strong>\u201d.<\/p>\n<p>\u201cLuego en paralelo se anuncia un bono por cada mes. Y esto llam\u00f3 mucho la atenci\u00f3n porque son bonos de <strong>7 mil pesos<\/strong> cada uno, <strong>que son bastante menos que el bono de 12 mil que se dio en mayo pasado<\/strong>\u201d, destac\u00f3 Semino.<\/p>\n<p>Y continu\u00f3: \u201cEntonces dijeron que a partir de este momento <strong>las m\u00ednimas son de 50 mil pesos.\u00a0 Esta es una falacia, una gran mentira<\/strong>. Son 43.000 pesos los remunerativos, m\u00e1s los bonos\u201d.<\/p>\n<p>\u201cSi fuere 50 mil pesos el reajuste de diciembre ser\u00eda sobre este monto, pero no es as\u00ed. <strong>El reajuste ser\u00e1 sobre 43 mil<\/strong>. Y el aguinaldo tambi\u00e9n ser\u00e1 sobre esos 43 mil\u201d.<\/p>\n<p><a href=\"https:\/\/www.visionweb.com.ar\/wp-content\/uploads\/2022\/08\/jubilados-anses.bmp\"><img loading=\"lazy\" decoding=\"async\" class=\"size-full wp-image-6887 aligncenter\" src=\"https:\/\/www.visionweb.com.ar\/wp-content\/uploads\/2022\/08\/jubilados-anses.bmp\" alt=\"\" width=\"637\" height=\"348\" \/><\/a>\u201cHay otro tema que tiene que ver seguramente con el optimismo del gobierno y del Ministro (Massa), en esa misma informaci\u00f3n <strong>se comete otra falacia muy bizarra<\/strong>, dice los jubilados, abarcativamente, <strong>este a\u00f1o con el 73% de reajuste le ganan a la inflaci\u00f3n por 8 puntos<\/strong>\u201d, subray\u00f3 el dr. Semino.<\/p>\n<p>Y se pregunt\u00f3: \u201cC\u00f3mo llega el Gobierno al 73% de reajuste? <strong>Porque toman todos los bonos como si fueran parte del sueldo<\/strong>. C\u00f3mo calculan que la inflaci\u00f3n va a ser un 65% cuando hoy ya todas la mediciones est\u00e1n por el 70 u 80%. Ser\u00e1 optimismo del ministro\u201d remarc\u00f3.<\/p>\n<p>\u201cSi supi\u00e9ramos que ese 73% fuera real, que no lo es, hay que remarcar que <strong>hay un mill\u00f3n y medio de jubilados que no recibieron ning\u00fan bono y que van a reajustar s\u00f3lo el 49%<\/strong>, es decir 15 puntos menos\u201d.<\/p>\n<p>Al respecto Semino hizo otra consideraci\u00f3n: \u201cEs decir <strong>15 puntos menos de la supuesta inflaci\u00f3n es la franja que paga a los de m\u00e1s abajo<\/strong>: que paga los bonos mientras sus haberes est\u00e1n congelados, en t\u00e9rminos de lo que se va comiendo la inflaci\u00f3n\u201d.<\/p>\n<p>Y as\u00ed \u201choy tenemos <strong>una gran masa de jubilados que ya no cobran conforme de lo que aportaron, y cada vez van a cobrar menos porque va haciendo el ajuste la propia inflaci\u00f3n<\/strong>\u201d, finaliz\u00f3 el Defensor. <strong>(VW)<\/strong><\/p>\n<p>&nbsp;<\/p>\n","protected":false},"excerpt":{"rendered":"<p>El an\u00e1lisis del Defensor de la Tercera Edad: Explic\u00f3 que la canasta de un jubilado ya est\u00e1 en 107 mil al 30 de junio. Y es muy probable que llegue a 120 mil en&#46;&#46;&#46;<\/p>\n","protected":false},"author":4,"featured_media":6887,"comment_status":"closed","ping_status":"closed","sticky":false,"template":"","format":"standard","meta":{"_monsterinsights_skip_tracking":false,"_monsterinsights_sitenote_active":false,"_monsterinsights_sitenote_note":"","_monsterinsights_sitenote_category":0,"footnotes":""},"categories":[4,5],"tags":[141,2837,2223,569],"class_list":["post-6884","post","type-post","status-publish","format-standard","has-post-thumbnail","hentry","category-politica","category-sociedad","tag-aumentos","tag-defensor-de-la-tercera-edad","tag-eugenio-semino","tag-jubilados"],"_links":{"self":[{"href":"https:\/\/www.visionweb.com.ar\/index.php?rest_route=\/wp\/v2\/posts\/6884","targetHints":{"allow":["GET"]}}],"collection":[{"href":"https:\/\/www.visionweb.com.ar\/index.php?rest_route=\/wp\/v2\/posts"}],"about":[{"href":"https:\/\/www.visionweb.com.ar\/index.php?rest_route=\/wp\/v2\/types\/post"}],"author":[{"embeddable":true,"href":"https:\/\/www.visionweb.com.ar\/index.php?rest_route=\/wp\/v2\/users\/4"}],"replies":[{"embeddable":true,"href":"https:\/\/www.visionweb.com.ar\/index.php?rest_route=%2Fwp%2Fv2%2Fcomments&post=6884"}],"version-history":[{"count":2,"href":"https:\/\/www.visionweb.com.ar\/index.php?rest_route=\/wp\/v2\/posts\/6884\/revisions"}],"predecessor-version":[{"id":6888,"href":"https:\/\/www.visionweb.com.ar\/index.php?rest_route=\/wp\/v2\/posts\/6884\/revisions\/6888"}],"wp:featuredmedia":[{"embeddable":true,"href":"https:\/\/www.visionweb.com.ar\/index.php?rest_route=\/wp\/v2\/media\/6887"}],"wp:attachment":[{"href":"https:\/\/www.visionweb.com.ar\/index.php?rest_route=%2Fwp%2Fv2%2Fmedia&parent=6884"}],"wp:term":[{"taxonomy":"category","embeddable":true,"href":"https:\/\/www.visionweb.com.ar\/index.php?rest_route=%2Fwp%2Fv2%2Fcategories&post=6884"},{"taxonomy":"post_tag","embeddable":true,"href":"https:\/\/www.visionweb.com.ar\/index.php?rest_route=%2Fwp%2Fv2%2Ftags&post=6884"}],"curies":[{"name":"wp","href":"https:\/\/api.w.org\/{rel}","templated":true}]}}