{"id":6876,"date":"2022-08-16T14:17:57","date_gmt":"2022-08-16T17:17:57","guid":{"rendered":"https:\/\/www.visionweb.com.ar\/?p=6876"},"modified":"2022-08-16T15:33:19","modified_gmt":"2022-08-16T18:33:19","slug":"planes-sociales-el-gremio-de-docentes-universitarios-se-niega-a-participar-de-la-auditoria","status":"publish","type":"post","link":"https:\/\/www.visionweb.com.ar\/?p=6876","title":{"rendered":"Planes sociales: El gremio de docentes universitarios se niega a participar de la auditor\u00eda"},"content":{"rendered":"<p><em><strong>CONADU Hist\u00f3rica rechaza categ\u00f3ricamente la decisi\u00f3n del gobierno nacional de que las Universidades Nacionales auditen los planes sociales.<\/strong><\/em><!--more--><\/p>\n<div id=\"attachment_6878\" style=\"width: 490px\" class=\"wp-caption aligncenter\"><img loading=\"lazy\" decoding=\"async\" aria-describedby=\"caption-attachment-6878\" class=\"wp-image-6878 size-full\" src=\"https:\/\/www.visionweb.com.ar\/wp-content\/uploads\/2022\/08\/conadu-docentes-universitarios.bmp\" alt=\"\" width=\"480\" height=\"441\" \/><p id=\"caption-attachment-6878\" class=\"wp-caption-text\">El gremio rechaz\u00f3 participar de las auditor\u00edas. (Foto: Conadu)<\/p><\/div>\n<p><strong>\u00a0<\/strong><strong>\u00a0\u00a0\u00a0\u00a0\u00a0\u00a0\u00a0\u00a0 \u00a0\u00a0\u00a0\u00a0\u00a0\u00a0\u00a0\u00a0\u00a0 L<\/strong>a Federaci\u00f3n Nacional de Docentes Universitarios\u00a0(CONADU Hist\u00f3rica)<strong>, rechaz\u00f3 \u201cde manera categ\u00f3rica\u201d participar de la auditor\u00eda a los planes sociales,\u00a0<\/strong>iniciativa a la que calificaron de \u201c<strong>disciplinamiento para los sectores populares<\/strong>\u201d.<\/p>\n<p>Desde el gremio indicaron que: \u201cReafirma, una vez m\u00e1s, su compromiso con la Universidad P\u00fablica al servicio de las mayor\u00edas populares que la sostienen\u201d.<\/p>\n<p>En ese sentido, la secretaria general de la CONADU Hist\u00f3rica, Francisca Staiti, se\u00f1al\u00f3 que su organizaci\u00f3n \u201cresolvi\u00f3 rechazar por unanimidad las medidas anunciadas por (el ministro Sergio)\u00a0 Massa\u201d. La resoluci\u00f3n del Ministerio de Econom\u00eda\u00a0 apunta a \u201ccumplir con el Fondo Monetario Internacional (FMI)\u201d, advirti\u00f3 la docente.<\/p>\n<p>Luego de que el ministro de Econom\u00eda Sergio Massa, dijo que habr\u00eda una auditor\u00eda sobre los planes sociales <em>\u201cPotenciar Trabajo\u201d, y <\/em>que \u00e9sta deber\u00eda ser llevada a cabo por las universidades nacionales y los intendentes, la \u00a0CONADU HIST\u00d3RICA sali\u00f3 en rechazo del uso de los recursos de las Universidades Nacionales para fundamentar y dise\u00f1ar pol\u00edticas de disciplinamiento social.<\/p>\n<p>Seg\u00fan anunci\u00f3 el Ministro a principios de agosto, las auditor\u00edas empezar\u00edan ayer:\u00a0<em>\u201c<\/em>El 15 de agosto empieza una auditor\u00eda que realizar\u00e1n las universidades. Qui\u00e9n no la cumpla, recibir\u00e1 la suspensi\u00f3n del plan. En paralelo, la liquidaci\u00f3n se cruzar\u00e1 con las bases de datos de la Anses. Nuestra idea de pa\u00eds es que el plan sea la emergencia, y el trabajo lo permanente<em>\u201d<\/em>.<\/p>\n<p>\u201cEsos mismos anuncios fueron de promesa para los grupos m\u00e1s poderosos de nuestro pa\u00eds y\u00a0<strong>amenazas para el sector m\u00e1s vulnerado quien hoy viene sufriendo<\/strong><strong>\u00a0<\/strong><strong>y padeciendo una crisis e inflaci\u00f3n brutal<\/strong>\u201d, agreg\u00f3 Staiti.<\/p>\n<p>Adem\u00e1s, la Secretaria sostuvo que si la meta del gobierno y del nuevo ministro de Econom\u00eda es reducir el d\u00e9ficit fiscal, la auditor\u00eda\u00a0<strong>\u201cestar\u00e1 relacionada con dar de baja, por distintos motivos, a un n\u00famero correspondiente de estos planes para que vaya cerrando el d\u00e9ficit\u201d.<\/strong><\/p>\n<p>En esa l\u00ednea, el gremio que agrupa a docentes universitarios, indic\u00f3: \u201cLas Universidades Nacionales no deben comprometer su capital simb\u00f3lico con acciones que de por s\u00ed implican la producci\u00f3n de una discursividad estigmatizante para los sectores populares. El Estado no s\u00f3lo debe garantizar condiciones de vida digna sino que debe disponer de mecanismos que hagan su accionar m\u00e1s eficiente; es deber del Gobierno y de su funcionariado establecer los mecanismos que lo hagan posible\u201d.<\/p>\n<p>A la vez, que agreg\u00f3: \u201cLa sociedad argentina necesita de una base de conocimientos que permita entender los procesos de crisis, los actores que se benefician de la deuda p\u00fablica tanto externa como interna, los procesos y los actores de la formaci\u00f3n de precios, la evasi\u00f3n impositiva, la fuga de capitales, el empleo ilegal de trabajadoras y trabajadores, las formas en las que la econom\u00eda solidaria sostienen la vida de los sectores populares, los mecanismos de la reproducci\u00f3n de la pobreza y de la riqueza\u201d.<\/p>\n<p>Tambi\u00e9n hizo hincapi\u00e9 en el rol social de las universidades: \u201cEse es el papel que las Universidades Nacionales est\u00e1n destinadas a cumplir: producir conocimiento como base de una sociedad m\u00e1s igualitaria y garantizar el acceso de los sectores populares a sus aulas. Para ello, se deben usar todos los recursos. Para ello se necesita m\u00e1s presupuesto universitario\u201d. <strong>(VW)<\/strong><\/p>\n<p>&nbsp;<\/p>\n<p>&nbsp;<\/p>\n","protected":false},"excerpt":{"rendered":"<p>CONADU Hist\u00f3rica rechaza categ\u00f3ricamente la decisi\u00f3n del gobierno nacional de que las Universidades Nacionales auditen los planes sociales.<\/p>\n","protected":false},"author":4,"featured_media":6878,"comment_status":"closed","ping_status":"closed","sticky":false,"template":"","format":"standard","meta":{"_monsterinsights_skip_tracking":false,"_monsterinsights_sitenote_active":false,"_monsterinsights_sitenote_note":"","_monsterinsights_sitenote_category":0,"footnotes":""},"categories":[6,4,5],"tags":[2833,2834,2836,2122,2835],"class_list":["post-6876","post","type-post","status-publish","format-standard","has-post-thumbnail","hentry","category-economia","category-politica","category-sociedad","tag-conadu-historica","tag-federacion-docentes-universitarios","tag-francisca-staiti","tag-planes-sociales","tag-rechazo-a-la-auditoria"],"_links":{"self":[{"href":"https:\/\/www.visionweb.com.ar\/index.php?rest_route=\/wp\/v2\/posts\/6876","targetHints":{"allow":["GET"]}}],"collection":[{"href":"https:\/\/www.visionweb.com.ar\/index.php?rest_route=\/wp\/v2\/posts"}],"about":[{"href":"https:\/\/www.visionweb.com.ar\/index.php?rest_route=\/wp\/v2\/types\/post"}],"author":[{"embeddable":true,"href":"https:\/\/www.visionweb.com.ar\/index.php?rest_route=\/wp\/v2\/users\/4"}],"replies":[{"embeddable":true,"href":"https:\/\/www.visionweb.com.ar\/index.php?rest_route=%2Fwp%2Fv2%2Fcomments&post=6876"}],"version-history":[{"count":5,"href":"https:\/\/www.visionweb.com.ar\/index.php?rest_route=\/wp\/v2\/posts\/6876\/revisions"}],"predecessor-version":[{"id":6883,"href":"https:\/\/www.visionweb.com.ar\/index.php?rest_route=\/wp\/v2\/posts\/6876\/revisions\/6883"}],"wp:featuredmedia":[{"embeddable":true,"href":"https:\/\/www.visionweb.com.ar\/index.php?rest_route=\/wp\/v2\/media\/6878"}],"wp:attachment":[{"href":"https:\/\/www.visionweb.com.ar\/index.php?rest_route=%2Fwp%2Fv2%2Fmedia&parent=6876"}],"wp:term":[{"taxonomy":"category","embeddable":true,"href":"https:\/\/www.visionweb.com.ar\/index.php?rest_route=%2Fwp%2Fv2%2Fcategories&post=6876"},{"taxonomy":"post_tag","embeddable":true,"href":"https:\/\/www.visionweb.com.ar\/index.php?rest_route=%2Fwp%2Fv2%2Ftags&post=6876"}],"curies":[{"name":"wp","href":"https:\/\/api.w.org\/{rel}","templated":true}]}}