{"id":6871,"date":"2022-08-16T13:00:29","date_gmt":"2022-08-16T16:00:29","guid":{"rendered":"https:\/\/www.visionweb.com.ar\/?p=6871"},"modified":"2022-08-16T14:24:38","modified_gmt":"2022-08-16T17:24:38","slug":"lanus-balearon-a-un-chofer-de-la-linea-158-y-hay-paro-y-protestas-con-cortes-en-av-irigoyen","status":"publish","type":"post","link":"https:\/\/www.visionweb.com.ar\/?p=6871","title":{"rendered":"Lan\u00fas: Balearon a un chofer de la l\u00ednea 158 y hay paro y protestas con cortes en Av. Yrigoyen"},"content":{"rendered":"<p><em><strong>Un chofer de la l\u00ednea 158 recibi\u00f3 un tiro en la rodilla durante un intento de robo. Hay paro en cuatro l\u00edneas de colectivos: Se sumaron las l\u00edneas 32, 75 y 128 en reclamos por seguridad.<\/strong><\/em><!--more--><\/p>\n<p><img loading=\"lazy\" decoding=\"async\" class=\"size-full wp-image-6873 aligncenter\" src=\"https:\/\/www.visionweb.com.ar\/wp-content\/uploads\/2022\/08\/colectivo-158.bmp\" alt=\"\" width=\"604\" height=\"346\" \/>Trabajadores de la empresa\u00a0<strong>El Puente SAT<\/strong>\u00a0realizan desde hoy temprano una <strong>protesta<\/strong> frente al edificio del Municipio de Lan\u00fas, ubicado en la avenida Hip\u00f3lito Yrigoyen al 3800, luego del episodio de inseguridad ocurrido en Villa Jard\u00edn, en el que un <strong>chofer result\u00f3 baleado<\/strong>.<\/p>\n<p>Hubo quema de gomas por parte de los trabajadores de la l\u00ednea que une Lan\u00fas con el barrio porte\u00f1o de Nueva Pompeya, y varias unidades estacionadas bloquean el tr\u00e1nsito sobre la avenida.<\/p>\n<p>La medida de fuerza afecta s\u00f3lo a las l\u00edneas que est\u00e1n bajo la \u00f3rbita de la empresa El Puente:\u00a0<strong>32, 75, 128 y 158.<\/strong> Los trabajadores de la Empresa <strong>reclaman seguridad<\/strong>\u00a0y realizan un\u00a0<strong>paro por tiempo indeterminado<\/strong>.<\/p>\n<p><a href=\"https:\/\/www.visionweb.com.ar\/wp-content\/uploads\/2022\/08\/colect-158-protesta-lanus.bmp\"><img loading=\"lazy\" decoding=\"async\" class=\"size-full wp-image-6874 aligncenter\" src=\"https:\/\/www.visionweb.com.ar\/wp-content\/uploads\/2022\/08\/colect-158-protesta-lanus.bmp\" alt=\"\" width=\"607\" height=\"408\" \/><\/a>El chofer de la 158 result\u00f3 herido durante el feriado por el aniversario de la muerte de San Mart\u00edn, en un hecho de inseguridad en el colectivo de la l\u00ednea 158, entre las calles Warnes y Lomas Valentina, del barrio Villa Jard\u00edn.<\/p>\n<p>El conductor, Andr\u00e9s B\u00e1ez, de 32 a\u00f1os, fue sorprendido por delincuentes y recibi\u00f3 un impacto de bala en una rodilla.<\/p>\n<p>Sin oponer resistencia, entreg\u00f3 su mochila, pero igual recibi\u00f3 un tiro en la<strong>\u00a0<\/strong>pierna izquierda. El atacante tambi\u00e9n sustrajo objetos de otros pasajeros que iban a bordo y se fug\u00f3.<\/p>\n<p>B\u00e1ez, fue trasladado por la polic\u00eda a la\u00a0Unidad de Pronta Atenci\u00f3n (UPA) N\u00b03 de Lan\u00fas, donde recibi\u00f3 primeros auxilios y\u00a0<strong>se encuentra estable y fuera de peligro.\u00a0<\/strong><\/p>\n<p>En el lugar intervino personal de la\u00a0Comisar\u00eda 5\u00aa de Villa Diamante y\u00a0contin\u00faan las pericias y la b\u00fasqueda del sospechoso.<strong>\u00a0<\/strong><\/p>\n<p>La causa fue caratulada de\u00a0<strong>\u201crobo y lesiones\u201d<\/strong>\u00a0y qued\u00f3 a cargo de la fiscal\u00eda de turno del\u00a0Departamento Judicial de Avellaneda-Lan\u00fas. <strong>(VW)<\/strong><\/p>\n<p>&nbsp;<\/p>\n","protected":false},"excerpt":{"rendered":"<p>Un chofer de la l\u00ednea 158 recibi\u00f3 un tiro en la rodilla durante un intento de robo. Hay paro en cuatro l\u00edneas de colectivos: Se sumaron las l\u00edneas 32, 75 y 128 en reclamos&#46;&#46;&#46;<\/p>\n","protected":false},"author":4,"featured_media":6874,"comment_status":"closed","ping_status":"closed","sticky":false,"template":"","format":"standard","meta":{"_monsterinsights_skip_tracking":false,"_monsterinsights_sitenote_active":false,"_monsterinsights_sitenote_note":"","_monsterinsights_sitenote_category":0,"footnotes":""},"categories":[3,5],"tags":[2831,240,2832,1685],"class_list":["post-6871","post","type-post","status-publish","format-standard","has-post-thumbnail","hentry","category-actualidad","category-sociedad","tag-balearon-a-chofer-en-lanus","tag-inseguridad","tag-linea-158","tag-paro-colectivos"],"_links":{"self":[{"href":"https:\/\/www.visionweb.com.ar\/index.php?rest_route=\/wp\/v2\/posts\/6871","targetHints":{"allow":["GET"]}}],"collection":[{"href":"https:\/\/www.visionweb.com.ar\/index.php?rest_route=\/wp\/v2\/posts"}],"about":[{"href":"https:\/\/www.visionweb.com.ar\/index.php?rest_route=\/wp\/v2\/types\/post"}],"author":[{"embeddable":true,"href":"https:\/\/www.visionweb.com.ar\/index.php?rest_route=\/wp\/v2\/users\/4"}],"replies":[{"embeddable":true,"href":"https:\/\/www.visionweb.com.ar\/index.php?rest_route=%2Fwp%2Fv2%2Fcomments&post=6871"}],"version-history":[{"count":3,"href":"https:\/\/www.visionweb.com.ar\/index.php?rest_route=\/wp\/v2\/posts\/6871\/revisions"}],"predecessor-version":[{"id":6880,"href":"https:\/\/www.visionweb.com.ar\/index.php?rest_route=\/wp\/v2\/posts\/6871\/revisions\/6880"}],"wp:featuredmedia":[{"embeddable":true,"href":"https:\/\/www.visionweb.com.ar\/index.php?rest_route=\/wp\/v2\/media\/6874"}],"wp:attachment":[{"href":"https:\/\/www.visionweb.com.ar\/index.php?rest_route=%2Fwp%2Fv2%2Fmedia&parent=6871"}],"wp:term":[{"taxonomy":"category","embeddable":true,"href":"https:\/\/www.visionweb.com.ar\/index.php?rest_route=%2Fwp%2Fv2%2Fcategories&post=6871"},{"taxonomy":"post_tag","embeddable":true,"href":"https:\/\/www.visionweb.com.ar\/index.php?rest_route=%2Fwp%2Fv2%2Ftags&post=6871"}],"curies":[{"name":"wp","href":"https:\/\/api.w.org\/{rel}","templated":true}]}}