{"id":6857,"date":"2022-08-16T09:14:18","date_gmt":"2022-08-16T12:14:18","guid":{"rendered":"https:\/\/www.visionweb.com.ar\/?p=6857"},"modified":"2022-08-16T09:16:49","modified_gmt":"2022-08-16T12:16:49","slug":"el-gobierno-bonaerense-abre-negociaciones-salariales","status":"publish","type":"post","link":"https:\/\/www.visionweb.com.ar\/?p=6857","title":{"rendered":"El gobierno bonaerense abre negociaciones salariales"},"content":{"rendered":"<p><strong><em>La modalidad de las reuniones ser\u00e1 virtual: a las 16 est\u00e1 previsto que las autoridades se conecten con representantes estatales, a las 17 con judiciales y por \u00faltimo, a las 18, con docentes.<\/em><\/strong><!--more--><\/p>\n<p><strong><img loading=\"lazy\" decoding=\"async\" class=\"size-medium wp-image-5354 alignright\" src=\"https:\/\/www.visionweb.com.ar\/wp-content\/uploads\/2022\/04\/PARITARIAS-300x198.png\" alt=\"\" width=\"300\" height=\"198\" srcset=\"https:\/\/www.visionweb.com.ar\/wp-content\/uploads\/2022\/04\/PARITARIAS-300x198.png 300w, https:\/\/www.visionweb.com.ar\/wp-content\/uploads\/2022\/04\/PARITARIAS-768x506.png 768w, https:\/\/www.visionweb.com.ar\/wp-content\/uploads\/2022\/04\/PARITARIAS.png 800w\" sizes=\"auto, (max-width: 300px) 100vw, 300px\" \/>R<\/strong>epresentantes del gobierno de la provincia de Buenos Aires se reunir\u00e1n esta tarde con los representantes de los gremios de docentes, trabajadores estatales y judiciales del distrito en el marco de mesas de \u00abmonitoreo\u00bb para evaluar la situaci\u00f3n de los salarios.<\/p>\n<p>Los encuentros entre autoridades del Ministerio de Trabajo, conducido por Mara Ruiz Malec, y representantes sindicales servir\u00e1n para analizar la evoluci\u00f3n de la inflaci\u00f3n y definir si es necesaria una revisi\u00f3n de los acuerdos salariales alcanzados hasta el momento, informaron a T\u00e9lam fuentes oficiales.<\/p>\n<p>La modalidad de las reuniones ser\u00e1 virtual: a las 16 est\u00e1 previsto que las autoridades se conecten con representantes estatales, a las 17 con judiciales y por \u00faltimo, a las 18, con docentes.<\/p>\n<p>Las paritarias firmadas en febrero por esos tres sectores contemplaban incrementos de entre un 40% y un 42% en tres tramos, con cl\u00e1usulas de revisi\u00f3n y reapertura para el \u00faltimo trimestre.<\/p>\n<p>Luego, en mayo, el gobernador Axel Kicillof acord\u00f3 con los secretarios generales de los gremios de maestros, estatales, m\u00e9dicos y judiciales bonaerense agregar 10 puntos a todos los aumentos cerrados hasta ese momento para alcanzar en diciembre una suba total del orden del 60%.<\/p>\n<p>Durante ese encuentro, se remarc\u00f3 que continuar\u00eda vigente la cl\u00e1usula de monitoreo, ante modificaciones inflacionarias<strong>(VW)<\/strong>.<\/p>\n","protected":false},"excerpt":{"rendered":"<p>La modalidad de las reuniones ser\u00e1 virtual: a las 16 est\u00e1 previsto que las autoridades se conecten con representantes estatales, a las 17 con judiciales y por \u00faltimo, a las 18, con docentes.<\/p>\n","protected":false},"author":3,"featured_media":5354,"comment_status":"closed","ping_status":"closed","sticky":false,"template":"","format":"standard","meta":{"_monsterinsights_skip_tracking":false,"_monsterinsights_sitenote_active":false,"_monsterinsights_sitenote_note":"","_monsterinsights_sitenote_category":0,"footnotes":""},"categories":[4],"tags":[2820,57,387,56],"class_list":["post-6857","post","type-post","status-publish","format-standard","has-post-thumbnail","hentry","category-politica","tag-gobernacion","tag-gremios","tag-monitoreo","tag-salarios"],"_links":{"self":[{"href":"https:\/\/www.visionweb.com.ar\/index.php?rest_route=\/wp\/v2\/posts\/6857","targetHints":{"allow":["GET"]}}],"collection":[{"href":"https:\/\/www.visionweb.com.ar\/index.php?rest_route=\/wp\/v2\/posts"}],"about":[{"href":"https:\/\/www.visionweb.com.ar\/index.php?rest_route=\/wp\/v2\/types\/post"}],"author":[{"embeddable":true,"href":"https:\/\/www.visionweb.com.ar\/index.php?rest_route=\/wp\/v2\/users\/3"}],"replies":[{"embeddable":true,"href":"https:\/\/www.visionweb.com.ar\/index.php?rest_route=%2Fwp%2Fv2%2Fcomments&post=6857"}],"version-history":[{"count":2,"href":"https:\/\/www.visionweb.com.ar\/index.php?rest_route=\/wp\/v2\/posts\/6857\/revisions"}],"predecessor-version":[{"id":6859,"href":"https:\/\/www.visionweb.com.ar\/index.php?rest_route=\/wp\/v2\/posts\/6857\/revisions\/6859"}],"wp:featuredmedia":[{"embeddable":true,"href":"https:\/\/www.visionweb.com.ar\/index.php?rest_route=\/wp\/v2\/media\/5354"}],"wp:attachment":[{"href":"https:\/\/www.visionweb.com.ar\/index.php?rest_route=%2Fwp%2Fv2%2Fmedia&parent=6857"}],"wp:term":[{"taxonomy":"category","embeddable":true,"href":"https:\/\/www.visionweb.com.ar\/index.php?rest_route=%2Fwp%2Fv2%2Fcategories&post=6857"},{"taxonomy":"post_tag","embeddable":true,"href":"https:\/\/www.visionweb.com.ar\/index.php?rest_route=%2Fwp%2Fv2%2Ftags&post=6857"}],"curies":[{"name":"wp","href":"https:\/\/api.w.org\/{rel}","templated":true}]}}