{"id":6849,"date":"2022-08-15T14:44:24","date_gmt":"2022-08-15T17:44:24","guid":{"rendered":"https:\/\/www.visionweb.com.ar\/?p=6849"},"modified":"2022-08-15T17:53:29","modified_gmt":"2022-08-15T20:53:29","slug":"san-vicente-iniciaran-la-limpieza-de-la-laguna-del-ojo","status":"publish","type":"post","link":"https:\/\/www.visionweb.com.ar\/?p=6849","title":{"rendered":"San Vicente: Iniciar\u00e1n la limpieza de la Laguna del Ojo"},"content":{"rendered":"<p><em><strong>Ya llevaron algunas m\u00e1quinas y el 20 inician los trabajos, que tardar\u00e1n entre 2 y 3 meses para recuperar las 29 hect\u00e1reas de la Laguna. Erradicar\u00e1n plantas que se hicieron plaga en el espejo de agua, y que atentan contra el medioambiente.<\/strong><\/em><!--more--><\/p>\n<div id=\"attachment_6851\" style=\"width: 310px\" class=\"wp-caption alignright\"><img loading=\"lazy\" decoding=\"async\" aria-describedby=\"caption-attachment-6851\" class=\"wp-image-6851 size-medium\" src=\"https:\/\/www.visionweb.com.ar\/wp-content\/uploads\/2022\/08\/laguna-del-ojo-1-300x166.jpg\" alt=\"\" width=\"300\" height=\"166\" srcset=\"https:\/\/www.visionweb.com.ar\/wp-content\/uploads\/2022\/08\/laguna-del-ojo-1-300x166.jpg 300w, https:\/\/www.visionweb.com.ar\/wp-content\/uploads\/2022\/08\/laguna-del-ojo-1.jpg 592w\" sizes=\"auto, (max-width: 300px) 100vw, 300px\" \/><p id=\"caption-attachment-6851\" class=\"wp-caption-text\">Reuni\u00f3n de la Mesa Ambiental para el tratamiento de la Laguna del Ojo. (Foto: internet)<\/p><\/div>\n<p><strong>L<\/strong>a Mesa de Educaci\u00f3n Ambiental present\u00f3 el proyecto de Limpieza, Conservaci\u00f3n y Recuperaci\u00f3n de la Laguna del Ojo. La reuni\u00f3n se realiz\u00f3 el pasado s\u00e1bado 12, con la presencia de representantes de instituciones gubernamentales y de organizaciones ambientalistas que trabajan en la promoci\u00f3n y en el desarrollo sostenible, en la Quinta 17 de Octubre de San Vicente.<\/p>\n<p>La obra est\u00e1 financiada\u00a0 por el \u00e1rea de Hidr\u00e1ulica de la Provincia de Buenos Aires, con un presupuesto de 257 millones de pesos, y <strong>contempla dos etapas sobre las 29 hect\u00e1reas a tratar<\/strong>.<\/p>\n<p>Se trata de solucionar un problema que lleva m\u00e1s de una d\u00e9cada con la presencia de plantas que se hicieron plaga en el espejo de agua, y que atentan contra el medioambiente y tambi\u00e9n contra el paisaje.<\/p>\n<p>En <strong>la primera etapa<\/strong> se tratar\u00e1n las especies invasoras y la conservaci\u00f3n de las nativas, <strong>comenzar\u00e1 en la semana del 20 agosto<\/strong><strong>\u00a0<\/strong>con el retiro mec\u00e1nico de las plantas invasoras.<\/p>\n<p>Las especies invasoras del espejo a limpiar son dos principales: una aut\u00f3ctona, que son los llamados \u201crepollitos\u201d y otra, que fue introducida en 2013, conocida como jacinto del agua.<\/p>\n<p>El intendente local, Nicol\u00e1s Mategazza, dijo al respecto: \u201cEl retiro de las plantas se va a hacer a trav\u00e9s de pontones y m\u00e1quinas retros, algunas anfibias y otras desde la costa, y se va hacer el traslado de material a un lugar de disposici\u00f3n final\u00bb.<\/p>\n<p>En ese sentido,\u00a0Mantegazza indic\u00f3 que: \u00abSe har\u00e1\u00a0<strong>una extracci\u00f3n mec\u00e1nica, una limpieza total de las 29 hect\u00e1reas del espejo de agua<\/strong><strong>\u00a0<\/strong>y esperamos que, entre 60 y 90 d\u00edas, pueda finalizarse todo este trabajo y as\u00ed para la \u00e9poca de la primavera y el verano ya podamos tener un lugar de disfrute para la familia\u201d.<\/p>\n<p>Mientras, <strong>la segunda etapa<\/strong> tendr\u00e1 como fin el mantenimiento, control, desarrollo integral y promoci\u00f3n tur\u00edstica de toda la zona, para lo cual se prev\u00e9 la puesta en funcionamiento de \u00e1reas de servicios, construcci\u00f3n de veredas y senderos, y se\u00f1alizaci\u00f3n con letreros sobre la informaci\u00f3n ambiental de las especies que se encuentran en el entorno.<\/p>\n<div id=\"attachment_6852\" style=\"width: 310px\" class=\"wp-caption alignleft\"><img loading=\"lazy\" decoding=\"async\" aria-describedby=\"caption-attachment-6852\" class=\"wp-image-6852 size-medium\" src=\"https:\/\/www.visionweb.com.ar\/wp-content\/uploads\/2022\/08\/laguna-del-ojo-san-vicente-300x184.jpg\" alt=\"\" width=\"300\" height=\"184\" srcset=\"https:\/\/www.visionweb.com.ar\/wp-content\/uploads\/2022\/08\/laguna-del-ojo-san-vicente-300x184.jpg 300w, https:\/\/www.visionweb.com.ar\/wp-content\/uploads\/2022\/08\/laguna-del-ojo-san-vicente.jpg 639w\" sizes=\"auto, (max-width: 300px) 100vw, 300px\" \/><p id=\"caption-attachment-6852\" class=\"wp-caption-text\">El espejo de agua de La Laguna cubierta de especies vegetales invasivas. (Foto: internet)<\/p><\/div>\n<p>\u201cLa idea es poder generar un punto de encuentro, de disfrute de lo verde, de lo ambiente, de un espejo de agua que est\u00e1 muy cercano de las grandes ciudades y que mantiene y\u00a0<strong>conserva no solamente la vegetaci\u00f3n sino tambi\u00e9n la gran cantidad de aves <\/strong>a las cuales hay que preservar\u201d, indic\u00f3 el jefe comunal.<\/p>\n<p>Entre las entidades y organizaciones que participaron de este foro se encuentran la\u00a0Universidad Nacional de Lomas de Zamora; la Secretar\u00eda de Educaci\u00f3n local, instituciones educativas del distrito.<\/p>\n<p>Tambi\u00e9n estuvieron representantes de FEDEI y del CONICET que trabajan junto a la Escuela Agraria en control biol\u00f3gico de especies invasivas; instituciones ambientalistas; institutos y escuelas t\u00e9cnicas del distrito; de los clubes de Kayac y de Pesca, entre otras. <strong>(VW)<\/strong><\/p>\n<p>&nbsp;<\/p>\n","protected":false},"excerpt":{"rendered":"<p>Ya llevaron algunas m\u00e1quinas y el 20 inician los trabajos, que tardar\u00e1n entre 2 y 3 meses para recuperar las 29 hect\u00e1reas de la Laguna. Erradicar\u00e1n plantas que se hicieron plaga en el espejo&#46;&#46;&#46;<\/p>\n","protected":false},"author":4,"featured_media":6852,"comment_status":"closed","ping_status":"closed","sticky":false,"template":"","format":"standard","meta":{"_monsterinsights_skip_tracking":false,"_monsterinsights_sitenote_active":false,"_monsterinsights_sitenote_note":"","_monsterinsights_sitenote_category":0,"footnotes":""},"categories":[8],"tags":[2817,2593,2819,2818,1564],"class_list":["post-6849","post","type-post","status-publish","format-standard","has-post-thumbnail","hentry","category-interes-general","tag-laguna-del-ojo","tag-limpieza","tag-mantegazza","tag-mesa-ambiental","tag-san-vicente"],"_links":{"self":[{"href":"https:\/\/www.visionweb.com.ar\/index.php?rest_route=\/wp\/v2\/posts\/6849","targetHints":{"allow":["GET"]}}],"collection":[{"href":"https:\/\/www.visionweb.com.ar\/index.php?rest_route=\/wp\/v2\/posts"}],"about":[{"href":"https:\/\/www.visionweb.com.ar\/index.php?rest_route=\/wp\/v2\/types\/post"}],"author":[{"embeddable":true,"href":"https:\/\/www.visionweb.com.ar\/index.php?rest_route=\/wp\/v2\/users\/4"}],"replies":[{"embeddable":true,"href":"https:\/\/www.visionweb.com.ar\/index.php?rest_route=%2Fwp%2Fv2%2Fcomments&post=6849"}],"version-history":[{"count":4,"href":"https:\/\/www.visionweb.com.ar\/index.php?rest_route=\/wp\/v2\/posts\/6849\/revisions"}],"predecessor-version":[{"id":6856,"href":"https:\/\/www.visionweb.com.ar\/index.php?rest_route=\/wp\/v2\/posts\/6849\/revisions\/6856"}],"wp:featuredmedia":[{"embeddable":true,"href":"https:\/\/www.visionweb.com.ar\/index.php?rest_route=\/wp\/v2\/media\/6852"}],"wp:attachment":[{"href":"https:\/\/www.visionweb.com.ar\/index.php?rest_route=%2Fwp%2Fv2%2Fmedia&parent=6849"}],"wp:term":[{"taxonomy":"category","embeddable":true,"href":"https:\/\/www.visionweb.com.ar\/index.php?rest_route=%2Fwp%2Fv2%2Fcategories&post=6849"},{"taxonomy":"post_tag","embeddable":true,"href":"https:\/\/www.visionweb.com.ar\/index.php?rest_route=%2Fwp%2Fv2%2Ftags&post=6849"}],"curies":[{"name":"wp","href":"https:\/\/api.w.org\/{rel}","templated":true}]}}