{"id":6845,"date":"2022-08-15T13:12:13","date_gmt":"2022-08-15T16:12:13","guid":{"rendered":"https:\/\/www.visionweb.com.ar\/?p=6845"},"modified":"2022-08-15T13:12:13","modified_gmt":"2022-08-15T16:12:13","slug":"hoy-no-hay-servicio-en-el-tren-roca-murio-un-nino-y-atacaron-al-maquinista","status":"publish","type":"post","link":"https:\/\/www.visionweb.com.ar\/?p=6845","title":{"rendered":"Hoy no hay servicio en el tren Roca: Muri\u00f3 un ni\u00f1o y atacaron al maquinista"},"content":{"rendered":"<p><em><strong>La Fraternidad dispuso un cese de actividades para hoy, luego de las\u00a0 agresiones que sufrieron los conductores del tren, tras el incidente de ayer que involucr\u00f3 de dos ni\u00f1os, en el que uno falleci\u00f3.<\/strong><\/em><!--more--><\/p>\n<p><strong><img loading=\"lazy\" decoding=\"async\" class=\"aligncenter wp-image-6847 size-full\" src=\"https:\/\/www.visionweb.com.ar\/wp-content\/uploads\/2022\/08\/trenes-roca-paro-15-08-22.bmp\" alt=\"\" width=\"524\" height=\"381\" \/>U<\/strong>na formaci\u00f3n del tren Roca atropell\u00f3 a dos nenes que cruzaban las v\u00edas a la altura de la localidad de Bosques, a primera hora de la tarde del domingo. Uno de los ni\u00f1os muri\u00f3. Familiares y vecinos del nene de 5 a\u00f1os fallecido lincharon al maquinista. En repudio a las agresiones, La Fraternidad accion\u00f3 con un\u00a0paro\u00a0durante la jornada de este lunes, inicialmente.<\/p>\n<p>El hecho se dio a la altura de la localidad de Bosques, en el partido de Florencio Varela. Uno de los nenes de solo 5 a\u00f1os, muri\u00f3 en el acto mientras el otro chico se encontraba gravemente herido. El tren circulaba en direcci\u00f3n a Bosques desde Plaza Constituci\u00f3n.<\/p>\n<p>Luego del accidente, vecinos y familiares del nene fallecido comenzaron a protestar en el lugar, se violentaron, increparon y golpearon al conductor de la locomotora, como a su acompa\u00f1ante: Maximiliano Daniel Caleta y Nahuel Serrano.\u00a0Tambi\u00e9n un guarda que trabajaba en el tren sufri\u00f3 ataques y golpes despu\u00e9s del episodio.<\/p>\n<p>Tras el tr\u00e1gico evento, se conoci\u00f3 la frase del desesperado maquinista que intent\u00f3 frenar sin \u00e9xito: \u201cNo tuve la culpa, no pude hacer nada, la mam\u00e1 no lo agarr\u00f3\u201d.<\/p>\n<p>\u201cFue agredido, le robaron, le pegaron y tuvo que ser trasladado a la comisar\u00eda de Bosques\u201d, a\u00f1adieron compa\u00f1eros de los agredidos.<\/p>\n<p>La investigaci\u00f3n determin\u00f3 que\u00a0Thian Gadiel Alfaro, la peque\u00f1a v\u00edctima fatal de 5 a\u00f1os, iba con su mam\u00e1 a una fiesta y en un instante se alej\u00f3 de su lado por s\u00ed solo.<\/p>\n<p>El nene corri\u00f3 para cruzar las v\u00edas, pero el paso no estaba habilitado por ser una zona no permitida, aunque habitualmente utilizada para &#8216;cortar camino&#8217;.<\/p>\n<p>Los conductores de La Fraternidad L\u00ednea Roca decidieron realizar un paro durante el feriado del lunes. En primera medida es por 24 horas, aunque no descartan la posibilidad de extenderlo.<\/p>\n<p><strong>\u00a0<\/strong>\u201cTrenes lamenta el accidente y lo que pas\u00f3 con el maquinista, que ya tuvo la asistencia correspondiente en estos casos. En estas situaciones, los conductores son relevados en el lugar y reciben la atenci\u00f3n necesaria\u201d, anunciaron desde Trenes Argentinos.<\/p>\n<p>Seg\u00fan fuentes oficiales, la Unidad Funcional de Instrucci\u00f3n (UFI) 7 de Florencio Varela dispuso pericias en el lugar del arrollamiento, para la reconstrucci\u00f3n del hecho. <strong>(VW)<\/strong><\/p>\n<p>&nbsp;<\/p>\n","protected":false},"excerpt":{"rendered":"<p>La Fraternidad dispuso un cese de actividades para hoy, luego de las\u00a0 agresiones que sufrieron los conductores del tren, tras el incidente de ayer que involucr\u00f3 de dos ni\u00f1os, en el que uno falleci\u00f3.<\/p>\n","protected":false},"author":4,"featured_media":6847,"comment_status":"closed","ping_status":"closed","sticky":false,"template":"","format":"standard","meta":{"_monsterinsights_skip_tracking":false,"_monsterinsights_sitenote_active":false,"_monsterinsights_sitenote_note":"","_monsterinsights_sitenote_category":0,"footnotes":""},"categories":[3],"tags":[2816,1991,2815,1739],"class_list":["post-6845","post","type-post","status-publish","format-standard","has-post-thumbnail","hentry","category-actualidad","tag-ataques-a-maquinista","tag-la-fraternidad","tag-paro-tren-roca","tag-trenes-argentinos"],"_links":{"self":[{"href":"https:\/\/www.visionweb.com.ar\/index.php?rest_route=\/wp\/v2\/posts\/6845","targetHints":{"allow":["GET"]}}],"collection":[{"href":"https:\/\/www.visionweb.com.ar\/index.php?rest_route=\/wp\/v2\/posts"}],"about":[{"href":"https:\/\/www.visionweb.com.ar\/index.php?rest_route=\/wp\/v2\/types\/post"}],"author":[{"embeddable":true,"href":"https:\/\/www.visionweb.com.ar\/index.php?rest_route=\/wp\/v2\/users\/4"}],"replies":[{"embeddable":true,"href":"https:\/\/www.visionweb.com.ar\/index.php?rest_route=%2Fwp%2Fv2%2Fcomments&post=6845"}],"version-history":[{"count":2,"href":"https:\/\/www.visionweb.com.ar\/index.php?rest_route=\/wp\/v2\/posts\/6845\/revisions"}],"predecessor-version":[{"id":6848,"href":"https:\/\/www.visionweb.com.ar\/index.php?rest_route=\/wp\/v2\/posts\/6845\/revisions\/6848"}],"wp:featuredmedia":[{"embeddable":true,"href":"https:\/\/www.visionweb.com.ar\/index.php?rest_route=\/wp\/v2\/media\/6847"}],"wp:attachment":[{"href":"https:\/\/www.visionweb.com.ar\/index.php?rest_route=%2Fwp%2Fv2%2Fmedia&parent=6845"}],"wp:term":[{"taxonomy":"category","embeddable":true,"href":"https:\/\/www.visionweb.com.ar\/index.php?rest_route=%2Fwp%2Fv2%2Fcategories&post=6845"},{"taxonomy":"post_tag","embeddable":true,"href":"https:\/\/www.visionweb.com.ar\/index.php?rest_route=%2Fwp%2Fv2%2Ftags&post=6845"}],"curies":[{"name":"wp","href":"https:\/\/api.w.org\/{rel}","templated":true}]}}