{"id":6827,"date":"2022-08-14T10:09:14","date_gmt":"2022-08-14T13:09:14","guid":{"rendered":"https:\/\/www.visionweb.com.ar\/?p=6827"},"modified":"2022-08-14T10:11:37","modified_gmt":"2022-08-14T13:11:37","slug":"en-oncativo-elaboran-el-salame-casero-mas-largo-del-ano","status":"publish","type":"post","link":"https:\/\/www.visionweb.com.ar\/?p=6827","title":{"rendered":"En Oncativo elaboran el salame casero m\u00e1s largo del a\u00f1o"},"content":{"rendered":"<p><strong><em>La elaboraci\u00f3n la realizan los habitrantes locales durante la 48 Fiesta del Salame Casero. La fiesta concluir\u00e1 este lunes con la presencia de artistas y m\u00fasicos de trascendencia nacional.<\/em><\/strong><!--more--><\/p>\n<div id=\"attachment_6828\" style=\"width: 310px\" class=\"wp-caption alignleft\"><img loading=\"lazy\" decoding=\"async\" aria-describedby=\"caption-attachment-6828\" class=\"wp-image-6828 size-medium\" src=\"https:\/\/www.visionweb.com.ar\/wp-content\/uploads\/2022\/08\/FIESTA-DEL-SALAME-EN-CORDOBA-300x167.png\" alt=\"\" width=\"300\" height=\"167\" srcset=\"https:\/\/www.visionweb.com.ar\/wp-content\/uploads\/2022\/08\/FIESTA-DEL-SALAME-EN-CORDOBA-300x167.png 300w, https:\/\/www.visionweb.com.ar\/wp-content\/uploads\/2022\/08\/FIESTA-DEL-SALAME-EN-CORDOBA-768x427.png 768w, https:\/\/www.visionweb.com.ar\/wp-content\/uploads\/2022\/08\/FIESTA-DEL-SALAME-EN-CORDOBA.png 800w\" sizes=\"auto, (max-width: 300px) 100vw, 300px\" \/><p id=\"caption-attachment-6828\" class=\"wp-caption-text\"><em><strong>Los oncantivenses cada a\u00f1o buscan superar el r\u00e9cord anterior con la elaboraci\u00f3n del alame m\u00e1s largo. Aspiran a alcanzar los 151m (Prensa Gobierno de C\u00f3rdoba)<\/strong><\/em><\/p><\/div>\n<p><strong>\u00a0 \u00a0 \u00a0 \u00a0 L<\/strong>a localidad cordobesa de\u00a0 Oncativo celebra desde este s\u00e1bado la 48\u00b0 edici\u00f3n de la Fiesta Nacional del Salame Casero. El festival se realiza hasta el lunes en el club de Uni\u00f3n de Oncativo.<\/p>\n<p>La tradicional celebraci\u00f3n, del sur de la provincia, exhibe el salame m\u00e1s largo del pa\u00eds. El producto tradicional elaborado por los oncativenses posee una longitud de 151,70 metros y se proclama con un nuevo r\u00e9cord.<\/p>\n<p>En cuanto a la cantidad de p\u00fablico, para este a\u00f1o el aforo ser\u00e1 completo en el club Uni\u00f3n con respecto al a\u00f1o pasado.<\/p>\n<h3 style=\"text-align: center;\"><span style=\"color: #0000ff;\"><em><strong>La longitud del salame alcanzar\u00e1 los 151,70 metros\u00a0<\/strong><\/em><\/span><\/h3>\n<p>Esta festividad tiene como fin contribuir a la industria de los embutidos. Adem\u00e1s, cada a\u00f1o el festival reivindica las costumbres de los inmigrantes piamonteses en esta regi\u00f3n.<\/p>\n<h3><strong>Grilla de actividades\u00a0<\/strong><\/h3>\n<p>La velada incluye en escena a muchos artistas de renombre nacional. En la apertura, los asistentes disfrutan del patio de comidas t\u00edpicas argentinas y el mundo. En la primera jornada subieon al escenario Proyecci\u00f3n Salamanca, \u201cAle Medina, la voz del Tucum\u00e1n\u201d y otros artistas.<\/p>\n<p>Mientras que este domingo, segundo d\u00eda del festival, la funci\u00f3n principal tendr\u00e1 la presentaci\u00f3n del show \u201cBien Argentino\u201d, encabezado por el artista surgido de Oncativo, \u00c1ngel Carabajal.<\/p>\n<p>Adem\u00e1s, son parte del espect\u00e1culo Facundo Toro, Lucio \u201cEl Indio\u201d Rojas, Natalia Pastorutti, Marcelo Iripino y Julian Burgos. Con la participaci\u00f3n especial de Ra\u00fal Lavi\u00e9. En el cierre, Oscar Lucarelli y el Cuarteto Popular ser\u00e1n quienes coronaran la segunda fecha.<\/p>\n<p>El lunes ser\u00e1 el momento de las infancias, la fundaci\u00f3n Casa de Valientes estar\u00e1 encargada de propiciar actividades en el \u00faltimo d\u00eda de esta celebraci\u00f3n<strong>(VW)<\/strong><\/p>\n<p><em><strong>Con informaci\u00f3n del gobierno de C\u00f3rdoba<\/strong><\/em><\/p>\n","protected":false},"excerpt":{"rendered":"<p>La elaboraci\u00f3n la realizan los habitrantes locales durante la 48 Fiesta del Salame Casero. La fiesta concluir\u00e1 este lunes con la presencia de artistas y m\u00fasicos de trascendencia nacional.<\/p>\n","protected":false},"author":3,"featured_media":6828,"comment_status":"closed","ping_status":"closed","sticky":false,"template":"","format":"standard","meta":{"_monsterinsights_skip_tracking":false,"_monsterinsights_sitenote_active":false,"_monsterinsights_sitenote_note":"","_monsterinsights_sitenote_category":0,"footnotes":""},"categories":[1317,700],"tags":[2805,181,1535,2806,2804],"class_list":["post-6827","post","type-post","status-publish","format-standard","has-post-thumbnail","hentry","category-sabores-y-tendencias","category-turismo","tag-ano","tag-cordoba","tag-fiesta","tag-oncativo","tag-salme"],"_links":{"self":[{"href":"https:\/\/www.visionweb.com.ar\/index.php?rest_route=\/wp\/v2\/posts\/6827","targetHints":{"allow":["GET"]}}],"collection":[{"href":"https:\/\/www.visionweb.com.ar\/index.php?rest_route=\/wp\/v2\/posts"}],"about":[{"href":"https:\/\/www.visionweb.com.ar\/index.php?rest_route=\/wp\/v2\/types\/post"}],"author":[{"embeddable":true,"href":"https:\/\/www.visionweb.com.ar\/index.php?rest_route=\/wp\/v2\/users\/3"}],"replies":[{"embeddable":true,"href":"https:\/\/www.visionweb.com.ar\/index.php?rest_route=%2Fwp%2Fv2%2Fcomments&post=6827"}],"version-history":[{"count":1,"href":"https:\/\/www.visionweb.com.ar\/index.php?rest_route=\/wp\/v2\/posts\/6827\/revisions"}],"predecessor-version":[{"id":6829,"href":"https:\/\/www.visionweb.com.ar\/index.php?rest_route=\/wp\/v2\/posts\/6827\/revisions\/6829"}],"wp:featuredmedia":[{"embeddable":true,"href":"https:\/\/www.visionweb.com.ar\/index.php?rest_route=\/wp\/v2\/media\/6828"}],"wp:attachment":[{"href":"https:\/\/www.visionweb.com.ar\/index.php?rest_route=%2Fwp%2Fv2%2Fmedia&parent=6827"}],"wp:term":[{"taxonomy":"category","embeddable":true,"href":"https:\/\/www.visionweb.com.ar\/index.php?rest_route=%2Fwp%2Fv2%2Fcategories&post=6827"},{"taxonomy":"post_tag","embeddable":true,"href":"https:\/\/www.visionweb.com.ar\/index.php?rest_route=%2Fwp%2Fv2%2Ftags&post=6827"}],"curies":[{"name":"wp","href":"https:\/\/api.w.org\/{rel}","templated":true}]}}