{"id":6820,"date":"2022-08-12T13:15:53","date_gmt":"2022-08-12T16:15:53","guid":{"rendered":"https:\/\/www.visionweb.com.ar\/?p=6820"},"modified":"2022-08-12T13:15:53","modified_gmt":"2022-08-12T16:15:53","slug":"subsidios-postergan-para-la-semana-proxima-el-anuncio-del-nuevo-cuadro-tarifario","status":"publish","type":"post","link":"https:\/\/www.visionweb.com.ar\/?p=6820","title":{"rendered":"Subsidios: postergan para la semana pr\u00f3xima el anuncio del nuevo cuadro tarifario"},"content":{"rendered":"<p><em><strong>La Secretaria de Energ\u00eda, Flavia Roy\u00f3n, posterg\u00f3 los anuncios reci\u00e9n para pr\u00f3xima semana. El detalle importante para conocer es si el tope de 400 wats regir\u00e1, y si ser\u00e1 mensual o bimenstral.<\/strong><\/em><!--more--><\/p>\n<p><strong><img loading=\"lazy\" decoding=\"async\" class=\"size-full wp-image-6822 aligncenter\" src=\"https:\/\/www.visionweb.com.ar\/wp-content\/uploads\/2022\/08\/luz-y-gas-subsidios-2.bmp\" alt=\"\" width=\"601\" height=\"343\" \/>E<\/strong>l ministro de Econom\u00eda, Sergio Massa habl\u00f3 la semana pasada en conferencia de prensa, de tarifas y topes de consumo para acceder a los subsidios. En ese aspecto se esperaba que ayer jueves iba a haber anuncios, pero luego las novedades iban a conocerse hoy. Luego la Secretar\u00eda de Energ\u00eda posterg\u00f3 nuevamente los anuncios para la pr\u00f3xima semana.<\/p>\n<p>Seg\u00fan hab\u00eda indicado Sergio Massa,\u00a0\u00abla segmentaci\u00f3n y el tope de subsidio tendr\u00e1 un criterio federal con comprensi\u00f3n clim\u00e1tica\u00bb, y precis\u00f3 que la entrada en vigencia \u201cser\u00e1 por sector y zona\u201d.<\/p>\n<p>Por su parte, Roy\u00f3n dijo: \u00abEsta actualizaci\u00f3n de tarifas ser\u00e1 primero<strong>\u00a0<\/strong>por debajo del coeficiente de variaci\u00f3n salarial, en cuotas, y solo para el sector de mayor poder adquisitivo\u00bb. Y agreg\u00f3:\u00a0<strong>\u00abLa tarifa social no va a subir, no va a sufrir una actualizaci\u00f3n este a\u00f1o\u00bb.<\/strong><\/p>\n<p>Sobre el nuevo cuadro tarifario, la Secretaria de Energ\u00eda anticip\u00f3 hoy: \u00abEstamos trabajando, esta semana fue muy intensa. Queremos ser claros con la gente. Estamos trabajando intensamente en esto. Estimo que durante el fin de semana podremos concluir nuestro trabajo\u00bb, aclar\u00f3 al respecto. <strong>\u00abLa semana que viene daremos precisiones en este sentido\u00bb<\/strong>, concluy\u00f3.<\/p>\n<p>Entre las consideraciones aportadas hasta el momento, Massa sostuvo que <strong>a partir de los 400 kilowatts,\u00a0los usuarios deber\u00e1n pagar la tarifa sin subsidios<\/strong>, lo que significa un incremento del costo del servicio en la boleta. Pero a\u00fan no aclararon si ese tope de consumo ser\u00e1 mensual o bimestral.<\/p>\n<p>\u00abQuien menos consume o menos ingresos tiene, menos paga; quien m\u00e1s consume o m\u00e1s ingresos tiene, m\u00e1s paga\u00bb, detall\u00f3 Massa la semana pasada.<\/p>\n<p>A la vez, las autoridades informaron que 9 millones solicitaron el mantenimiento de los beneficios, mientras que 4 millones no se anotaron.<\/p>\n<p>La reducci\u00f3n de subsidios es una de las medidas acordadas con el FMI en marzo pasado. En su \u00faltimo reporte,<strong>\u00a0<\/strong>el staff pidi\u00f3 la suba adicional de tarifas\u00a0y una reducci\u00f3n del gasto del 7,8% del PBI, incluida las jubilaciones. Y Massa ratific\u00f3 cumplir la meta del 2,5% de d\u00e9ficit primario. <strong>(VW)<\/strong><\/p>\n<p>&nbsp;<\/p>\n","protected":false},"excerpt":{"rendered":"<p>La Secretaria de Energ\u00eda, Flavia Roy\u00f3n, posterg\u00f3 los anuncios reci\u00e9n para pr\u00f3xima semana. El detalle importante para conocer es si el tope de 400 wats regir\u00e1, y si ser\u00e1 mensual o bimenstral.<\/p>\n","protected":false},"author":4,"featured_media":6822,"comment_status":"closed","ping_status":"closed","sticky":false,"template":"","format":"standard","meta":{"_monsterinsights_skip_tracking":false,"_monsterinsights_sitenote_active":false,"_monsterinsights_sitenote_note":"","_monsterinsights_sitenote_category":0,"footnotes":""},"categories":[6,4,5],"tags":[2800,869,2752,2696],"class_list":["post-6820","post","type-post","status-publish","format-standard","has-post-thumbnail","hentry","category-economia","category-politica","category-sociedad","tag-anuncios-tarifas","tag-massa","tag-royon","tag-subsidios-de-luz-y-gas"],"_links":{"self":[{"href":"https:\/\/www.visionweb.com.ar\/index.php?rest_route=\/wp\/v2\/posts\/6820","targetHints":{"allow":["GET"]}}],"collection":[{"href":"https:\/\/www.visionweb.com.ar\/index.php?rest_route=\/wp\/v2\/posts"}],"about":[{"href":"https:\/\/www.visionweb.com.ar\/index.php?rest_route=\/wp\/v2\/types\/post"}],"author":[{"embeddable":true,"href":"https:\/\/www.visionweb.com.ar\/index.php?rest_route=\/wp\/v2\/users\/4"}],"replies":[{"embeddable":true,"href":"https:\/\/www.visionweb.com.ar\/index.php?rest_route=%2Fwp%2Fv2%2Fcomments&post=6820"}],"version-history":[{"count":2,"href":"https:\/\/www.visionweb.com.ar\/index.php?rest_route=\/wp\/v2\/posts\/6820\/revisions"}],"predecessor-version":[{"id":6823,"href":"https:\/\/www.visionweb.com.ar\/index.php?rest_route=\/wp\/v2\/posts\/6820\/revisions\/6823"}],"wp:featuredmedia":[{"embeddable":true,"href":"https:\/\/www.visionweb.com.ar\/index.php?rest_route=\/wp\/v2\/media\/6822"}],"wp:attachment":[{"href":"https:\/\/www.visionweb.com.ar\/index.php?rest_route=%2Fwp%2Fv2%2Fmedia&parent=6820"}],"wp:term":[{"taxonomy":"category","embeddable":true,"href":"https:\/\/www.visionweb.com.ar\/index.php?rest_route=%2Fwp%2Fv2%2Fcategories&post=6820"},{"taxonomy":"post_tag","embeddable":true,"href":"https:\/\/www.visionweb.com.ar\/index.php?rest_route=%2Fwp%2Fv2%2Ftags&post=6820"}],"curies":[{"name":"wp","href":"https:\/\/api.w.org\/{rel}","templated":true}]}}