{"id":6815,"date":"2022-08-12T12:28:15","date_gmt":"2022-08-12T15:28:15","guid":{"rendered":"https:\/\/www.visionweb.com.ar\/?p=6815"},"modified":"2022-08-12T12:28:15","modified_gmt":"2022-08-12T15:28:15","slug":"colectivos-hoy-las-lineas-funcionan-con-servicio-reducido-y-preven-paro-para-el-lunes-15","status":"publish","type":"post","link":"https:\/\/www.visionweb.com.ar\/?p=6815","title":{"rendered":"Colectivos: Hoy las l\u00edneas funcionan con servicio reducido y prev\u00e9n paro para el lunes 15"},"content":{"rendered":"<p><em><strong>Luego del paro de colectivos de anoche que afect\u00f3 a AMBA, las organizaciones decidieron operar este viernes al 50% de la frecuencia. Indicaron tambi\u00e9n que cesar\u00e1n sus actividades el feriado del lunes 15. A\u00fan no hay acuerdo con el gobierno.<\/strong><\/em><!--more--><\/p>\n<p><strong><img loading=\"lazy\" decoding=\"async\" class=\"size-full wp-image-6818 aligncenter\" src=\"https:\/\/www.visionweb.com.ar\/wp-content\/uploads\/2022\/08\/colectivos-paro-echeverria.bmp\" alt=\"\" width=\"501\" height=\"288\" \/>L<\/strong>as c\u00e1maras de transporte p\u00fablico de pasajeros del \u00c1rea Metropolitana de Buenos Aires (AMBA), luego del paro<strong>\u00a0<\/strong>realizado que concluy\u00f3 a las 5 de la ma\u00f1ana\u00a0de hoy, proyect\u00f3 <strong>otra medida de fuerza para el pr\u00f3ximo lunes 15. Mientras tanto, hoy funcionan con el 50% de las frecuencias<\/strong>. El reclamo al Gobierno es por falta de pagos de subsidios estatales a las empresas del sector.<\/p>\n<p>Luego de la reuni\u00f3n con el Ministro de Transporte Alexis Guerra, en la que no hubo acuerdo, las c\u00e1maras empresarias del transporte de colectivos continuar\u00e1n con las medidas de fuerza para lograr que el Gobierno abone las sumas adeudadas.<\/p>\n<p>Si no consiguen una respuesta favorable, <strong>\u00abse provocar\u00e1 la par\u00e1lisis total de los servicios, programada para el pr\u00f3ximo lunes 15\u00bb<\/strong>, indicaron.<\/p>\n<p>En ese sentido, la C\u00e1mara de Autotransporte de Pasajeros (CEAP) y la C\u00e1mara del Transporte de la Provincia de Buenos Aires (C.T.P.B.A.) emitieron un comunicado, e hicieron hincapi\u00e9 en mantener las medidas en caso de que no se abone lo adeudado: <strong>\u00abSe mantendr\u00e1 hasta tanto se produzca la normalizaci\u00f3n de los pagos\u00bb<\/strong>.<\/p>\n<p>A la vez, los dirigentes del sector y de las c\u00e1maras ya hab\u00edan avisado este jueves sobre la reducci\u00f3n de servicios en las horas posteriores al paro.<\/p>\n<p>Son m\u00e1s de 100 l\u00edneas que operan hoy con capacidad limitada en el AMBA,\u00a0a la espera de nuevas reuniones\u00a0con el Gobierno por la regularizaci\u00f3n del pago de subsidios.<\/p>\n<p><strong>Las l\u00edneas afectadas son las siguientes:<\/strong><\/p>\n<p>2, 4, 15, 29, 33, 37, 39, 45, 46, 47, 49, 53, 59, 61, 62, 64, 70, 80, 86, 88, 93, 95, 96, 97, 102, 105, 114, 118, 123, 124, 126, 129, 143, 154, 160, 166, 179, 180, 181, 185, 193, 203 205, 218, 228 F, 236, 244, 248 C, 269, 284, 288, 291, 295, 302, 303, 306, 311, 312, 313, 315, 318, 320, 328, 329, 325, 333, 338, 350, 351, 355, 378, 382, 390, 395, 406, 407, 422, 437, 440, 441, 443, 461, 462, 463, 464, 500, 501, 502, 503, 504, 506 A, 509, 511, 518, 520, 522, 524, 527, 541, 543, 544, 549, 561, 562, 620, 622, 621, 628, 630, 634, 707, 721, 740, 910, 911, 912, 914 y 915.<\/p>\n<p>Desde el\u00a0Ministerio de Transporte\u00a0se hab\u00edan comprometido a transferir en un plazo de 24 horas\u00a0unos $2.100 millones<strong>\u00a0<\/strong>en concepto del monto atrasado por julio, pero no fue suficiente para las compa\u00f1\u00edas y decidieron avanzar con las medidas. <strong>(VW)<\/strong><\/p>\n<p>&nbsp;<\/p>\n","protected":false},"excerpt":{"rendered":"<p>Luego del paro de colectivos de anoche que afect\u00f3 a AMBA, las organizaciones decidieron operar este viernes al 50% de la frecuencia. Indicaron tambi\u00e9n que cesar\u00e1n sus actividades el feriado del lunes 15. A\u00fan&#46;&#46;&#46;<\/p>\n","protected":false},"author":4,"featured_media":6818,"comment_status":"closed","ping_status":"closed","sticky":false,"template":"","format":"standard","meta":{"_monsterinsights_skip_tracking":false,"_monsterinsights_sitenote_active":false,"_monsterinsights_sitenote_note":"","_monsterinsights_sitenote_category":0,"footnotes":""},"categories":[4,5],"tags":[196,2798,833,2799],"class_list":["post-6815","post","type-post","status-publish","format-standard","has-post-thumbnail","hentry","category-politica","category-sociedad","tag-amba","tag-camaras-de-transporte","tag-paro-de-colectivos","tag-reclamo-pago-de-subsidios"],"_links":{"self":[{"href":"https:\/\/www.visionweb.com.ar\/index.php?rest_route=\/wp\/v2\/posts\/6815","targetHints":{"allow":["GET"]}}],"collection":[{"href":"https:\/\/www.visionweb.com.ar\/index.php?rest_route=\/wp\/v2\/posts"}],"about":[{"href":"https:\/\/www.visionweb.com.ar\/index.php?rest_route=\/wp\/v2\/types\/post"}],"author":[{"embeddable":true,"href":"https:\/\/www.visionweb.com.ar\/index.php?rest_route=\/wp\/v2\/users\/4"}],"replies":[{"embeddable":true,"href":"https:\/\/www.visionweb.com.ar\/index.php?rest_route=%2Fwp%2Fv2%2Fcomments&post=6815"}],"version-history":[{"count":2,"href":"https:\/\/www.visionweb.com.ar\/index.php?rest_route=\/wp\/v2\/posts\/6815\/revisions"}],"predecessor-version":[{"id":6819,"href":"https:\/\/www.visionweb.com.ar\/index.php?rest_route=\/wp\/v2\/posts\/6815\/revisions\/6819"}],"wp:featuredmedia":[{"embeddable":true,"href":"https:\/\/www.visionweb.com.ar\/index.php?rest_route=\/wp\/v2\/media\/6818"}],"wp:attachment":[{"href":"https:\/\/www.visionweb.com.ar\/index.php?rest_route=%2Fwp%2Fv2%2Fmedia&parent=6815"}],"wp:term":[{"taxonomy":"category","embeddable":true,"href":"https:\/\/www.visionweb.com.ar\/index.php?rest_route=%2Fwp%2Fv2%2Fcategories&post=6815"},{"taxonomy":"post_tag","embeddable":true,"href":"https:\/\/www.visionweb.com.ar\/index.php?rest_route=%2Fwp%2Fv2%2Ftags&post=6815"}],"curies":[{"name":"wp","href":"https:\/\/api.w.org\/{rel}","templated":true}]}}