{"id":6803,"date":"2022-08-11T18:00:42","date_gmt":"2022-08-11T21:00:42","guid":{"rendered":"https:\/\/www.visionweb.com.ar\/?p=6803"},"modified":"2022-08-11T18:00:42","modified_gmt":"2022-08-11T21:00:42","slug":"bianco-responde-a-los-intendentes-del-pro","status":"publish","type":"post","link":"https:\/\/www.visionweb.com.ar\/?p=6803","title":{"rendered":"Bianco responde a los intendentes del PRO"},"content":{"rendered":"<p><strong><em>El intendente de Tres de Febrero, Diego Valenzuela asegur\u00f3 que la provincia no reparti\u00f3 los fondos que entreg\u00f3 Naci\u00f3n para los municipios.<\/em><\/strong> <!--more--><\/p>\n<div id=\"attachment_6804\" style=\"width: 310px\" class=\"wp-caption alignright\"><img loading=\"lazy\" decoding=\"async\" aria-describedby=\"caption-attachment-6804\" class=\"wp-image-6804 size-medium\" src=\"https:\/\/www.visionweb.com.ar\/wp-content\/uploads\/2022\/08\/BIANCO-300x201.png\" alt=\"\" width=\"300\" height=\"201\" srcset=\"https:\/\/www.visionweb.com.ar\/wp-content\/uploads\/2022\/08\/BIANCO-300x201.png 300w, https:\/\/www.visionweb.com.ar\/wp-content\/uploads\/2022\/08\/BIANCO.png 640w\" sizes=\"auto, (max-width: 300px) 100vw, 300px\" \/><p id=\"caption-attachment-6804\" class=\"wp-caption-text\">Carlos Bianco, Jefe de Gabinete bonaerense<\/p><\/div>\n<p><strong>\u00a0 E<\/strong>l jefe de Asesores bonaerense, Carlos Bianco, respondi\u00f3 a las cr\u00edticas del intendente Tres de Febrero, Diego Valenzuela, que en un escrito cuestion\u00f3 el reparto de fondos que divulgaron en los \u00faltimos d\u00edas los jefes comunales del PRO: \u201c\u00bfDiscriminaci\u00f3n? Esa te la debo\u201d, ironiz\u00f3.<\/p>\n<p>El funcionario provincial reaccion\u00f3 primero a una publicaci\u00f3n de Twitter de Valenzuela, quien se\u00f1al\u00f3 que el gobierno de Axel Kicillof recibi\u00f3 80.000 millones de Naci\u00f3n desde 2020 que \u201cno se coparticiparon con los municipios\u201d.<\/p>\n<p>Bianco, al tomar nota de los reclamos del jefe comunal de Tres de Febrero, sali\u00f3 a responderle en un extenso hilo en el que dio cuenta de todos los montos con que Provincia asisti\u00f3 a Tres de Febrero.<\/p>\n<p>\u201cEl gobernador Kicillof y su gabinete trabajamos para todas y todos los bonaerenses de los 135 municipios, sin importar qui\u00e9n gobierne cada distrito. Es nuestro deber generar soluciones para todos y todas. Cumplan ustedes con el deber de no enga\u00f1ar al pueblo bonaerense\u201d, apunt\u00f3 Bianco.<\/p>\n<p>Y se pregunt\u00f3: \u201c\u00bfY por qu\u00e9 extra\u00f1a raz\u00f3n el Gobernador deber\u00eda coparticipar con los municipios fondos que no son coparticipables?\u201d.<\/p>\n<h3 style=\"text-align: center;\"><span style=\"color: #3366ff;\"><strong><em>Seg\u00fan el jefe comunal febrerense, la Naci\u00f3n entreg\u00f3, desde 2020, 80 mil millones de pesos que no fueron coparticipados con los municipios.\u00a0\u00a0<\/em><\/strong><\/span><\/h3>\n<p>Valenzuela no se qued\u00f3 atr\u00e1s: \u201cJustamente por un tema de federalismo. Porque todos los fondos que llegan a la provincia son de los bonaerenses, que viven en los municipios\u201d, escribi\u00f3.<\/p>\n<p>Y agreg\u00f3: \u201cTodos los fondos deber\u00edan coparticiparse. Evidentemente tenemos visiones diferentes: unitarismo o federalismo bonaerense\u201d.<\/p>\n<p>Entonces, Bianco sali\u00f3 a responderle nuevamente: \u201cPor supuesto que tenemos visiones diferentes: la tuya y la de tu partido es vaciar de recursos a la Provincia de Buenos Aires e insistir con partirla en varios pedazos, por la inutilidad que tuvieron para gobernarla con Mar\u00eda Eugenia Vidal\u201d.<\/p>\n<p>El funcionario provincial aprovech\u00f3 la ocasi\u00f3n para salir a responderle a los intendentes del PRO que en los \u00faltimos d\u00edas compartieron un comunicado en el que acusaron a la Provincia de discriminar a los municipios gobernados por Juntos.<\/p>\n<p>Bianco calific\u00f3 de desmemoriados a los jefes comunales PRO Julio Garro (La Plata), N\u00e9stor Grindetti (Lan\u00fas), Ezequiel Galli (Olavarr\u00eda), Pablo Petrecca (Jun\u00edn) y Mart\u00edn Yeza (Pinamar), y al vecinalista (en Juntos) Francisco Ratto (San Antonio de Areco), quienes compartieron el escrito en las redes sociales.<\/p>\n<p>El funcionario provincial public\u00f3 extensos hilos en los que desglos\u00f3 los fondos que Provincia gir\u00f3 a cada una de esas administraciones. \u201c\u00bfDiscriminaci\u00f3n? Esa te la debo\u201d, escribi\u00f3 en el mensaje dirigido a Grindetti<strong>(VW)<\/strong>.<\/p>\n<p>Fuente: Agencia DIB<\/p>\n","protected":false},"excerpt":{"rendered":"<p>El intendente de Tres de Febrero, Diego Valenzuela asegur\u00f3 que la provincia no reparti\u00f3 los fondos que entreg\u00f3 Naci\u00f3n para los municipios.<\/p>\n","protected":false},"author":3,"featured_media":6804,"comment_status":"closed","ping_status":"closed","sticky":false,"template":"","format":"standard","meta":{"_monsterinsights_skip_tracking":false,"_monsterinsights_sitenote_active":false,"_monsterinsights_sitenote_note":"","_monsterinsights_sitenote_category":0,"footnotes":""},"categories":[4],"tags":[540,185,493,2792],"class_list":["post-6803","post","type-post","status-publish","format-standard","has-post-thumbnail","hentry","category-politica","tag-bianco","tag-coparticipacion","tag-recursos","tag-valenzuela"],"_links":{"self":[{"href":"https:\/\/www.visionweb.com.ar\/index.php?rest_route=\/wp\/v2\/posts\/6803","targetHints":{"allow":["GET"]}}],"collection":[{"href":"https:\/\/www.visionweb.com.ar\/index.php?rest_route=\/wp\/v2\/posts"}],"about":[{"href":"https:\/\/www.visionweb.com.ar\/index.php?rest_route=\/wp\/v2\/types\/post"}],"author":[{"embeddable":true,"href":"https:\/\/www.visionweb.com.ar\/index.php?rest_route=\/wp\/v2\/users\/3"}],"replies":[{"embeddable":true,"href":"https:\/\/www.visionweb.com.ar\/index.php?rest_route=%2Fwp%2Fv2%2Fcomments&post=6803"}],"version-history":[{"count":1,"href":"https:\/\/www.visionweb.com.ar\/index.php?rest_route=\/wp\/v2\/posts\/6803\/revisions"}],"predecessor-version":[{"id":6805,"href":"https:\/\/www.visionweb.com.ar\/index.php?rest_route=\/wp\/v2\/posts\/6803\/revisions\/6805"}],"wp:featuredmedia":[{"embeddable":true,"href":"https:\/\/www.visionweb.com.ar\/index.php?rest_route=\/wp\/v2\/media\/6804"}],"wp:attachment":[{"href":"https:\/\/www.visionweb.com.ar\/index.php?rest_route=%2Fwp%2Fv2%2Fmedia&parent=6803"}],"wp:term":[{"taxonomy":"category","embeddable":true,"href":"https:\/\/www.visionweb.com.ar\/index.php?rest_route=%2Fwp%2Fv2%2Fcategories&post=6803"},{"taxonomy":"post_tag","embeddable":true,"href":"https:\/\/www.visionweb.com.ar\/index.php?rest_route=%2Fwp%2Fv2%2Ftags&post=6803"}],"curies":[{"name":"wp","href":"https:\/\/api.w.org\/{rel}","templated":true}]}}