{"id":6768,"date":"2022-08-10T17:29:13","date_gmt":"2022-08-10T20:29:13","guid":{"rendered":"https:\/\/www.visionweb.com.ar\/?p=6768"},"modified":"2022-08-10T17:46:34","modified_gmt":"2022-08-10T20:46:34","slug":"gasoducto-el-gobierno-firmo-contrato-para-iniciar-el-primer-tramo","status":"publish","type":"post","link":"https:\/\/www.visionweb.com.ar\/?p=6768","title":{"rendered":"Gasoducto: El Gobierno firm\u00f3 contrato para iniciar el primer tramo"},"content":{"rendered":"<p><em><strong>Hoy firmaron la licitaci\u00f3n en Salliquel\u00f3 para la construcci\u00f3n del primer tramo. La inversi\u00f3n estimada es de US$ 1.500 millones. No precisaron plazos, ni cu\u00e1ndo estar\u00e1 terminada.<\/strong><\/em><!--more--><\/p>\n<div id=\"attachment_6770\" style=\"width: 679px\" class=\"wp-caption aligncenter\"><img loading=\"lazy\" decoding=\"async\" aria-describedby=\"caption-attachment-6770\" class=\"wp-image-6770 size-full\" src=\"https:\/\/www.visionweb.com.ar\/wp-content\/uploads\/2022\/08\/presid-en-salliquelo-foto-presidnecia.bmp\" alt=\"\" width=\"669\" height=\"315\" \/><p id=\"caption-attachment-6770\" class=\"wp-caption-text\">Acto en la ciudad de Salliquelo. (Foto: Presidencia)<\/p><\/div>\n<p><strong>E<\/strong>l presidente Alberto Fern\u00e1ndez y Sergio Massa, ministro de Econom\u00eda, encabezaron hoy un acto para la firma de los contratos para la construcci\u00f3n del primer tramo del gasoducto N\u00e9stor Kirchner, en Salliquel\u00f3, la ciudad de la provincia de Buenos Aires a la que llegar\u00e1 la obra desde Vaca Muerta. Con esta acci\u00f3n se dar\u00e1 por finalizado el proceso licitatorio y comenzar\u00e1n los trabajos de la primera etapa.<\/p>\n<p>\u201cEl Estado tiene el deber de tomar la iniciativa e impulsar las obras necesarias porque no todo le importa al capital privado. El deber de igualar es del Estado, no de una empresa privada. (..) No es ir contra el capital privado, sino que es trabajar juntos\u201d, plante\u00f3 el presidente durante la ceremonia que se realiz\u00f3 hoy en la ciudad de\u00a0<strong>Salliquel\u00f3<\/strong>.<\/p>\n<p>Tambi\u00e9n estuvieron presentes el ministro del Interior, Eduardo \u00abWado\u00bb de Pedro; los gobernadores Axel Kicillof (Buenos Aires), Sergio Ziliotto (La Pampa) y Omar Guti\u00e9rrez (Neuqu\u00e9n), el vicegobernador de R\u00edo Negro, Alejandro Palmieri y los funcionarios del \u00e1rea de Energ\u00eda.<\/p>\n<p>\u00ab<strong>No me ir\u00eda tranquilo de la presidencia<\/strong>\u00a0si esta obra no se hubiera puesto en marcha porque hace falta\u00bb, continu\u00f3 el mandatario, y agreg\u00f3: \u00ab<strong>nunca m\u00e1s que las tarifas est\u00e9n dolarizadas en la Argentina\u201d.<\/strong><\/p>\n<p>Y sigui\u00f3: \u00abEstamos en Argentina y tenemos gas, \u00bfpor qu\u00e9 vamos a pagar a precios internacionales si tenemos gas que podemos distribuir entre los argentinos y\u00a0<strong>que los argentinos paguen a precios razonables&#8217;<\/strong>\u00ab.<\/p>\n<p>Por su parte, el ministro de Econom\u00eda puso el foco en la importancia de la obra que, seg\u00fan precis\u00f3, le <strong>permitir\u00e1 al pa\u00eds ahorrar\u00a0<\/strong><strong>entre 1.300 y 2.200 millones de d\u00f3lares<\/strong>, pero tambi\u00e9n\u00a0en la sangr\u00eda de divisas de las reservas del Banco Central que implica la importaci\u00f3n actual.<\/p>\n<p>En cuanto al tiempo de terminaci\u00f3n de la obra no hubo precisiones, s\u00f3lo Massa inform\u00f3 que \u00abel Estado garantiza que tiene los fondos para sostener esta obra\u00bb que\u00a0<strong>\u00abnos va a permitir<\/strong><strong> el a\u00f1o que viene ahorrar 1.300 millones de d\u00f3lares en importaci\u00f3n\u00bb<\/strong>\u00a0y \u00abadem\u00e1s significa empleo con casi 10 mil puestos de trabajo\u00bb.<\/p>\n<p><img loading=\"lazy\" decoding=\"async\" class=\"size-medium wp-image-6771 alignright\" src=\"https:\/\/www.visionweb.com.ar\/wp-content\/uploads\/2022\/08\/mapa-gasoducto-300x210.jpg\" alt=\"\" width=\"300\" height=\"210\" srcset=\"https:\/\/www.visionweb.com.ar\/wp-content\/uploads\/2022\/08\/mapa-gasoducto-300x210.jpg 300w, https:\/\/www.visionweb.com.ar\/wp-content\/uploads\/2022\/08\/mapa-gasoducto.jpg 551w\" sizes=\"auto, (max-width: 300px) 100vw, 300px\" \/>En ese contexto, Massa y el Presidente coincidieron en <strong>responsabilizar a la guerra por la falta de d\u00f3lares<\/strong>. \u00abEn este momento en que <strong>los precios han subido por la guerra desatada entre Rusia y Ucrania<\/strong>, nosotros tenemos gas\u00bb, proclam\u00f3 Fern\u00e1ndez.<\/p>\n<p>Y agreg\u00f3 que Argentina tiene \u00abuna gran oportunidad como pa\u00eds porque el gas puede convertirlo en <strong>proveedor para todo el mundo<\/strong>\u00ab.<\/p>\n<p>As\u00ed, el jefe de Estado consider\u00f3 que esta es \u201cuna obra fundamental\u201d y destac\u00f3 que actualmente se registra un \u201cr\u00e9cord de producci\u00f3n de gas en la historia argentina\u201d.<\/p>\n<p>Por su parte, Axel \u00a0Kicillof, en continuidad con la carga de responsabilidades por errores u omisiones hacia Mauricio Macri, detall\u00f3 que \u00ablos datos marcan que desde que se recuper\u00f3 YPF en 2012 hasta el 2015 las reservas de petr\u00f3leos subieron un 15% y el gas un 40%. Desde 2016 al 2019, en la \u00e9poca de Macri, cay\u00f3 un 10% y el gas baj\u00f3 un 30% porque dejaron de invertir\u00bb.<\/p>\n<p>\u00abHoy\u00a0<strong>estamos firmando el gasoducto que no construy\u00f3, no planific\u00f3 y no invirti\u00f3 el anterior gobierno<\/strong>\u00ab, remarc\u00f3 el gobernador bonaerense.<\/p>\n<p><strong><img loading=\"lazy\" decoding=\"async\" class=\"size-medium wp-image-6772 alignleft\" src=\"https:\/\/www.visionweb.com.ar\/wp-content\/uploads\/2022\/08\/gasoducto-271x300.jpg\" alt=\"\" width=\"271\" height=\"300\" srcset=\"https:\/\/www.visionweb.com.ar\/wp-content\/uploads\/2022\/08\/gasoducto-271x300.jpg 271w, https:\/\/www.visionweb.com.ar\/wp-content\/uploads\/2022\/08\/gasoducto.jpg 404w\" sizes=\"auto, (max-width: 271px) 100vw, 271px\" \/>La obra: <\/strong>El gasoducto conectar\u00e1 la zona de producci\u00f3n de hidrocarburos no convencionales de Vaca Muerta, en la localidad de Tratay\u00e9n, en Neuqu\u00e9n, y<strong> permitir\u00e1 ampliar un 25% la capacidad del sistema de transporte de gas natural <\/strong>y ayudar\u00e1 a desarrollar la producci\u00f3n creciente en el yacimiento.<\/p>\n<p>En su primera etapa la obra permitir\u00e1 incrementar la capacidad de transporte en 24 millones de metros c\u00fabicos (m3) de gas diarios para reemplazar la importaci\u00f3n de combustibles y se extender\u00e1 a lo largo de 558 kil\u00f3metros con una inversi\u00f3n estimada en US$ 1.500 millones.<\/p>\n<p>La firma de los contratos se concret\u00f3\u00a0 en Salliquel\u00f3, punto de llegada de esta primera fase del ducto que partir\u00e1 desde Tratay\u00e9n, zona donde se concentra la producci\u00f3n de gas de Vaca Muerta.<\/p>\n<p>Las constructoras que resultaron adjudicatarias de la obra civil del gasoducto son la UTE entre Techint y Sacde y la empresa BTU.<\/p>\n<p>En tanto, Esuco construir\u00e1 la planta compresora Mars 100 en la cabecera del gasoducto Mercedes-Cardales en la provincia de Buenos Aires y Tenaris ser\u00e1 la proveedora de los ca\u00f1os. <strong>(VW)<\/strong><\/p>\n","protected":false},"excerpt":{"rendered":"<p>Hoy firmaron la licitaci\u00f3n en Salliquel\u00f3 para la construcci\u00f3n del primer tramo. La inversi\u00f3n estimada es de US$ 1.500 millones. No precisaron plazos, ni cu\u00e1ndo estar\u00e1 terminada.<\/p>\n","protected":false},"author":4,"featured_media":6772,"comment_status":"closed","ping_status":"closed","sticky":false,"template":"","format":"standard","meta":{"_monsterinsights_skip_tracking":false,"_monsterinsights_sitenote_active":false,"_monsterinsights_sitenote_note":"","_monsterinsights_sitenote_category":0,"footnotes":""},"categories":[4],"tags":[15,2779,869,2781,2780],"class_list":["post-6768","post","type-post","status-publish","format-standard","has-post-thumbnail","hentry","category-politica","tag-fernandez","tag-gasoducto-nestor-kirchner","tag-massa","tag-salliquelo","tag-vaca-muerta"],"_links":{"self":[{"href":"https:\/\/www.visionweb.com.ar\/index.php?rest_route=\/wp\/v2\/posts\/6768","targetHints":{"allow":["GET"]}}],"collection":[{"href":"https:\/\/www.visionweb.com.ar\/index.php?rest_route=\/wp\/v2\/posts"}],"about":[{"href":"https:\/\/www.visionweb.com.ar\/index.php?rest_route=\/wp\/v2\/types\/post"}],"author":[{"embeddable":true,"href":"https:\/\/www.visionweb.com.ar\/index.php?rest_route=\/wp\/v2\/users\/4"}],"replies":[{"embeddable":true,"href":"https:\/\/www.visionweb.com.ar\/index.php?rest_route=%2Fwp%2Fv2%2Fcomments&post=6768"}],"version-history":[{"count":4,"href":"https:\/\/www.visionweb.com.ar\/index.php?rest_route=\/wp\/v2\/posts\/6768\/revisions"}],"predecessor-version":[{"id":6775,"href":"https:\/\/www.visionweb.com.ar\/index.php?rest_route=\/wp\/v2\/posts\/6768\/revisions\/6775"}],"wp:featuredmedia":[{"embeddable":true,"href":"https:\/\/www.visionweb.com.ar\/index.php?rest_route=\/wp\/v2\/media\/6772"}],"wp:attachment":[{"href":"https:\/\/www.visionweb.com.ar\/index.php?rest_route=%2Fwp%2Fv2%2Fmedia&parent=6768"}],"wp:term":[{"taxonomy":"category","embeddable":true,"href":"https:\/\/www.visionweb.com.ar\/index.php?rest_route=%2Fwp%2Fv2%2Fcategories&post=6768"},{"taxonomy":"post_tag","embeddable":true,"href":"https:\/\/www.visionweb.com.ar\/index.php?rest_route=%2Fwp%2Fv2%2Ftags&post=6768"}],"curies":[{"name":"wp","href":"https:\/\/api.w.org\/{rel}","templated":true}]}}