{"id":6764,"date":"2022-08-10T17:13:57","date_gmt":"2022-08-10T20:13:57","guid":{"rendered":"https:\/\/www.visionweb.com.ar\/?p=6764"},"modified":"2022-08-10T17:13:57","modified_gmt":"2022-08-10T20:13:57","slug":"la-miel-organica-argentina-brillo-en-una-feria-de-alemania","status":"publish","type":"post","link":"https:\/\/www.visionweb.com.ar\/?p=6764","title":{"rendered":"La miel org\u00e1nica argentina brill\u00f3 en una feria de Alemania"},"content":{"rendered":"<p><strong><em>El grupo privado Argenmieles se present\u00f3 en la feria Biofach, una de las principales de Europa en alimentos org\u00e1nicos.<\/em><\/strong><!--more--><\/p>\n<p><strong>\u00a0 \u00a0 \u00a0 \u00a0 <img loading=\"lazy\" decoding=\"async\" class=\"size-medium wp-image-6765 alignleft\" src=\"https:\/\/www.visionweb.com.ar\/wp-content\/uploads\/2022\/08\/FERIA-ALIMENTARIA-DE-ALEMANIA-300x225.png\" alt=\"\" width=\"300\" height=\"225\" srcset=\"https:\/\/www.visionweb.com.ar\/wp-content\/uploads\/2022\/08\/FERIA-ALIMENTARIA-DE-ALEMANIA-300x225.png 300w, https:\/\/www.visionweb.com.ar\/wp-content\/uploads\/2022\/08\/FERIA-ALIMENTARIA-DE-ALEMANIA-1024x766.png 1024w, https:\/\/www.visionweb.com.ar\/wp-content\/uploads\/2022\/08\/FERIA-ALIMENTARIA-DE-ALEMANIA-768x575.png 768w, https:\/\/www.visionweb.com.ar\/wp-content\/uploads\/2022\/08\/FERIA-ALIMENTARIA-DE-ALEMANIA-320x240.png 320w, https:\/\/www.visionweb.com.ar\/wp-content\/uploads\/2022\/08\/FERIA-ALIMENTARIA-DE-ALEMANIA.png 1280w\" sizes=\"auto, (max-width: 300px) 100vw, 300px\" \/>L<\/strong>a miel org\u00e1nica argentina tuvo una exitosa presentaci\u00f3n en la \u00faltima edici\u00f3n de Biofach (https:\/\/www.biofach.de), la feria de alimentos org\u00e1nicos m\u00e1s grande de Europa, que se llev\u00f3 a cabo recientemente en N\u00fcremberg, Alemania.<\/p>\n<p>\u201cLos alimentos org\u00e1nicos dejaron de ser una alternativa de nicho de algunos productores para convertirse en un negocio valorado a nivel global\u201d, destac\u00f3 el gerente comercial de la firma cahque\u00f1a Argenmieles, Lucas Andersen.<\/p>\n<p>\u201cCada vez hay m\u00e1s consumidores que exigen alimentos producidos, envasados y comercializados sin contaminantes, qu\u00edmicos ni aditivos, y lo que antes se limitaba a la producci\u00f3n de frutas y verduras, hoy se extiende a toda la oferta de alimentos. As\u00ed se pudo ver\u201d, agreg\u00f3.<\/p>\n<p>En la feria de Nuremberg, Argenmieles se present\u00f3 con su oferta de miel org\u00e1nica y productos envasados. \u201cEstablecimos muy buenos contactos\u201d, afirm\u00f3 Andersen.<\/p>\n<p>La firma ya exporta a Estados Unidos (miel envasada) y miel a granel a Alemania, Francia y Espa\u00f1a, sumando en total alrededor de 2.500 toneladas de miel org\u00e1nica a 20 destinos (por 8 millones de d\u00f3alres anuales), y con el horizonte en 2023 de colocar entre 3.000 y 3.500 toneladas.<\/p>\n<p><img loading=\"lazy\" decoding=\"async\" class=\"size-medium wp-image-6766 alignright\" src=\"https:\/\/www.visionweb.com.ar\/wp-content\/uploads\/2022\/08\/MIEL-OERGANICA-300x225.jpeg\" alt=\"\" width=\"300\" height=\"225\" srcset=\"https:\/\/www.visionweb.com.ar\/wp-content\/uploads\/2022\/08\/MIEL-OERGANICA-300x225.jpeg 300w, https:\/\/www.visionweb.com.ar\/wp-content\/uploads\/2022\/08\/MIEL-OERGANICA-768x575.jpeg 768w, https:\/\/www.visionweb.com.ar\/wp-content\/uploads\/2022\/08\/MIEL-OERGANICA-320x240.jpeg 320w, https:\/\/www.visionweb.com.ar\/wp-content\/uploads\/2022\/08\/MIEL-OERGANICA.jpeg 800w\" sizes=\"auto, (max-width: 300px) 100vw, 300px\" \/>Para conseguir ese volumen, la empresa est\u00e1 fomentando la producci\u00f3n org\u00e1nica en el pa\u00eds y contin\u00faa desarrollando proveedores internos, trabajando fuertemente con las cooperativas chaque\u00f1as, donde ya hay 5.000 colmenas y una sala de extracci\u00f3n certificadas.<\/p>\n<p>Tmbi\u00e9n promocionan este tipo de producci\u00f3n en provincias como C\u00f3rdoba, donde las condiciones ambientales son muy favorables para lograrlo.<\/p>\n<p>\u201cPor su geograf\u00eda, extensi\u00f3n, clima y m\u00e9todo de producci\u00f3n, nuestro principal competidor de miel org\u00e1nica a granel es Brasil. Respecto a lo fraccionado, casi todas las envasadoras europeas tienen una oferta org\u00e1nica fuerte\u201d, se\u00f1al\u00f3 Andersen,<\/p>\n<p>\u201cArgentina est\u00e1 en una buena posici\u00f3n en t\u00e9rminos de miel a granel y est\u00e1 creciendo en miel fraccionada, con buena presencia en Estados Unidos\u201d.<\/p>\n<p>ArgenMieles y su marca Mieles del Chaco fueron fundadas en 2010 y son parte de la divisi\u00f3n de exportaciones del Grupo San Blas, un holding de capital nacional con m\u00e1s de 40 a\u00f1os de actividad<strong>(VW)<\/strong><\/p>\n","protected":false},"excerpt":{"rendered":"<p>El grupo privado Argenmieles se present\u00f3 en la feria Biofach, una de las principales de Europa en alimentos org\u00e1nicos.<\/p>\n","protected":false},"author":3,"featured_media":6765,"comment_status":"closed","ping_status":"closed","sticky":false,"template":"","format":"standard","meta":{"_monsterinsights_skip_tracking":false,"_monsterinsights_sitenote_active":false,"_monsterinsights_sitenote_note":"","_monsterinsights_sitenote_category":0,"footnotes":""},"categories":[1317],"tags":[1311,2778,2579,2777],"class_list":["post-6764","post","type-post","status-publish","format-standard","has-post-thumbnail","hentry","category-sabores-y-tendencias","tag-alemania","tag-exportacion","tag-feria","tag-mieles"],"_links":{"self":[{"href":"https:\/\/www.visionweb.com.ar\/index.php?rest_route=\/wp\/v2\/posts\/6764","targetHints":{"allow":["GET"]}}],"collection":[{"href":"https:\/\/www.visionweb.com.ar\/index.php?rest_route=\/wp\/v2\/posts"}],"about":[{"href":"https:\/\/www.visionweb.com.ar\/index.php?rest_route=\/wp\/v2\/types\/post"}],"author":[{"embeddable":true,"href":"https:\/\/www.visionweb.com.ar\/index.php?rest_route=\/wp\/v2\/users\/3"}],"replies":[{"embeddable":true,"href":"https:\/\/www.visionweb.com.ar\/index.php?rest_route=%2Fwp%2Fv2%2Fcomments&post=6764"}],"version-history":[{"count":1,"href":"https:\/\/www.visionweb.com.ar\/index.php?rest_route=\/wp\/v2\/posts\/6764\/revisions"}],"predecessor-version":[{"id":6767,"href":"https:\/\/www.visionweb.com.ar\/index.php?rest_route=\/wp\/v2\/posts\/6764\/revisions\/6767"}],"wp:featuredmedia":[{"embeddable":true,"href":"https:\/\/www.visionweb.com.ar\/index.php?rest_route=\/wp\/v2\/media\/6765"}],"wp:attachment":[{"href":"https:\/\/www.visionweb.com.ar\/index.php?rest_route=%2Fwp%2Fv2%2Fmedia&parent=6764"}],"wp:term":[{"taxonomy":"category","embeddable":true,"href":"https:\/\/www.visionweb.com.ar\/index.php?rest_route=%2Fwp%2Fv2%2Fcategories&post=6764"},{"taxonomy":"post_tag","embeddable":true,"href":"https:\/\/www.visionweb.com.ar\/index.php?rest_route=%2Fwp%2Fv2%2Ftags&post=6764"}],"curies":[{"name":"wp","href":"https:\/\/api.w.org\/{rel}","templated":true}]}}