{"id":6749,"date":"2022-08-10T08:25:49","date_gmt":"2022-08-10T11:25:49","guid":{"rendered":"https:\/\/www.visionweb.com.ar\/?p=6749"},"modified":"2022-08-10T08:50:41","modified_gmt":"2022-08-10T11:50:41","slug":"presentaron-el-premio-anual-de-investigacion-aldo-ferrer","status":"publish","type":"post","link":"https:\/\/www.visionweb.com.ar\/?p=6749","title":{"rendered":"Presentaron el premio anual de Investigaci\u00f3n Aldo Ferrer"},"content":{"rendered":"<p><strong><em>La iniciativa cultural tiene dos categor\u00edas, una para estudiantes y profesionales de Ciencias Econ\u00f3micas y la otra estudiantes de pos grado y mastr\u00edas.<\/em><\/strong> <!--more--><\/p>\n<p><strong><img loading=\"lazy\" decoding=\"async\" class=\"size-medium wp-image-6754 alignright\" src=\"https:\/\/www.visionweb.com.ar\/wp-content\/uploads\/2022\/08\/PREMIO-ALDO-FERRER-300x212.png\" alt=\"\" width=\"300\" height=\"212\" srcset=\"https:\/\/www.visionweb.com.ar\/wp-content\/uploads\/2022\/08\/PREMIO-ALDO-FERRER-300x212.png 300w, https:\/\/www.visionweb.com.ar\/wp-content\/uploads\/2022\/08\/PREMIO-ALDO-FERRER.png 644w\" sizes=\"auto, (max-width: 300px) 100vw, 300px\" \/>E<\/strong>l Ministerio de Hacienda y Finanzas y el Banco Provincia de Buenos Aires presentan la primera edici\u00f3n del Premio Anual de Investigaci\u00f3n sobre el Desarrollo Econ\u00f3mico de la Provincia de Buenos Aires Aldo Ferrer.<\/p>\n<p>La iniciativa tiene como objetivo promover trabajos de investigaci\u00f3n que contribuyan a pensar el futuro de la Provincia.<\/p>\n<p>Destinado a estudiantes y profesionales de ciencias econ\u00f3micas y afines, el Premio repartir\u00e1 $570 mil entre los trabajos seleccionados, que adem\u00e1s ser\u00e1n publicados por el sello Ediciones Bonaerenses.<\/p>\n<p>El premio tiene dos categor\u00edas: i) Estudiantes Universitarios y J\u00f3venes Profesionales; y ii) Profesionales y Estudiantes de Posgrado, Maestr\u00eda y Doctorado. Las tem\u00e1ticas deber\u00e1n circunscribirse en alguno de estos dos ejes: Federalismo Fiscal y Desarrollo Econ\u00f3mico de la Provincia de Buenos Aires.<\/p>\n<h3 style=\"text-align: center;\"><span style=\"color: #0000ff;\"><em><strong> Los trabajos pre-seleccionados ser\u00e1n anunciados el 30 de octubre de 2022<\/strong><\/em><\/span><\/h3>\n<p>La fecha l\u00edmite para la recepci\u00f3n de los trabajos es el 30 de septiembre de 2022. Los trabajos pre-seleccionados ser\u00e1n anunciados el 30 de octubre de 2022. En esa oportunidad se establecer\u00e1 y publicar\u00e1 la fecha de la premiaci\u00f3n, prevista para diciembre de 2022.<\/p>\n<p>Los premios consistir\u00e1n en la publicaci\u00f3n de los trabajos ganadores, con ejemplares impresos que ser\u00e1n parte del sello Ediciones Bonaerenses y publicados, tambi\u00e9n, en la p\u00e1gina web del Centro de Informaci\u00f3n y Estudios Econ\u00f3micos. A su vez, tendr\u00e1n por categor\u00eda tres reconocimientos monetarios.<\/p>\n<p>Premio Anual a Estudiantes Universitarios y J\u00f3venes Profesionales.<br \/>\n1er premio $150.000.-<br \/>\n2do premio $80.000.-<br \/>\nMenci\u00f3n destacada: $15.000.-<\/p>\n<p>Premio Anual a Profesionales y Estudiantes de Posgrado, Maestr\u00eda y Doctorado<br \/>\n1er premio $200.000.-<br \/>\n2do premio $100.000.-<br \/>\nMenci\u00f3n destacada: $25.000.<\/p>\n<p>*Aldo Ferrer \u200b\u200b fue un contador p\u00fablico, economista y pol\u00edtico argentino recibido en la Universidad de Buenos Aires y ligado pol\u00edticamente a la Uni\u00f3n C\u00edvica Radical. Ocup\u00f3 el ministerio de Econom\u00eda, la embajada argentina en Francia y la direcci\u00f3n editorial del diario Buenos Aires Econ\u00f3mico <strong>(VW)<\/strong><\/p>\n<p>*<em><strong>Wikipedia<\/strong><\/em><\/p>\n","protected":false},"excerpt":{"rendered":"<p>La iniciativa cultural tiene dos categor\u00edas, una para estudiantes y profesionales de Ciencias Econ\u00f3micas y la otra estudiantes de pos grado y mastr\u00edas.<\/p>\n","protected":false},"author":3,"featured_media":6754,"comment_status":"closed","ping_status":"closed","sticky":false,"template":"","format":"standard","meta":{"_monsterinsights_skip_tracking":false,"_monsterinsights_sitenote_active":false,"_monsterinsights_sitenote_note":"","_monsterinsights_sitenote_category":0,"footnotes":""},"categories":[7],"tags":[2482,2771,2773,2772],"class_list":["post-6749","post","type-post","status-publish","format-standard","has-post-thumbnail","hentry","category-educacion-y-cultura","tag-banco-provincia","tag-concurso","tag-economista","tag-ministerio-de-hacienda"],"_links":{"self":[{"href":"https:\/\/www.visionweb.com.ar\/index.php?rest_route=\/wp\/v2\/posts\/6749","targetHints":{"allow":["GET"]}}],"collection":[{"href":"https:\/\/www.visionweb.com.ar\/index.php?rest_route=\/wp\/v2\/posts"}],"about":[{"href":"https:\/\/www.visionweb.com.ar\/index.php?rest_route=\/wp\/v2\/types\/post"}],"author":[{"embeddable":true,"href":"https:\/\/www.visionweb.com.ar\/index.php?rest_route=\/wp\/v2\/users\/3"}],"replies":[{"embeddable":true,"href":"https:\/\/www.visionweb.com.ar\/index.php?rest_route=%2Fwp%2Fv2%2Fcomments&post=6749"}],"version-history":[{"count":3,"href":"https:\/\/www.visionweb.com.ar\/index.php?rest_route=\/wp\/v2\/posts\/6749\/revisions"}],"predecessor-version":[{"id":6756,"href":"https:\/\/www.visionweb.com.ar\/index.php?rest_route=\/wp\/v2\/posts\/6749\/revisions\/6756"}],"wp:featuredmedia":[{"embeddable":true,"href":"https:\/\/www.visionweb.com.ar\/index.php?rest_route=\/wp\/v2\/media\/6754"}],"wp:attachment":[{"href":"https:\/\/www.visionweb.com.ar\/index.php?rest_route=%2Fwp%2Fv2%2Fmedia&parent=6749"}],"wp:term":[{"taxonomy":"category","embeddable":true,"href":"https:\/\/www.visionweb.com.ar\/index.php?rest_route=%2Fwp%2Fv2%2Fcategories&post=6749"},{"taxonomy":"post_tag","embeddable":true,"href":"https:\/\/www.visionweb.com.ar\/index.php?rest_route=%2Fwp%2Fv2%2Ftags&post=6749"}],"curies":[{"name":"wp","href":"https:\/\/api.w.org\/{rel}","templated":true}]}}