{"id":6744,"date":"2022-08-09T16:07:41","date_gmt":"2022-08-09T19:07:41","guid":{"rendered":"https:\/\/www.visionweb.com.ar\/?p=6744"},"modified":"2022-08-09T16:07:41","modified_gmt":"2022-08-09T19:07:41","slug":"inauguraron-el-mercado-lomas-en-puente-la-noria","status":"publish","type":"post","link":"https:\/\/www.visionweb.com.ar\/?p=6744","title":{"rendered":"Inauguraron el \u201cMercado Lomas\u201d en Puente La Noria"},"content":{"rendered":"<p><em><strong>Un mercado con precios accesibles. Insaurralde adelant\u00f3 que habr\u00e1 10 mercados m\u00e1s. Alberto Fern\u00e1ndez, dijo en el evento que convocar\u00e1 a empresarios y sindicalistas para\u00a0\u00abalinear precios y salarios por 60 d\u00edas\u00bb.<\/strong><\/em><strong>\u00a0<\/strong><!--more--><\/p>\n<p><strong>\u00a0\u00a0\u00a0\u00a0\u00a0\u00a0\u00a0\u00a0\u00a0\u00a0\u00a0\u00a0\u00a0 <img loading=\"lazy\" decoding=\"async\" class=\"size-full wp-image-6746 aligncenter\" src=\"https:\/\/www.visionweb.com.ar\/wp-content\/uploads\/2022\/08\/mercado-puente-la-noria.bmp\" alt=\"\" width=\"610\" height=\"360\" \/>\u00a0\u00a0\u00a0\u00a0\u00a0\u00a0\u00a0 <\/strong><strong>E<\/strong>l presidente Alberto Fern\u00e1ndez encabez\u00f3 este martes la inauguraci\u00f3n del Mercado Lomas, ubicado en Puente La Noria, un espacio que ofrece productos de primera calidad a precios accesibles. \u201cQuiero que los salarios le ganen a la inflaci\u00f3n, los precios se contengan, los especuladores desaparezcan de la escena\u201d, asegur\u00f3.<\/p>\n<p>En el evento que marc\u00f3 la inauguraci\u00f3n del\u00a0mentado Mercado, autoridades dieron cuenta de algunos de los precios que se manejar\u00e1n: 400 pesos el kilo de asado, el pollo a 200, el filet de merluza a 500, el litro de leche se vender\u00e1 a 70 pesos, y el pan a 120, precisaron.<\/p>\n<p>Hubo una carta de intenci\u00f3n que fue firmada por la intendenta de Lomas de Zamora Marina Lesci, su par de Almirante Brown,\u00a0Juan Jos\u00e9 Fabiani, Andr\u00e9s Watson (Florencio Varela), Karina Men\u00e9ndez (Merlo), Lucas Ghi (Mor\u00f3n), Fernando Moreira (San Mart\u00edn), Mayra Mendoza (Quilmes), Carlos Ramil (Escobar), Noelia Correa (Malvinas Argentinas), Mario Secco (Ensenada),\u00a0Alejo Chornobroff (Avellaneda).<\/p>\n<p>En ese marco, Fern\u00e1ndez dijo que: \u00abHabl\u00e1bamos con Sergio Massa y estamos de acuerdo\u00a0en una idea. En el transcurso\u00a0de esta semana vamos a\u00a0convocar a empresarios, sindicalistas de la Argentina, sentarnos en una mesa, marcarnos una hoja de ruta para alinear precios y salarios por 60 d\u00edas para que los argentinos\u00a0<strong>dejen de padecer la inestabilidad que hoy viven en materia de precios<\/strong>\u00ab.<\/p>\n<p>Luego Fern\u00e1ndez habl\u00f3 de la inflaci\u00f3n, pero lo hizo en tercera persona: \u00abEs uno de los problemas que m\u00e1s preocupa al presidente de la Republica.\u00a0<strong>El Presidente quiere que los salarios le ganen a la inflaci\u00f3n<\/strong>, quiere que de una vez por todas los precios se contengan y los especuladores desaparezcan de la escena\u00bb.<\/p>\n<p><strong>\u00a0<\/strong>\u201cEl mundo est\u00e1 complicado y somos parte de ese mundo. Pero nunca hemos bajado los brazos, sino que hemos luchado juntos para dar una respuesta adecuada. Aqu\u00ed estamos poniendo en marcha este Mercado Lomas porque va en el camino correcto de lo que queremos hacer, que es volver a <strong>poner en orden los precios<\/strong>, <strong>volver a adecuar los precios a los ingresos de la gente<\/strong>\u201d, se\u00f1al\u00f3 el jefe de Estado ante los presentes.<\/p>\n<p>Adem\u00e1s, indic\u00f3 que pr\u00f3ximamente all\u00ed<strong> abrir\u00e1n oficinas de la Administraci\u00f3n Nacional de Seguridad Social (Anses)<\/strong><strong>\u00a0<\/strong>para que los que transiten por la terminal y el mercado, puedan realizar tr\u00e1mites.<\/p>\n<p>Y advirti\u00f3: \u201cEl Estado debe estar para poner equilibrio all\u00e1 donde ese equilibrio se pierde\u201c. \u201cSi el Estado no est\u00e1 presente, la sociedad es una jungla donde los m\u00e1s fuertes se comen a los m\u00e1s d\u00e9biles. Y nadie quiere vivir en esa jungla\u201d, reflexion\u00f3.<\/p>\n<p>Por su parte, el gobernador de la Provincia, <strong>Axel<\/strong>\u00a0<strong>Kicillof<\/strong><strong>\u00a0<\/strong>hizo un repaso de las medidas que se tomaron durante los \u00faltimos a\u00f1os. Y detall\u00f3: \u201cEstamos acompa\u00f1ando emprendimientos que tienen que ver con mataderos, frigor\u00edficos municipales\u201d, apunt\u00f3. \u201cDonde el mercado no llega, tiene que estar el Estado\u201d.<\/p>\n<p>\u201cLos eslabones m\u00e1s d\u00e9biles son los de la punta: el productor y el consumidor.<strong> La virtud de estos mercados es que juntan directamente al que produce y al que consume: elimina especulaci\u00f3n, eslabones y precios artificiales\u201d<\/strong>, complet\u00f3.<\/p>\n<p>A su turno,<strong> Mat\u00edas Tombolini,<\/strong>\u00a0secretario de Comercio, aclar\u00f3 que \u201cno se ir\u00e1 tras los empresarios que ponen los productos a cualquier precio\u201d, pero aclar\u00f3 que se deben reforzar los controles. \u201cVan a venir solos\u201d, apunt\u00f3, y habl\u00f3 de \u201ccomercio justo\u201d. <strong>\u201cHay que seguir haciendo cosas para que el salario rinda, cada d\u00eda, un poco m\u00e1s\u201d<\/strong>, asegur\u00f3.<\/p>\n<p><strong>Mart\u00edn Insaurralde<\/strong><strong>\u00a0<\/strong>explic\u00f3: \u201cLa idea naci\u00f3 hace tiempo atr\u00e1s cuando Axel dijo que comencemos a trabajar en mercados que le lleven a los vecinos y vecinas distintas alternativas en materia de precios y podamos llevar los productos de productores locales en el interior\u201d. \u201cPero quer\u00edamos que llegue al conurbano bonaerense, que es el m\u00e1s castigados por la inflaci\u00f3n y el aumento de precios\u201d, apunt\u00f3.<\/p>\n<p>\u201cBajar los precios es un contrato electoral, es una deuda que tenemos con nuestro frente, los votantes y cada argentino y argentina.<strong> Inauguramos este primer mercado y firmamos por otros 10.<\/strong>\u00a0Garantizar la alimentaci\u00f3n es una obligaci\u00f3n, no como funcionario sino como peronista de esta coalici\u00f3n\u201d, manifest\u00f3 Insaurralde, al tiempo que aclar\u00f3 que \u201cse hace con decisi\u00f3n pol\u00edtica pero tambi\u00e9n con empresarios solidarios\u201d. <strong>(VW)<\/strong><\/p>\n","protected":false},"excerpt":{"rendered":"<p>Un mercado con precios accesibles. Insaurralde adelant\u00f3 que habr\u00e1 10 mercados m\u00e1s. Alberto Fern\u00e1ndez, dijo en el evento que convocar\u00e1 a empresarios y sindicalistas para\u00a0\u00abalinear precios y salarios por 60 d\u00edas\u00bb.\u00a0<\/p>\n","protected":false},"author":4,"featured_media":6746,"comment_status":"closed","ping_status":"closed","sticky":false,"template":"","format":"standard","meta":{"_monsterinsights_skip_tracking":false,"_monsterinsights_sitenote_active":false,"_monsterinsights_sitenote_note":"","_monsterinsights_sitenote_category":0,"footnotes":""},"categories":[6,4],"tags":[15,2770,1350,167,2768,2769],"class_list":["post-6744","post","type-post","status-publish","format-standard","has-post-thumbnail","hentry","category-economia","category-politica","tag-fernandez","tag-inauguraron","tag-insaurralde","tag-kicillof","tag-mercado-lomas","tag-puente-la-noria"],"_links":{"self":[{"href":"https:\/\/www.visionweb.com.ar\/index.php?rest_route=\/wp\/v2\/posts\/6744","targetHints":{"allow":["GET"]}}],"collection":[{"href":"https:\/\/www.visionweb.com.ar\/index.php?rest_route=\/wp\/v2\/posts"}],"about":[{"href":"https:\/\/www.visionweb.com.ar\/index.php?rest_route=\/wp\/v2\/types\/post"}],"author":[{"embeddable":true,"href":"https:\/\/www.visionweb.com.ar\/index.php?rest_route=\/wp\/v2\/users\/4"}],"replies":[{"embeddable":true,"href":"https:\/\/www.visionweb.com.ar\/index.php?rest_route=%2Fwp%2Fv2%2Fcomments&post=6744"}],"version-history":[{"count":2,"href":"https:\/\/www.visionweb.com.ar\/index.php?rest_route=\/wp\/v2\/posts\/6744\/revisions"}],"predecessor-version":[{"id":6747,"href":"https:\/\/www.visionweb.com.ar\/index.php?rest_route=\/wp\/v2\/posts\/6744\/revisions\/6747"}],"wp:featuredmedia":[{"embeddable":true,"href":"https:\/\/www.visionweb.com.ar\/index.php?rest_route=\/wp\/v2\/media\/6746"}],"wp:attachment":[{"href":"https:\/\/www.visionweb.com.ar\/index.php?rest_route=%2Fwp%2Fv2%2Fmedia&parent=6744"}],"wp:term":[{"taxonomy":"category","embeddable":true,"href":"https:\/\/www.visionweb.com.ar\/index.php?rest_route=%2Fwp%2Fv2%2Fcategories&post=6744"},{"taxonomy":"post_tag","embeddable":true,"href":"https:\/\/www.visionweb.com.ar\/index.php?rest_route=%2Fwp%2Fv2%2Ftags&post=6744"}],"curies":[{"name":"wp","href":"https:\/\/api.w.org\/{rel}","templated":true}]}}