{"id":6732,"date":"2022-08-09T10:35:23","date_gmt":"2022-08-09T13:35:23","guid":{"rendered":"https:\/\/www.visionweb.com.ar\/?p=6732"},"modified":"2022-08-09T10:35:23","modified_gmt":"2022-08-09T13:35:23","slug":"la-ciudad-reducira-la-ayuda-social-a-quienes-no-manden-a-sus-hijos-a-la-escuela","status":"publish","type":"post","link":"https:\/\/www.visionweb.com.ar\/?p=6732","title":{"rendered":"La Ciudad reducir\u00e1 la ayuda social a quienes no manden a sus hijos a la escuela"},"content":{"rendered":"<p><strong><em>Larreta precis\u00f3 que evaluar\u00e1n bimestralmente la regularidad escolar para mantener planes y subsidios porte\u00f1os.<\/em><\/strong><!--more--><\/p>\n<div id=\"attachment_3455\" style=\"width: 310px\" class=\"wp-caption alignright\"><img loading=\"lazy\" decoding=\"async\" aria-describedby=\"caption-attachment-3455\" class=\"wp-image-3455 size-medium\" src=\"https:\/\/www.visionweb.com.ar\/wp-content\/uploads\/2021\/11\/CHICOS-SIN-BARBIJOS-EN-LAS-ESCUELAS-300x169.png\" alt=\"\" width=\"300\" height=\"169\" srcset=\"https:\/\/www.visionweb.com.ar\/wp-content\/uploads\/2021\/11\/CHICOS-SIN-BARBIJOS-EN-LAS-ESCUELAS-300x169.png 300w, https:\/\/www.visionweb.com.ar\/wp-content\/uploads\/2021\/11\/CHICOS-SIN-BARBIJOS-EN-LAS-ESCUELAS.png 640w\" sizes=\"auto, (max-width: 300px) 100vw, 300px\" \/><p id=\"caption-attachment-3455\" class=\"wp-caption-text\">La Ciudad modifica los sistemas de controles en las escuelas. Los padres que no env\u00eden sus hijos al colegio perder\u00e1n el beneficio de los incentivos sociales<\/p><\/div>\n<p><strong>\u00a0 \u00a0 \u00a0 \u00a0E<\/strong>l Gobierno de la ciudad de Buenos Aires controlar\u00e1 cada dos meses la regularidad escolar de los hijos e hijas de las personas que perciben la ayuda social correspondiente al programa Ciudadan\u00eda Porte\u00f1a y determinar\u00e1 as\u00ed si esas familias continuar\u00e1n recibiendo el 100% de la ayuda social.<\/p>\n<p>Tras conocerse la medida este lunes, el jefe de Gobierno porte\u00f1o, Horacio Rodr\u00edguez Larreta, dio los detalles este martes en conferencia de prensa y, seg\u00fan indic\u00f3, los nuevos requisitos afectar\u00e1n a 40.000 familias beneficiarias en el distrito, con un universo de 23.686 ni\u00f1os y ni\u00f1as involucrados.<\/p>\n<p>\u201cA partir de esto tambi\u00e9n vamos a hacer un cambio en la pol\u00edtica social, porque la ayuda del Estado tiene que ser un puente para los chicos que tienen que estar en la escuela, y la pol\u00edtica social tiene que promoverlo\u201d, argument\u00f3 el jefe de Gobierno porte\u00f1o en el marco de la presentaci\u00f3n.<\/p>\n<p>Asimismo, dijo que el Gobierno porte\u00f1o contactar\u00e1 a cada familia que tenga problemas para enviar a sus chicos a la escuela para regularizar la situaci\u00f3n y ver cu\u00e1l es el motivo de la inasistencia.<\/p>\n<p>\u201cAhora bien, si despu\u00e9s de contactarlos la situaci\u00f3n no cambia y los chicos siguen sin ir a clases, despu\u00e9s de tres meses de dar\u00e1 de baja el componente adicional, y, si a los seis meses tampoco se reincorpora, (el alumno o la alumna) se va a suspender la totalidad del plan\u201d, afirm\u00f3 Rodr\u00edguez Larreta.<\/p>\n<p>Acompa\u00f1ado por las ministras de Educaci\u00f3n, Soledad Acu\u00f1a, y de Desarrollo Humano, Mar\u00eda Migliore, Rodr\u00edguez Larreta anunci\u00f3 esta ma\u00f1ana desde la sede de la cartera de Educaci\u00f3n porte\u00f1a -ubicada en el Barrio 31 de Retiro- que esta nueva pol\u00edtica se implementar\u00e1 junto con una redefinici\u00f3n del concepto de regularidad escolar.<\/p>\n<p>En este sentido, explic\u00f3 que, desde ahora, se considerar\u00e1 alumno regular a aquel que tenga un 85% de asistencia a clases, indic\u00f3 que esta evaluaci\u00f3n de regularidad ser\u00e1 cada dos meses y que nunca se van a poder superar las 25 faltas totales para seguir conservando esta condici\u00f3n.<\/p>\n<p>As\u00ed, anunci\u00f3 que, \u201cquienes no manden a sus hijos a la escuela van a dejar de percibir el adicional por hijo del programa Ciudadan\u00eda Porte\u00f1a, que hoy asiste a m\u00e1s de 40.000 hogares en situaci\u00f3n de pobreza e indigencia\u201d.<\/p>\n<p>Rodr\u00edguez Larreta inform\u00f3 que dentro de este universo de beneficiarios de esta ayuda social hay 23.686 chicos \u201cque tienen que ir todos los d\u00edas a la escuela para que los padres cobren ese adicional\u201d.<\/p>\n<p>\u201cDesde septiembre vamos a notificar a las familias que tengan irregularidades en la asistencia de sus hijos y ese proceso lo vamos a repetir cada tres meses, no vamos a esperar a fin de a\u00f1o\u201d, precis\u00f3 <strong>(VW)<\/strong><\/p>\n","protected":false},"excerpt":{"rendered":"<p>Larreta precis\u00f3 que evaluar\u00e1n bimestralmente la regularidad escolar para mantener planes y subsidios porte\u00f1os.<\/p>\n","protected":false},"author":3,"featured_media":3455,"comment_status":"closed","ping_status":"closed","sticky":false,"template":"","format":"standard","meta":{"_monsterinsights_skip_tracking":false,"_monsterinsights_sitenote_active":false,"_monsterinsights_sitenote_note":"","_monsterinsights_sitenote_category":0,"footnotes":""},"categories":[7],"tags":[1181,839,871],"class_list":["post-6732","post","type-post","status-publish","format-standard","has-post-thumbnail","hentry","category-educacion-y-cultura","tag-escuela","tag-presencia","tag-subsidios"],"_links":{"self":[{"href":"https:\/\/www.visionweb.com.ar\/index.php?rest_route=\/wp\/v2\/posts\/6732","targetHints":{"allow":["GET"]}}],"collection":[{"href":"https:\/\/www.visionweb.com.ar\/index.php?rest_route=\/wp\/v2\/posts"}],"about":[{"href":"https:\/\/www.visionweb.com.ar\/index.php?rest_route=\/wp\/v2\/types\/post"}],"author":[{"embeddable":true,"href":"https:\/\/www.visionweb.com.ar\/index.php?rest_route=\/wp\/v2\/users\/3"}],"replies":[{"embeddable":true,"href":"https:\/\/www.visionweb.com.ar\/index.php?rest_route=%2Fwp%2Fv2%2Fcomments&post=6732"}],"version-history":[{"count":1,"href":"https:\/\/www.visionweb.com.ar\/index.php?rest_route=\/wp\/v2\/posts\/6732\/revisions"}],"predecessor-version":[{"id":6733,"href":"https:\/\/www.visionweb.com.ar\/index.php?rest_route=\/wp\/v2\/posts\/6732\/revisions\/6733"}],"wp:featuredmedia":[{"embeddable":true,"href":"https:\/\/www.visionweb.com.ar\/index.php?rest_route=\/wp\/v2\/media\/3455"}],"wp:attachment":[{"href":"https:\/\/www.visionweb.com.ar\/index.php?rest_route=%2Fwp%2Fv2%2Fmedia&parent=6732"}],"wp:term":[{"taxonomy":"category","embeddable":true,"href":"https:\/\/www.visionweb.com.ar\/index.php?rest_route=%2Fwp%2Fv2%2Fcategories&post=6732"},{"taxonomy":"post_tag","embeddable":true,"href":"https:\/\/www.visionweb.com.ar\/index.php?rest_route=%2Fwp%2Fv2%2Ftags&post=6732"}],"curies":[{"name":"wp","href":"https:\/\/api.w.org\/{rel}","templated":true}]}}