{"id":6728,"date":"2022-08-08T13:00:37","date_gmt":"2022-08-08T16:00:37","guid":{"rendered":"https:\/\/www.visionweb.com.ar\/?p=6728"},"modified":"2022-08-08T13:00:37","modified_gmt":"2022-08-08T16:00:37","slug":"tombolini-relanzara-los-precios-cuidados","status":"publish","type":"post","link":"https:\/\/www.visionweb.com.ar\/?p=6728","title":{"rendered":"Tombolini relanzar\u00e1 los Precios Cuidados"},"content":{"rendered":"<p><em><strong>Mientras el Programa contin\u00faa en vigencia hasta el 7 de octubre pr\u00f3ximo, el secretario de Comercio adelant\u00f3 que habr\u00e1 una nueva edici\u00f3n, que estar\u00e1 basada en las anteriores. \u201cNo quiere decir que los precios vayan para atr\u00e1s, sino que aumenten m\u00e1s despacio\u201d, indic\u00f3.<\/strong><\/em><!--more--><\/p>\n<p><strong><img loading=\"lazy\" decoding=\"async\" class=\"size-full wp-image-6730 aligncenter\" src=\"https:\/\/www.visionweb.com.ar\/wp-content\/uploads\/2022\/08\/precios-cuidados-2022.bmp\" alt=\"\" width=\"611\" height=\"387\" \/>E<\/strong>l nuevo Secretario de Comercio,\u00a0Mat\u00edas Tombolini, <strong>comenzar\u00e1 con reuniones esta semana con representantes de supermercados<\/strong>, alcanzar \u201cacuerdos estables\u201d, con la finalidad de relanzar el programa Precios Cuidados, que ser\u00e1\u00a0dentro de los pr\u00f3ximos 45 a 60 d\u00edas.<\/p>\n<p>Seg\u00fan Tombolini, ser\u00e1 para:<strong> \u201cvolver a recuperar a los precios como una unidad de informaci\u00f3n \u00fatil a la hora de decidir<\/strong>, ya que hoy Argentina atraviesa un momento donde los precios han dejado de ser una referencia cotidiana\u201d, indic\u00f3.<\/p>\n<p>\u201cLo que tenemos que intentar es encontrar acuerdos que sean estables a lo largo del tiempo, por lo menos un trimestre\u201d, se\u00f1al\u00f3 Tombolini, y advirti\u00f3 que: \u201c<strong>donde haya un abuso, se va a intentar detectarlo y trabajar en consecuencia<\/strong>\u201d.<\/p>\n<p>\u201cNosotros cuando asumimos, lo que hicimos, a partir del puntapi\u00e9 inicial que dio el Ministro de Econom\u00eda Sergio Massa a la gesti\u00f3n, que es marcar una hoja de ruta clara, establecer un diagn\u00f3stico, un conjunto de objetivos y a partir de all\u00ed un camino a recorrer, un plan, un programa\u201d, se\u00f1al\u00f3.<\/p>\n<p>En esa l\u00ednea,\u00a0el secretario reiter\u00f3 \u201cla idea de que los precios funcionen como precios de referencia y no como un congelamiento\u201d.<\/p>\n<p>Indic\u00f3 a la vez la necesidad de<strong> \u201cintentar desacelerar esta din\u00e1mica que en julio y tambi\u00e9n en agosto viene caliente en materia de precios,<\/strong><strong>\u00a0<\/strong>me parece que es el primer punto, y recuperar esta idea de la referencialidad de los precios\u201d.<\/p>\n<p>Y aclar\u00f3: \u201c<strong>No quiere decir que los precios vayan para atr\u00e1s, sino que aumenten m\u00e1s despacio<\/strong>, y eso se consigue con un conjunto de herramientas que planteaba Sergio Massa, que tienen que ver con el frente fiscal, con la acumulaci\u00f3n de reservas y con un programa ordenado, que a su vez tiene distintas medidas para el cumplimiento de los ejes\u201d, afirm\u00f3.<\/p>\n<p>Cabe recordar que la canasta de Precios Cuidados se renov\u00f3 el pasado 7 de julio,\u00a0e incluye productos de los rubros almac\u00e9n, limpieza, perfumer\u00eda, cuidado e higiene personal; art\u00edculos para beb\u00e9s, productos frescos (fiambres, pastas frescas, tapas de empanadas y de tartas), congelados y bebidas; junto con una canasta de frutas y verduras.<\/p>\n<p>En tanto, a fines de julio, el Gobierno alcanz\u00f3 un acuerdo con empresas productoras de l\u00e1cteos y supermercados que sumaron 120 productos de ese rubro al Programa.<\/p>\n<p>De este modo, la cantidad total que contempla la canasta asciende a Hoy son alrededor de <strong>1.070 productos involucrados en el sistema que tiene vigencia hasta el 7 de octubre<\/strong> pr\u00f3ximo, cuyo \u00a0aumento promedio trimestral de 9,3%, se dividir\u00e1 de la siguiente manera: 3,3% en julio; 3,2% en agosto y 2,5% en septiembre en el caso de los productos de almac\u00e9n.<\/p>\n<p>Mientras que los productos l\u00e1cteos tendr\u00e1n un aumento del 4,9% en julio; 3,3% en agosto y 2,8% en septiembre, con lo que el total promedio ser\u00e1 de 9,1% para el trimestre para este rubro. <strong>(VW)<\/strong><\/p>\n<p>&nbsp;<\/p>\n<p>&nbsp;<\/p>\n<p>&nbsp;<\/p>\n<p>&nbsp;<\/p>\n","protected":false},"excerpt":{"rendered":"<p>Mientras el Programa contin\u00faa en vigencia hasta el 7 de octubre pr\u00f3ximo, el secretario de Comercio adelant\u00f3 que habr\u00e1 una nueva edici\u00f3n, que estar\u00e1 basada en las anteriores. \u201cNo quiere decir que los precios&#46;&#46;&#46;<\/p>\n","protected":false},"author":4,"featured_media":6730,"comment_status":"closed","ping_status":"closed","sticky":false,"template":"","format":"standard","meta":{"_monsterinsights_skip_tracking":false,"_monsterinsights_sitenote_active":false,"_monsterinsights_sitenote_note":"","_monsterinsights_sitenote_category":0,"footnotes":""},"categories":[6],"tags":[2761,1643,302],"class_list":["post-6728","post","type-post","status-publish","format-standard","has-post-thumbnail","hentry","category-economia","tag-matias-tombolini","tag-precios-cuiddos","tag-relanzamiento"],"_links":{"self":[{"href":"https:\/\/www.visionweb.com.ar\/index.php?rest_route=\/wp\/v2\/posts\/6728","targetHints":{"allow":["GET"]}}],"collection":[{"href":"https:\/\/www.visionweb.com.ar\/index.php?rest_route=\/wp\/v2\/posts"}],"about":[{"href":"https:\/\/www.visionweb.com.ar\/index.php?rest_route=\/wp\/v2\/types\/post"}],"author":[{"embeddable":true,"href":"https:\/\/www.visionweb.com.ar\/index.php?rest_route=\/wp\/v2\/users\/4"}],"replies":[{"embeddable":true,"href":"https:\/\/www.visionweb.com.ar\/index.php?rest_route=%2Fwp%2Fv2%2Fcomments&post=6728"}],"version-history":[{"count":2,"href":"https:\/\/www.visionweb.com.ar\/index.php?rest_route=\/wp\/v2\/posts\/6728\/revisions"}],"predecessor-version":[{"id":6731,"href":"https:\/\/www.visionweb.com.ar\/index.php?rest_route=\/wp\/v2\/posts\/6728\/revisions\/6731"}],"wp:featuredmedia":[{"embeddable":true,"href":"https:\/\/www.visionweb.com.ar\/index.php?rest_route=\/wp\/v2\/media\/6730"}],"wp:attachment":[{"href":"https:\/\/www.visionweb.com.ar\/index.php?rest_route=%2Fwp%2Fv2%2Fmedia&parent=6728"}],"wp:term":[{"taxonomy":"category","embeddable":true,"href":"https:\/\/www.visionweb.com.ar\/index.php?rest_route=%2Fwp%2Fv2%2Fcategories&post=6728"},{"taxonomy":"post_tag","embeddable":true,"href":"https:\/\/www.visionweb.com.ar\/index.php?rest_route=%2Fwp%2Fv2%2Ftags&post=6728"}],"curies":[{"name":"wp","href":"https:\/\/api.w.org\/{rel}","templated":true}]}}