{"id":6718,"date":"2022-08-08T11:53:56","date_gmt":"2022-08-08T14:53:56","guid":{"rendered":"https:\/\/www.visionweb.com.ar\/?p=6718"},"modified":"2022-08-09T13:52:55","modified_gmt":"2022-08-09T16:52:55","slug":"san-cayetano-fue-el-dia-para-pedir-por-lo-que-mas-falta","status":"publish","type":"post","link":"https:\/\/www.visionweb.com.ar\/?p=6718","title":{"rendered":"San Cayetano: Fue el d\u00eda para pedir por lo que m\u00e1s falta"},"content":{"rendered":"<p><em><strong>\u201cPaz, Pan y Trabajo\u201d. Misas, peregrinaciones y marchas. En diferentes \u00e1mbitos, pero en el mismo contexto, la Iglesia, como las organizaciones sociales coincidieron en una sola voz.<\/strong><\/em><!--more--><\/p>\n<div id=\"attachment_6720\" style=\"width: 559px\" class=\"wp-caption aligncenter\"><img loading=\"lazy\" decoding=\"async\" aria-describedby=\"caption-attachment-6720\" class=\"wp-image-6720 size-full\" src=\"https:\/\/www.visionweb.com.ar\/wp-content\/uploads\/2022\/08\/san-cayetano-altar.bmp\" alt=\"\" width=\"549\" height=\"359\" \/><p id=\"caption-attachment-6720\" class=\"wp-caption-text\">Altar de San Cayetano en Linuers. (Fotos: internet)<\/p><\/div>\n<p><strong>E<\/strong>n el marco de la celebraci\u00f3n del 7 agosto de San Cayetano, el cardenal Mario Poli proclam\u00f3: \u00abEsta Argentina nos duele a todos\u00bb, a la vez que cientos de personas formaron varias cuadras de fila en la parroquia de Liniers, que volvi\u00f3 a abrir sus puertas tras dos a\u00f1os de pandemia.<\/p>\n<p>Mientras en Lomas de Zamora, el obispo monse\u00f1or Jorge Lugones, ofici\u00f3 una misa por la tarde en la parroquia San Cayetano de Burzaco, tambi\u00e9n ante una multitud de feligreses. Luego del oficio religioso Lugones encabez\u00f3 una procesi\u00f3n con la imagen del santo.<\/p>\n<p>En tanto, las organizaciones sociales y pol\u00edticas que conforman la\u00a0Uni\u00f3n de Trabajadores y Trabajadoras de la Econom\u00eda Popular (UTEP) realizaron una multitudinaria marcha que fue desde la iglesia de San Cayetano ubicada en el barrio de Liniers\u00a0hasta el centro porte\u00f1o, donde se realiz\u00f3 el acto central.<\/p>\n<p>Durante la ceremonia en <strong>Liniers<\/strong>, la Iglesia pidi\u00f3 m\u00e1s \u201c<strong>actitudes solidarias y fraternas que nos permita reconstruir a la Argentina<\/strong>\u201d bajo el ejemplo del buen samaritano: \u201cque nos devuelva una mirada solidaria de la realidad, no para escandalizarnos sino para conmovernos y comprometernos\u201d suplic\u00f3 el Cardenal Mario Poli.<\/p>\n<p>\u201cLa inflaci\u00f3n asfixiante que padecemos\u201d, y la \u201ccantidad creciente de hermanos y hermanos que se acercaran a los comedores y merenderos. Los adultos mayores que no pueden comprar sus remedios. En las familias en que sus ingresos son cada vez insignificantes\u201d, lament\u00f3 el arzobispo de Buenos Aires.<\/p>\n<p><strong>\u201c<\/strong><strong>Vamos a pedir por la patria de todos, sin grietas\u201d<\/strong><strong>\u00a0<\/strong>cerr\u00f3 Poli.<\/p>\n<div id=\"attachment_6721\" style=\"width: 586px\" class=\"wp-caption aligncenter\"><a href=\"https:\/\/www.visionweb.com.ar\/wp-content\/uploads\/2022\/08\/san-cayetano-filas.bmp\"><img loading=\"lazy\" decoding=\"async\" aria-describedby=\"caption-attachment-6721\" class=\"wp-image-6721 size-full\" src=\"https:\/\/www.visionweb.com.ar\/wp-content\/uploads\/2022\/08\/san-cayetano-filas.bmp\" alt=\"\" width=\"576\" height=\"332\" \/><\/a><p id=\"caption-attachment-6721\" class=\"wp-caption-text\">Largas filas frente a la Parroquia, con un mismo pedido: \u00abPaz, Pan y Trabajo\u00bb . (Foto: internet)<\/p><\/div>\n<p>En<strong> Burzaco<\/strong>, el Obispo de Lomas de Zamora Monse\u00f1or Jorge Lugones celebr\u00f3 misa en la Parroquia San Cayetano con el mismo pedido: Paz, Pan y Trabajo. Luego del oficio religioso Lugones encabez\u00f3 una la procesi\u00f3n con la imagen del santo.<\/p>\n<p>\u201cEl pan que se pide para todos es un clamor de justicia que implica respetar la dignidad de cada persona\u201d, asegur\u00f3.<\/p>\n<p>El obispo record\u00f3 la misa de Corpus Christi, donde se\u00f1al\u00f3 que \u201cla voluntad de Dios es que todos puedan partir su pan con dignidad y que sea posible que alcance para todos\u201d.<\/p>\n<p>\u201cPorque cuando el pan se acumula en pocas manos, cuando nos encerramos en la ambici\u00f3n y la comodidad, cuando nos dejamos encerrar por el ego\u00edsmo, o la actitud soberbia de \u00b4salvarme yo solo\u00b4, el af\u00e1n de amarrocar, o el mero hecho de no importarme que otro pr\u00f3jimo pase necesidad, entonces <strong>no parece cumplirse la voluntad de Dios en nuestra tierra<\/strong>\u201d, expres\u00f3.<\/p>\n<p>Por eso, destac\u00f3 la intercesi\u00f3n del santo: \u201cSan Cayetano te pedimos trabajo para todos los que quieren trabajar y comer con dignidad su pan. Te pedimos que se abran fuentes de trabajo y que sepamos valorar este esfuerzo de los que nos ayudan a compartir\u201d, indic\u00f3 Lugones.<\/p>\n<p>Por su parte, las principales <strong>Organizaciones Sociales<\/strong> participaron de una marcha y un acto, bajo el lema <strong>\u201cPan, paz, tierra, techo y trabajo\u201d<\/strong>.<\/p>\n<div id=\"attachment_6722\" style=\"width: 762px\" class=\"wp-caption aligncenter\"><a href=\"https:\/\/www.visionweb.com.ar\/wp-content\/uploads\/2022\/08\/marcha-san-cayetano.bmp\"><img loading=\"lazy\" decoding=\"async\" aria-describedby=\"caption-attachment-6722\" class=\"wp-image-6722 size-full\" src=\"https:\/\/www.visionweb.com.ar\/wp-content\/uploads\/2022\/08\/marcha-san-cayetano.bmp\" alt=\"\" width=\"752\" height=\"314\" \/><\/a><p id=\"caption-attachment-6722\" class=\"wp-caption-text\">Masiva marcha de organizaciones sociales del domingo 7 de agosto. (Foto: internet)<\/p><\/div>\n<p>Asistieron: Corriente Clasista y Combativa (CCC), Somos Barrios de Pie, el Frente Popular Dar\u00edo Santill\u00e1n, el Movimiento Evita y la Asociaci\u00f3n de Trabajadores del Estado (ATE)\u00a0que se identificaron con las banderas de esa agrupaciones sociales.<\/p>\n<p>En el acto participaron: el referente del Movimiento Evita, Emilio P\u00e9rsico, el subsecretario de Pol\u00edticas de Integraci\u00f3n y Formaci\u00f3n del Ministerio de Desarrollo Social y titular del Movimiento Somos Barrios de Pie, Daniel Men\u00e9ndez, el secretario gremial de la UTEP Gildo Onorato, el diputado del FDT y dirigente de la CCC Juan Carlos Alderete, y los dirigentes de la CTA-Aut\u00f3noma Ricardo Peidr\u00f3 y Hugo \u201cCachorro\u201d Godoy, y Juan Gabois.<\/p>\n<p>Durante el acto, que empez\u00f3 pasadas las 14 en el microcentro porte\u00f1o,\u00a0el secretario gremial de la UTEP, Gildo Onorato, sostuvo que<strong> \u201clo que falta no es trabajo sino derechos laborales de la mayor\u00eda<\/strong>\u201c.<\/p>\n<p>\u201cSi nos movilizamos es porque hay problemas\u201d, dijo, y remarc\u00f3 que los movimientos sociales de la UTEP son \u201cgarantes de la paz social\u201d y record\u00f3 que las crisis las sufren los sectores m\u00e1s humildes que \u201cse hacen m\u00e1s pobres\u201d.<\/p>\n<p>En un mensaje al Congreso, Onorato le record\u00f3 a los diputados y senadores:\u00a0\u201cDe qu\u00e9 planes hablan, esto es trabajo. Y salario, porque reconoce un trabajo social y da cuenta de una tarea comunitaria en los barrios m\u00e1s humildes, y complementarios porque complementa los ingresos. Es lo que ustedes llaman planeros y nosotros decimos trabajadores y trabajadores\u201d, enfatiz\u00f3 Onorato.<\/p>\n<p>Tambi\u00e9n reclam\u00f3: \u201cNo estigmaticen, porque cuando ustedes hablan los medios amplifican y la Justicia persigue a los m\u00e1s d\u00e9biles\u201d.<\/p>\n<p>Tambi\u00e9n se tom\u00f3 un momento para agradecer a la Iglesia: \u201c<strong>Parece mentira que reconozca nuestro esfuerzo y trabajo y pelee junto a los m\u00e1s humildes,<\/strong>\u00a0y a la dirigencia pol\u00edtica en su conjunto muchas veces hay que explicarle la diferencia entre una plan social y un trabajo\u201d.<\/p>\n<p>Por su parte, el diputado del Frente de Todos (FdT) y referente de la CCC Juan Carlos Alderete, exclam\u00f3: \u201c<strong>Salimos a la calle una vez m\u00e1s por pan, tierra, techo, trabajo, salud, educaci\u00f3n y soberan\u00eda nacional para todos los que habitan nuestro suelo<\/strong>\u201d.<\/p>\n<p>Tambi\u00e9n, Alderete asegur\u00f3 que \u00abhay sectores que se preparan para avanzar con sus planes de ajuste brutal y entrega nacional, y sobre los derechos\u201d de jubilados y trabajadores. Y carg\u00f3 contra los especuladores que \u201cremarcan los precios\u201d y contra \u201clos terratenientes y agroexportadores que no liquidan la cosecha\u201d porque ellos s\u00ed \u201cganan fortunas\u201d, sentenci\u00f3. <strong>(VW)<\/strong><\/p>\n<p>&nbsp;<\/p>\n","protected":false},"excerpt":{"rendered":"<p>\u201cPaz, Pan y Trabajo\u201d. Misas, peregrinaciones y marchas. En diferentes \u00e1mbitos, pero en el mismo contexto, la Iglesia, como las organizaciones sociales coincidieron en una sola voz.<\/p>\n","protected":false},"author":4,"featured_media":6722,"comment_status":"closed","ping_status":"closed","sticky":false,"template":"","format":"standard","meta":{"_monsterinsights_skip_tracking":false,"_monsterinsights_sitenote_active":false,"_monsterinsights_sitenote_note":"","_monsterinsights_sitenote_category":0,"footnotes":""},"categories":[5],"tags":[2755,2758,516,2756,2757,2754],"class_list":["post-6718","post","type-post","status-publish","format-standard","has-post-thumbnail","hentry","category-sociedad","tag-7-de-agosto","tag-lugones","tag-marcha","tag-misa","tag-poli","tag-san-cayetano"],"_links":{"self":[{"href":"https:\/\/www.visionweb.com.ar\/index.php?rest_route=\/wp\/v2\/posts\/6718","targetHints":{"allow":["GET"]}}],"collection":[{"href":"https:\/\/www.visionweb.com.ar\/index.php?rest_route=\/wp\/v2\/posts"}],"about":[{"href":"https:\/\/www.visionweb.com.ar\/index.php?rest_route=\/wp\/v2\/types\/post"}],"author":[{"embeddable":true,"href":"https:\/\/www.visionweb.com.ar\/index.php?rest_route=\/wp\/v2\/users\/4"}],"replies":[{"embeddable":true,"href":"https:\/\/www.visionweb.com.ar\/index.php?rest_route=%2Fwp%2Fv2%2Fcomments&post=6718"}],"version-history":[{"count":3,"href":"https:\/\/www.visionweb.com.ar\/index.php?rest_route=\/wp\/v2\/posts\/6718\/revisions"}],"predecessor-version":[{"id":6738,"href":"https:\/\/www.visionweb.com.ar\/index.php?rest_route=\/wp\/v2\/posts\/6718\/revisions\/6738"}],"wp:featuredmedia":[{"embeddable":true,"href":"https:\/\/www.visionweb.com.ar\/index.php?rest_route=\/wp\/v2\/media\/6722"}],"wp:attachment":[{"href":"https:\/\/www.visionweb.com.ar\/index.php?rest_route=%2Fwp%2Fv2%2Fmedia&parent=6718"}],"wp:term":[{"taxonomy":"category","embeddable":true,"href":"https:\/\/www.visionweb.com.ar\/index.php?rest_route=%2Fwp%2Fv2%2Fcategories&post=6718"},{"taxonomy":"post_tag","embeddable":true,"href":"https:\/\/www.visionweb.com.ar\/index.php?rest_route=%2Fwp%2Fv2%2Ftags&post=6718"}],"curies":[{"name":"wp","href":"https:\/\/api.w.org\/{rel}","templated":true}]}}