{"id":6713,"date":"2022-08-08T10:08:49","date_gmt":"2022-08-08T13:08:49","guid":{"rendered":"https:\/\/www.visionweb.com.ar\/?p=6713"},"modified":"2022-08-08T10:08:49","modified_gmt":"2022-08-08T13:08:49","slug":"massa-ingresa-su-equipo-a-energia","status":"publish","type":"post","link":"https:\/\/www.visionweb.com.ar\/?p=6713","title":{"rendered":"Massa ingresa su equipo a Energ\u00eda"},"content":{"rendered":"<p><em><strong>Sergio Massa utiliz\u00f3 sus redes sociales para comunicar la llegada de Roy\u00f3n a Energ\u00eda. Tambi\u00e9n indic\u00f3 que habr\u00e1 cambios en la subsecretar\u00eda.<\/strong><\/em><!--more--><\/p>\n<p><strong><img loading=\"lazy\" decoding=\"async\" class=\"size-full wp-image-6716 aligncenter\" src=\"https:\/\/www.visionweb.com.ar\/wp-content\/uploads\/2022\/08\/flavia-royon-secr-energia.bmp\" alt=\"\" width=\"585\" height=\"443\" \/>E<\/strong>l nuevo ministro de Econom\u00eda, Sergio Massa, confirm\u00f3 ayer por la noche que Flavia Roy\u00f3n pasar\u00e1 a ser secretaria de Energ\u00eda de la Naci\u00f3n, en reemplazo de Dar\u00edo Mart\u00ednez, funcionario ligado a La C\u00e1mpora.<\/p>\n<p>A la vez, el Ministro, en l\u00ednea con la adecuaci\u00f3n de sus colaboradores, indic\u00f3<strong>\u00a0<\/strong>en sus redes que tambi\u00e9n habr\u00e1 cambios en la subsecretar\u00eda de Energ\u00eda, a cargo de Federico Basualdo<strong>.<\/strong><\/p>\n<p>As\u00ed, Massa escribi\u00f3: \u201cComunico que a partir de ma\u00f1ana se integrar\u00e1n al equipo <strong>Flavia Roy\u00f3n<\/strong> como secretaria de Energ\u00eda, la acompa\u00f1ar\u00e1n Santiago Yanotti como subsecretario de Energ\u00eda El\u00e9ctrica, Federico Bernal como subsecretario de Hidrocarburos y Cecilia Garibotti como subsecretaria de Planificaci\u00f3n\u201d.<\/p>\n<p>Conforme a sus declaraciones, Roy\u00f3n estar\u00e1 acompa\u00f1ada por<strong>\u00a0Santiago Yanotti\u00a0<\/strong>como subsecretario de Energ\u00eda El\u00e9ctrica, cargo que ocupaba\u00a0Federico Basualdo\u00a0funcionario al que\u00a0Mart\u00edn Guzm\u00e1n\u00a0no puedo remover por la resistencia del kirchnerismo.<\/p>\n<p>Adem\u00e1s, el resto de la secretar\u00eda estar\u00e1 compuesta por\u00a0<strong>Federico Bernal<\/strong><strong>\u00a0<\/strong>como subsecretario de Hidrocarburos y\u00a0<strong>Cecilia Garibotti<\/strong><strong>\u00a0<\/strong>como subsecretaria de Planificaci\u00f3n.<\/p>\n<p>En ese marco de anuncios, Sergio Massa agradeci\u00f3 el trabajo de Dar\u00edo Mart\u00ednez, Federico Basualdo y del equipo que compuso la secretar\u00eda de Energ\u00eda hasta el momento, y agreg\u00f3 que \u00abEl objetivo de todos debe ser nuestra soberan\u00eda energ\u00e9tica y la transformaci\u00f3n de Argentina como potencia en este sector\u00bb.<\/p>\n<p>Roy\u00f3n estudi\u00f3 ingenier\u00eda en la Universidad Nacional de Salta, MBA en el IAE Business School y es diplomada en producci\u00f3n y gesti\u00f3n integral minera, negocios y metodolog\u00edas \u00e1giles.<\/p>\n<p>En su gesti\u00f3n junto al gobernador<strong>\u00a0<\/strong>Gustavo S\u00e1enz, impuls\u00f3 el dise\u00f1o y articulaci\u00f3n del Plan Provincial de Desarrollo Minero Sustentable, programa que promueve la actividad minera en esa provincia.<\/p>\n<p>Adem\u00e1s, en lo que refiere a materia energ\u00e9tica lleva adelante proyectos para estimular las inversiones en exploraci\u00f3n en la cuenca noroeste y el desarrollo de energ\u00edas renovables como solar y biocombustibles. <strong>(VW)<\/strong><\/p>\n<p><strong>\u00a0<\/strong><\/p>\n<p><strong>\u00a0<\/strong><\/p>\n<p>&nbsp;<\/p>\n","protected":false},"excerpt":{"rendered":"<p>Sergio Massa utiliz\u00f3 sus redes sociales para comunicar la llegada de Roy\u00f3n a Energ\u00eda. Tambi\u00e9n indic\u00f3 que habr\u00e1 cambios en la subsecretar\u00eda.<\/p>\n","protected":false},"author":4,"featured_media":6716,"comment_status":"closed","ping_status":"closed","sticky":false,"template":"","format":"standard","meta":{"_monsterinsights_skip_tracking":false,"_monsterinsights_sitenote_active":false,"_monsterinsights_sitenote_note":"","_monsterinsights_sitenote_category":0,"footnotes":""},"categories":[4],"tags":[2750,2753,2752,2751],"class_list":["post-6713","post","type-post","status-publish","format-standard","has-post-thumbnail","hentry","category-politica","tag-assa","tag-cambios","tag-royon","tag-secretaria-de-energia-lavia"],"_links":{"self":[{"href":"https:\/\/www.visionweb.com.ar\/index.php?rest_route=\/wp\/v2\/posts\/6713","targetHints":{"allow":["GET"]}}],"collection":[{"href":"https:\/\/www.visionweb.com.ar\/index.php?rest_route=\/wp\/v2\/posts"}],"about":[{"href":"https:\/\/www.visionweb.com.ar\/index.php?rest_route=\/wp\/v2\/types\/post"}],"author":[{"embeddable":true,"href":"https:\/\/www.visionweb.com.ar\/index.php?rest_route=\/wp\/v2\/users\/4"}],"replies":[{"embeddable":true,"href":"https:\/\/www.visionweb.com.ar\/index.php?rest_route=%2Fwp%2Fv2%2Fcomments&post=6713"}],"version-history":[{"count":2,"href":"https:\/\/www.visionweb.com.ar\/index.php?rest_route=\/wp\/v2\/posts\/6713\/revisions"}],"predecessor-version":[{"id":6717,"href":"https:\/\/www.visionweb.com.ar\/index.php?rest_route=\/wp\/v2\/posts\/6713\/revisions\/6717"}],"wp:featuredmedia":[{"embeddable":true,"href":"https:\/\/www.visionweb.com.ar\/index.php?rest_route=\/wp\/v2\/media\/6716"}],"wp:attachment":[{"href":"https:\/\/www.visionweb.com.ar\/index.php?rest_route=%2Fwp%2Fv2%2Fmedia&parent=6713"}],"wp:term":[{"taxonomy":"category","embeddable":true,"href":"https:\/\/www.visionweb.com.ar\/index.php?rest_route=%2Fwp%2Fv2%2Fcategories&post=6713"},{"taxonomy":"post_tag","embeddable":true,"href":"https:\/\/www.visionweb.com.ar\/index.php?rest_route=%2Fwp%2Fv2%2Ftags&post=6713"}],"curies":[{"name":"wp","href":"https:\/\/api.w.org\/{rel}","templated":true}]}}