{"id":6710,"date":"2022-08-05T16:58:03","date_gmt":"2022-08-05T19:58:03","guid":{"rendered":"https:\/\/www.visionweb.com.ar\/?p=6710"},"modified":"2022-08-05T16:58:03","modified_gmt":"2022-08-05T19:58:03","slug":"un-certamen-para-valorar-los-espacios-verdes-de-brown","status":"publish","type":"post","link":"https:\/\/www.visionweb.com.ar\/?p=6710","title":{"rendered":"Un certamen para valorar los espacios verdes de Brown"},"content":{"rendered":"<p><em><strong>La 2\u00b0 edici\u00f3n del concurso fotogr\u00e1fico \u201cEl ambiente en mi municipio\u201d busca que vecinxs de Almirante Brown se acerquen a los lugares naturales del distrito.<\/strong><\/em><!--more--><\/p>\n<p><img loading=\"lazy\" decoding=\"async\" class=\"size-medium wp-image-6711 alignright\" src=\"https:\/\/www.visionweb.com.ar\/wp-content\/uploads\/2022\/08\/CONCURSO-FOTOGRAFICO-300x281.png\" alt=\"\" width=\"300\" height=\"281\" srcset=\"https:\/\/www.visionweb.com.ar\/wp-content\/uploads\/2022\/08\/CONCURSO-FOTOGRAFICO-300x281.png 300w, https:\/\/www.visionweb.com.ar\/wp-content\/uploads\/2022\/08\/CONCURSO-FOTOGRAFICO.png 653w\" sizes=\"auto, (max-width: 300px) 100vw, 300px\" \/><strong> E<\/strong>l municipio de\u00a0<strong>Almirante Brown<\/strong>\u00a0abri\u00f3 la convocatoria para el\u00a0<strong>concurso fotogr\u00e1fico \u201cEl ambiente en mi municipio\u201d, que propone reflejar lo valioso del patrimonio natural del distrito<\/strong>. Se trata de una segunda edici\u00f3n de este certamen, en el cual las mejores fotograf\u00edas ser\u00e1n premiadas e ilustrar\u00e1n el\u00a0<strong>calendario ambiental 2023.<\/strong><\/p>\n<p>La iniciativa es coordinada por\u00a0<strong>Brown Verde<\/strong>\u00a0en conjunto con el Instituto Municipal de las Culturas, Descubr\u00ed Brown y la Secretar\u00eda de Pol\u00edtica Ambiental y H\u00e1bitat del distrito.\u00a0<strong>Se podr\u00e1 participar hasta el 31 de agosto, y la publicaci\u00f3n de los resultados est\u00e1 programada a partir del 21 de septiembre.<\/strong><\/p>\n<p>La idea de la convocatoria es que \u201cla gente salga a fotografiar esa naturaleza que tiene cerca: en su jard\u00edn, en su vereda, en la cuadra de casa o en la plaza\u201d, explic\u00f3\u00a0<strong>Romina Galeota, coordinadora general de Ambiente<\/strong>, sobre el surgimiento de la iniciativa, en di\u00e1logo con\u00a0<strong>AUNO<\/strong>.<\/p>\n<p>En este sentido, Romina explic\u00f3 que el concurso tambi\u00e9n surge para \u201c<strong>darle la oportunidad a distintos vecinos y vecinas que se sienten interpelados por lo medioambiental<\/strong>, y no s\u00f3lo a los profesionales\u201d<\/p>\n<p><strong>La primera edici\u00f3n logr\u00f3 una gran convocatoria<\/strong>: se recibieron m\u00e1s de 200 fotograf\u00edas de diferentes vecinos, las cuales plasmaban una enorme multiplicidad de miradas respecto a lo que significa el medioambiente.<\/p>\n<p><strong>\u201cMuchas veces pensamos que la naturaleza est\u00e1 lejos, en una reserva o en ese destino que elegimos cuando nos vamos de vacaciones, pero en realidad est\u00e1 ac\u00e1 nom\u00e1s\u201d<\/strong>, agreg\u00f3 Galeota, y apunt\u00f3: \u201cAlmirante Brown no es solamente su \u00e1rea urbana con edificios bonitos, sino que tambi\u00e9n tiene un 30 por ciento de su territorio que es zona rural, donde se resguardan algunos paisajes hist\u00f3ricos del municipio\u201d<\/p>\n<p>Estos territorios rurales pueden encontrarse no s\u00f3lo en Ministro Rivadavia, sino tambi\u00e9n en localidades como Glew y Longchamps. Romina comparti\u00f3 con\u00a0<strong>AUNO\u00a0<\/strong>que, que si tuviese que elegir un espacio verde favorito, ser\u00eda uno de estos lugares silvestres.<\/p>\n<p>Los requisitos<\/p>\n<p>Los requisitos para participar son los siguientes: ser mayor de 15 a\u00f1os,<strong>\u00a0que las fotos sean tomadas en el Municipio de Almirante Brown<\/strong>, en formatos digitales y que sean producciones actuales. Aparte de fauna y flora, tambi\u00e9n est\u00e1 permitido capturas que hablen de lo socioambiental, con alusiones al reciclaje, compostaje y soberan\u00eda alimentaria, por ejemplo.<\/p>\n<p>Desde el municipio hacen hincapi\u00e9 en la\u00a0<strong>importancia de cuidar el medioambiente del lugar y piden no invadirlo para tomar la fotograf\u00eda.<\/strong><\/p>\n<p>El resto de las especificaciones t\u00e9cnicas se podr\u00e1n encontrar en las\u00a0<a href=\"https:\/\/drive.google.com\/file\/d\/1XdkS6tlDlbHW93u3i8MDmOYbRceATf2U\/view\" target=\"_blank\" rel=\"noreferrer noopener\" data-type=\"URL\" data-id=\"https:\/\/drive.google.com\/file\/d\/1XdkS6tlDlbHW93u3i8MDmOYbRceATf2U\/view\">bases y condiciones<\/a>\u00a0publicadas por Brown Verde o desde sus\u00a0<a href=\"https:\/\/www.instagram.com\/brownverde\/?hl=es\" target=\"_blank\" rel=\"noreferrer noopener\" data-type=\"URL\" data-id=\"https:\/\/www.instagram.com\/brownverde\/?hl=es\">redes oficiales.\u00a0 <strong>(VW)<\/strong><\/a><\/p>\n<p>&nbsp;<\/p>\n","protected":false},"excerpt":{"rendered":"<p>La 2\u00b0 edici\u00f3n del concurso fotogr\u00e1fico \u201cEl ambiente en mi municipio\u201d busca que vecinxs de Almirante Brown se acerquen a los lugares naturales del distrito.<\/p>\n","protected":false},"author":3,"featured_media":6711,"comment_status":"closed","ping_status":"closed","sticky":false,"template":"","format":"standard","meta":{"_monsterinsights_skip_tracking":false,"_monsterinsights_sitenote_active":false,"_monsterinsights_sitenote_note":"","_monsterinsights_sitenote_category":0,"footnotes":""},"categories":[7],"tags":[2747,2748,2749],"class_list":["post-6710","post","type-post","status-publish","format-standard","has-post-thumbnail","hentry","category-educacion-y-cultura","tag-almirnte-brown","tag-concurso-fotografico","tag-paisajes-naturales"],"_links":{"self":[{"href":"https:\/\/www.visionweb.com.ar\/index.php?rest_route=\/wp\/v2\/posts\/6710","targetHints":{"allow":["GET"]}}],"collection":[{"href":"https:\/\/www.visionweb.com.ar\/index.php?rest_route=\/wp\/v2\/posts"}],"about":[{"href":"https:\/\/www.visionweb.com.ar\/index.php?rest_route=\/wp\/v2\/types\/post"}],"author":[{"embeddable":true,"href":"https:\/\/www.visionweb.com.ar\/index.php?rest_route=\/wp\/v2\/users\/3"}],"replies":[{"embeddable":true,"href":"https:\/\/www.visionweb.com.ar\/index.php?rest_route=%2Fwp%2Fv2%2Fcomments&post=6710"}],"version-history":[{"count":1,"href":"https:\/\/www.visionweb.com.ar\/index.php?rest_route=\/wp\/v2\/posts\/6710\/revisions"}],"predecessor-version":[{"id":6712,"href":"https:\/\/www.visionweb.com.ar\/index.php?rest_route=\/wp\/v2\/posts\/6710\/revisions\/6712"}],"wp:featuredmedia":[{"embeddable":true,"href":"https:\/\/www.visionweb.com.ar\/index.php?rest_route=\/wp\/v2\/media\/6711"}],"wp:attachment":[{"href":"https:\/\/www.visionweb.com.ar\/index.php?rest_route=%2Fwp%2Fv2%2Fmedia&parent=6710"}],"wp:term":[{"taxonomy":"category","embeddable":true,"href":"https:\/\/www.visionweb.com.ar\/index.php?rest_route=%2Fwp%2Fv2%2Fcategories&post=6710"},{"taxonomy":"post_tag","embeddable":true,"href":"https:\/\/www.visionweb.com.ar\/index.php?rest_route=%2Fwp%2Fv2%2Ftags&post=6710"}],"curies":[{"name":"wp","href":"https:\/\/api.w.org\/{rel}","templated":true}]}}