{"id":6686,"date":"2022-08-04T06:17:27","date_gmt":"2022-08-04T09:17:27","guid":{"rendered":"https:\/\/www.visionweb.com.ar\/?p=6686"},"modified":"2022-08-03T22:23:25","modified_gmt":"2022-08-04T01:23:25","slug":"las-principales-medidas-de-sergio-massa-para-acomodar-la-economia-domestica","status":"publish","type":"post","link":"https:\/\/www.visionweb.com.ar\/?p=6686","title":{"rendered":"Las principales medidas de Sergio Massa para acomodar la econom\u00eda dom\u00e9stica"},"content":{"rendered":"<p><em><strong>Rige el congelamiento de la planta del Estado nacional, pero adem\u00e1s cada jurisdicci\u00f3n ser\u00e1 responsable de las empresas descentralizadas que tambi\u00e9n estar\u00e1n alcanzados por esta limitaci\u00f3n.<\/strong><\/em><!--more--><\/p>\n<p><img loading=\"lazy\" decoding=\"async\" class=\"size-medium wp-image-6687 alignright\" src=\"https:\/\/www.visionweb.com.ar\/wp-content\/uploads\/2022\/08\/SERGIO-MASSA-300x169.png\" alt=\"\" width=\"300\" height=\"169\" srcset=\"https:\/\/www.visionweb.com.ar\/wp-content\/uploads\/2022\/08\/SERGIO-MASSA-300x169.png 300w, https:\/\/www.visionweb.com.ar\/wp-content\/uploads\/2022\/08\/SERGIO-MASSA.png 640w\" sizes=\"auto, (max-width: 300px) 100vw, 300px\" \/>Tras la jura como ministro de Econom\u00eca, Sergio Massa anuncio esta tarde una serie de medidas que podr\u00e1n el foco en el orden fiscal y se comprometi\u00f3 a alcanzar el d\u00e9ficit fiscal del 2,5%.<\/p>\n<p>El nuevo programa econ\u00f3mico tendr\u00e1 cuatro ejes centrales que incluyen el orden fiscal, el super\u00e1vit comercial, el fortalecimiento del comercio exterior, fortalecimiento de reservas y desarrollo con inclusi\u00f3n, con \u201cinversi\u00f3n, producci\u00f3n, exportaciones, y mercado interno\u201d, como motores de la econom\u00eda.<\/p>\n<p>Entre los puntos m\u00e1s importantes del plan el ex presidente de la C\u00e1mara de diputados, enumer\u00f3\u00a0 la<strong>\u00a0recuperaci\u00f3n de las reservas y la reducci\u00f3n del d\u00e9ficit\u00a0<\/strong>para cumplir con las pautas propuestas en el acuerdo firmado con el\u00a0<strong>Fondo Monetario Internacional<\/strong>.<\/p>\n<p>\u00abVamos a mirar lo econ\u00f3mico-productivo parado en dos ejes. Uno vinculado a principios y otro a motores. En cuanto a los principios: orden fiscal, super\u00e1vit comercial, fortalecimiento de reservas y desarrollo con inclusi\u00f3n. En cuanto a los motores: inversi\u00f3n, producci\u00f3n, exportaciones y defensa del mercado interno\u00bb, anunci\u00f3.<\/p>\n<p>Respecto de los adelantos transitorios pedidos al BCRA, Massa indic\u00f3 que:\u00a0 \u00abLe di la instrucci\u00f3n la secretario de Hacienda de no utilizar el saldo de adelantos del Tesoro para lo que resta del a\u00f1o. Asimismo, el d\u00eda lunes se har\u00e1 un reintegro al BCRA por $10.000 millones, camino de cancelaci\u00f3n que procuraremos continuar. Nos vamos a arreglar con nuestros recursos y financiamiento del sector privado\u00bb.<\/p>\n<p>Otro punto que se destac\u00f3 en la presentaci\u00f3n del Ministro de Econom\u00eda y que coincidi\u00f3 por lo resuelto por la ex ministra Silvina Batakis es que: \u201cRige el congelamiento de la planta del Estado nacional, pero adem\u00e1s cada jurisdicci\u00f3n ser\u00e1 responsable de las empresas descentralizadas que tambi\u00e9n estar\u00e1n alcanzados por esta limitaci\u00f3n. Deber\u00e1n presentar una declaraci\u00f3n jurada mes a mes del estado de su planta de personal.<\/p>\n<h3 style=\"text-align: center;\"><span style=\"color: #339966;\"><em><strong>El lunes se reintegrar\u00e1 al BCRA $10.000 millones.<\/strong><\/em><\/span><\/h3>\n<p>Con respecto a la segmentaci\u00f3n de las tarifas energ\u00e9ticas, el nuevo Ministro record\u00f3 que\u00a0 \u201ccasi cuatro millones de hogares argentinos no solicitaron mantener el subsidio y ese es un primer corte. Entre los 9 millones que si solicitaron el subsidio, vamos a promover el ahorro por consumo.\u201d<\/p>\n<p>\u201cEn luz vamos a subsidiar hasta 400 kw, alcanzando el 80% de los usuarios pero solo el 50% del consumo total residencial. En el caso del gas, la quita de subsidios seguir\u00e1 la misma l\u00f3gica, pero respetando la estacionalidad de las distintas regiones del pa\u00eds\u201d.<\/p>\n<p><strong>Comercio exterior<\/strong><\/p>\n<p>Con relaci\u00f3n a este punto, el titular de la cartera econ\u00f3mica nacional se\u00f1al\u00f3 que se establecer\u00e1 un nuevo r\u00e9gimen para \u00abpromover y defender cada d\u00f3lar de cada argentino. Vamos a promover por DNU reg\u00edmenes para agroindustria, miner\u00eda, hidrocarburos por aumento de producci\u00f3n y econom\u00eda del conocimiento, con beneficios\u00bb.<\/p>\n<p>Destac\u00f3 asimismo que habr\u00e1 denuncias de triangulaci\u00f3n de subfacturaci\u00f3n de exportaciones y sobrefacturaci\u00f3n de importaciones.<\/p>\n<p>\u00abVamos a denunciar en la justicia argentina y la unidad antilavado de Estados Unidos casos de subfacturaci\u00f3n de exportaciones y sobrefacturaci\u00f3n de importaciones\u00bb.<\/p>\n<p>En ese sentido explic\u00f3 que se abrir\u00e1 \u00abun registro por 60 d\u00edas para que las empresas rectifiquen su posici\u00f3n frente a la Aduana. Son m\u00e1s de 13 mil operaciones de 722 empresas las que est\u00e1n en la mira\u00bb<\/p>\n<h3 style=\"text-align: center;\"><span style=\"color: #339966;\"><strong><em>Se abrir\u00e1,un registro por 60 d\u00edas para que las empresa ratifiquen su posici\u00f3n frente a la Aduana<\/em><\/strong><\/span><\/h3>\n<p>Respecto del financiaci\u00f3n de las exportaciones anticip\u00f3 que:\u00bbLanzaremos un programa de cr\u00e9dito a tasas promocionales, y un esquema de garant\u00edas para primeros exportadores. Queremos vender m\u00e1s trabajo argentino al mundo\u00bb<\/p>\n<p>Agreg\u00f3, asimismo, que tambi\u00e9n se implementar\u00e1 un sistema de \u00abTrazabilidad del Comercio Exterior para un mayor control y transparencia en el uso de divisas para importaciones\u00bb.<\/p>\n<p><strong>Reservas<\/strong><\/p>\n<p>Por otra parte, el Ministro Massa enumer\u00f3 tambi\u00e9n que: \u00abHemos acordado un adelanto de exportaciones, con las cadenas de valor de la pesca, del agro, de la miner\u00eda y otros, que ingresar\u00e1n en los pr\u00f3ximos 60 d\u00edas por un total de 5000 millones de d\u00f3lares, que pasar\u00e1n a engrosar las reservas del BCRA\u00bb.<\/p>\n<p>Con respecto al financiamiento externo, Massa indic\u00f3 que mediante la asistencia de cr\u00e9ditos internacionales se esperan \u00abel desembolso de d\u00f3lares por parte de organismos internacionales por programas vigentes. Nuevo programa con la CAF (un banco internacional)\u00a0 un desembolso por 750 millones de d\u00f3lares adicionales\u00bb.<\/p>\n<p><strong>En tanto acerca de las REPO (operaciones financieras de compra y venta de papeles) explic\u00f3 que ya hay <\/strong>\u00abCuatro ofertas de Repo para fortalecimiento de reservas y recompra de deuda soberana. Tres de instituciones financieras internacionales y un fondo soberano\u00bb.<\/p>\n<p>Con respecto a la situaci\u00f3n argentina frente al FMI, el titulsar de Econom\u00eda explic\u00f3 que en fecha: \u00abTuvimos hoy una primera reuni\u00f3n de trabajo con el FMI para continuar con los desembolsos previstos y encarar los desaf\u00edos\u00bb.<\/p>\n<p><strong>Jubilaciones<\/strong><\/p>\n<p>La 7\u00aa media est\u00e1 referida al desarrollo con inclusi\u00f3n y en ese sentido explic\u00f3 que \u00abEl 10 de agosto vamos a anunciar el \u00edndice de movilidad jubilatoria con un refuerzo que ayude a los jubilados a superar el da\u00f1o que les produce la inflaci\u00f3n\u00bb.<\/p>\n<p>Con referencia al tema laboral el funcionario explic\u00f3 que\u00a0 se convocar\u00e1 \u00a0el jueves de la semana que viene a entidades empresarias y de trabajadores, a los efectos de asegurar un mecanismo que permita recuperar ingresos en trabajadores del sector privado, que incluye la mejora de las asignaciones familiares\u00bb<\/p>\n<p>Con referencia a los programas sociales el Ministro adelant\u00f3 que \u00a0\u00abEncararemos una pol\u00edtica de reordenamiento de los planes sociales durante los pr\u00f3ximos 12 meses, poniendo foco en 3 ejes. Vuelta al mercado de trabajo, fortalecimiento de cooperativas y protecci\u00f3n en caso de situaciones de vulnerabilidad\u00bb.<\/p>\n<p>En ese sentido a\u00f1adi\u00f3 que \u00abDesarrollo Social implementar\u00e1 una auditor\u00eda con Universidades. Qui\u00e9n no cumpla ver\u00e1 paralizado su programa\u00bb.<\/p>\n<p><strong>Cr\u00e9ditos<\/strong><\/p>\n<p>Por otra parte, el Ministro Massa explic\u00f3 que: \u00abIniciamos una unificaci\u00f3n de los programas de cr\u00e9dito en una sola l\u00ednea, que se llama CR\u00c9DITO ARGENTINO, y que va a unificar todas las pol\u00edticas de promoci\u00f3n del cr\u00e9dito para los sectores productivos, PyMES y comercio, programa por un total de $400 mil millones porque estamos convencidos que hay que sostener el trabajo y el crecimiento argentino\u00bb.<\/p>\n<p>Con respecto al gasoducto N\u00e9stor Kirchner, Massa asegur\u00f3 que se licitar\u00e1 el segundo tramo y por otra parte, se pondr\u00e1 en marcha un programa para formar en los pr\u00f3ximos 12 meses a 70 mil nuevos programadores.<\/p>\n<p>Y respecto de las deudas del Estado se lanzar\u00e1 un canje voluntario para los vencimientos en pesos de los pr\u00f3ximos 90 d\u00edas, que finalizar\u00e1 el martes, para el cual ya tenemos compromisos de adhesi\u00f3n de m\u00e1s del 60%.<\/p>\n<p>Por otra parte, pidi\u00f3 al Congreso \u00abpara pedir el r\u00e1pido tratamiento de las leyes que benefician en t\u00e9rminos impositivos a la Construcci\u00f3n, a la<strong><em> Bio-Nanotecnolog\u00eda, a la agroindustria y a la industria automotriz<\/em><\/strong>\u00bb porque \u00abson grandes generadores de empleo y crecimiento\u00bb y en paralelo a la Mesa de Enlace \u00abpara sentarnos a trabajar juntos para el desarrollo de ese sector tan potente que integran los productores argentinos\u00bb.<\/p>\n<p><strong>Retenciones<\/strong><\/p>\n<p>Respecto a los derechos a la exportaci\u00f3n que aplican sobre las materias primas agrarias, Massa manifest\u00f3 que se acord\u00f3 con el nuevo secretario de Agricultura \u00abuna convocatoria al sector para ponernos a trabajar\u00bb y se\u00f1al\u00f3 que \u00absi hubiese habido una decisi\u00f3n vinculada a los derechos de exportaci\u00f3n lo hubiese planteado como una de las medidas planteadas ahora\u00bb.<\/p>\n<p>Asimismo, dej\u00f3 en claro que bajo su gesti\u00f3n mantendr\u00e1n \u00abuna agenda de trabajo propositiva con uno de los sectores m\u00e1s competitivos y din\u00e1micos que es el campo\u00bb.<\/p>\n<p><strong>Tipo de cambio<\/strong><\/p>\n<p>Sobre el final, el ministro se refiri\u00f3 a la brecha cambiaria y a la evoluci\u00f3n del tipo de cambio oficial. En ese sentido, coincidi\u00f3 con la vicepresidenta Cristina Kirchner al se\u00f1alar que \u00abla Argentina tiene la cultura bimonetaria con la que convivimos, esa idea de que el d\u00f3lar es parte de nuestra vida cotidiana\u00bb.<\/p>\n<p>Y agreg\u00f3 que la planificaci\u00f3n macroecon\u00f3mica anunciada \u00abes para corregir distorsiones\u00bb pero dej\u00f3 en claro que \u00abno se hacen ni en un d\u00eda, ni en dos. Se hace en un plazo y con objetivos. Se hacen sobre la base del fortalecimiento de las reservas del BCRA\u00bb.<\/p>\n<p>Para concluir, descart\u00f3 la posibilidad de implementar medidas de depreciaci\u00f3n del peso, por los efectos negativos que producen sobre la poblaci\u00f3n. \u00abLos shocks devaluatorios lo \u00fanico que produce es pobreza y una enorme transferencia de recursos\u00bb, afirm\u00f3<strong>(NAP\/VW)<\/strong>.<\/p>\n<p>&nbsp;<\/p>\n<p>&nbsp;<\/p>\n<p>&nbsp;<\/p>\n","protected":false},"excerpt":{"rendered":"<p>Rige el congelamiento de la planta del Estado nacional, pero adem\u00e1s cada jurisdicci\u00f3n ser\u00e1 responsable de las empresas descentralizadas que tambi\u00e9n estar\u00e1n alcanzados por esta limitaci\u00f3n.<\/p>\n","protected":false},"author":3,"featured_media":6687,"comment_status":"closed","ping_status":"closed","sticky":false,"template":"","format":"standard","meta":{"_monsterinsights_skip_tracking":false,"_monsterinsights_sitenote_active":false,"_monsterinsights_sitenote_note":"","_monsterinsights_sitenote_category":0,"footnotes":""},"categories":[6],"tags":[1341,2731,2732,286,869],"class_list":["post-6686","post","type-post","status-publish","format-standard","has-post-thumbnail","hentry","category-economia","tag-campo","tag-credito","tag-deficit","tag-exportaciones","tag-massa"],"_links":{"self":[{"href":"https:\/\/www.visionweb.com.ar\/index.php?rest_route=\/wp\/v2\/posts\/6686","targetHints":{"allow":["GET"]}}],"collection":[{"href":"https:\/\/www.visionweb.com.ar\/index.php?rest_route=\/wp\/v2\/posts"}],"about":[{"href":"https:\/\/www.visionweb.com.ar\/index.php?rest_route=\/wp\/v2\/types\/post"}],"author":[{"embeddable":true,"href":"https:\/\/www.visionweb.com.ar\/index.php?rest_route=\/wp\/v2\/users\/3"}],"replies":[{"embeddable":true,"href":"https:\/\/www.visionweb.com.ar\/index.php?rest_route=%2Fwp%2Fv2%2Fcomments&post=6686"}],"version-history":[{"count":1,"href":"https:\/\/www.visionweb.com.ar\/index.php?rest_route=\/wp\/v2\/posts\/6686\/revisions"}],"predecessor-version":[{"id":6688,"href":"https:\/\/www.visionweb.com.ar\/index.php?rest_route=\/wp\/v2\/posts\/6686\/revisions\/6688"}],"wp:featuredmedia":[{"embeddable":true,"href":"https:\/\/www.visionweb.com.ar\/index.php?rest_route=\/wp\/v2\/media\/6687"}],"wp:attachment":[{"href":"https:\/\/www.visionweb.com.ar\/index.php?rest_route=%2Fwp%2Fv2%2Fmedia&parent=6686"}],"wp:term":[{"taxonomy":"category","embeddable":true,"href":"https:\/\/www.visionweb.com.ar\/index.php?rest_route=%2Fwp%2Fv2%2Fcategories&post=6686"},{"taxonomy":"post_tag","embeddable":true,"href":"https:\/\/www.visionweb.com.ar\/index.php?rest_route=%2Fwp%2Fv2%2Ftags&post=6686"}],"curies":[{"name":"wp","href":"https:\/\/api.w.org\/{rel}","templated":true}]}}