{"id":6664,"date":"2022-08-02T18:46:09","date_gmt":"2022-08-02T21:46:09","guid":{"rendered":"https:\/\/www.visionweb.com.ar\/?p=6664"},"modified":"2022-08-02T18:46:09","modified_gmt":"2022-08-02T21:46:09","slug":"gas-natural-las-nuevas-tarifas-para-el-nivel-alto","status":"publish","type":"post","link":"https:\/\/www.visionweb.com.ar\/?p=6664","title":{"rendered":"Gas natural: Las nuevas tarifas para el nivel alto"},"content":{"rendered":"<p><em><strong>La Secretar\u00eda<\/strong><strong> de Energ\u00eda formaliz\u00f3 los precios para los usuarios enmarcados en altos ingresos, o que no completaron el formulario RASE.<\/strong><\/em><strong>\u00a0<\/strong><!--more--><\/p>\n<p><strong>\u00a0\u00a0\u00a0\u00a0\u00a0\u00a0\u00a0\u00a0\u00a0\u00a0\u00a0 <img loading=\"lazy\" decoding=\"async\" class=\"size-full wp-image-6666 aligncenter\" src=\"https:\/\/www.visionweb.com.ar\/wp-content\/uploads\/2022\/08\/aumento-de-gas.bmp\" alt=\"\" width=\"467\" height=\"307\" \/>\u00a0\u00a0\u00a0\u00a0\u00a0\u00a0\u00a0\u00a0\u00a0\u00a0\u00a0 L<\/strong>a Secretar\u00eda de Energ\u00eda formaliz\u00f3 hoy la vigencia de los nuevos precios para el gas natural que ser\u00e1n aplicados a los usuarios y las usuarias residenciales del servicio por red nivel 1, entre el 31 de agosto y el 31 de diciembre.<\/p>\n<p>A trav\u00e9s de la resoluci\u00f3n 610\/2022 publicada hoy en el Bolet\u00edn Oficial, puso en vigencia los nuevos cuadros tarifarios \u201cpor regiones, teniendo en cuenta el principio de equidad e igualdad\u201d con 18 precios diferentes, que fueron detallados en el anexo de la norma.<\/p>\n<p>Los incrementos solamente ser\u00e1n aplicados a los usuarios del nivel 1, de mayores ingresos, y a aquellos que no hayan completado el formulario de inscripci\u00f3n al Registro de Accesos a los Subsidios a la Energ\u00eda (RASE).<\/p>\n<p>Mientras tanto, los niveles de ingresos bajos y medios no tendr\u00e1n ninguna modificaci\u00f3n respecto de la tarifa que estaban abonando, hasta fin de este a\u00f1o.<\/p>\n<p>As\u00ed, los usuarios y las usuarias comprendidos en el segmento del nivel 1\u00a0pagar\u00e1n el costo pleno de los servicios p\u00fablicos de gas natural por red contenido en la factura, en un proceso gradual y en tercios bimestrales, de modo tal que, al finalizar el a\u00f1o en curso, est\u00e9n abonando el costo pleno de la energ\u00eda que se les factura.<\/p>\n<p>De acuerdo con los nuevos cuadros,\u00a0un usuario de la distribuidora Metrogas, que opera en el \u00c1rea Metropolitana de Buenos Aires (AMBA), pasar\u00e1 a pagar en el primer incremento (que se reflejar\u00e1 en la facturaci\u00f3n de septiembre) $ 13,42 por metro c\u00fabico, lo que representa un incremento del 33,5% en relaci\u00f3n con los $ 10,05 por m3 que abona en la actualidad.<\/p>\n<p>Con\u00a0el segundo aumento en noviembre\u00a0(de 38,66% respecto del nivel de septiembre), pagar\u00e1 $ 18,606 por metro c\u00fabico.<\/p>\n<p>Mientras, en el tercero y \u00faltimo que estar\u00e1 vigente en las facturas de enero de 2023, el cargo correspondiente ser\u00e1 de $ 25,80 por metro c\u00fabico, con un aumento del 38,18% en relaci\u00f3n con el nivel previo.<\/p>\n<p>De acuerdo con los criterios establecidos en el decreto 332\/2022, para estar incluido en el nivel 1 los usuarios deber\u00e1n reunir al menos una de estas condiciones: ingresos mensuales netos superiores a 3,5 Canastas B\u00e1sicas Totales (actualmente $ 364.758,80), ser titular de tres o m\u00e1s autom\u00f3viles con antig\u00fcedad menor a cinco a\u00f1os, de tres o m\u00e1s inmuebles, de una o m\u00e1s aeronaves o embarcaciones de lujo o de activos societarios que exterioricen capacidad econ\u00f3mica plena. <strong>(VW)<\/strong><\/p>\n<p>&nbsp;<\/p>\n","protected":false},"excerpt":{"rendered":"<p>La Secretar\u00eda de Energ\u00eda formaliz\u00f3 los precios para los usuarios enmarcados en altos ingresos, o que no completaron el formulario RASE.\u00a0<\/p>\n","protected":false},"author":4,"featured_media":6666,"comment_status":"closed","ping_status":"closed","sticky":false,"template":"","format":"standard","meta":{"_monsterinsights_skip_tracking":false,"_monsterinsights_sitenote_active":false,"_monsterinsights_sitenote_note":"","_monsterinsights_sitenote_category":0,"footnotes":""},"categories":[6,4],"tags":[850,2637,2635,2725],"class_list":["post-6664","post","type-post","status-publish","format-standard","has-post-thumbnail","hentry","category-economia","category-politica","tag-inscripcion","tag-rase","tag-subsidios-luz-y-gas","tag-tarifas-de-gas"],"_links":{"self":[{"href":"https:\/\/www.visionweb.com.ar\/index.php?rest_route=\/wp\/v2\/posts\/6664","targetHints":{"allow":["GET"]}}],"collection":[{"href":"https:\/\/www.visionweb.com.ar\/index.php?rest_route=\/wp\/v2\/posts"}],"about":[{"href":"https:\/\/www.visionweb.com.ar\/index.php?rest_route=\/wp\/v2\/types\/post"}],"author":[{"embeddable":true,"href":"https:\/\/www.visionweb.com.ar\/index.php?rest_route=\/wp\/v2\/users\/4"}],"replies":[{"embeddable":true,"href":"https:\/\/www.visionweb.com.ar\/index.php?rest_route=%2Fwp%2Fv2%2Fcomments&post=6664"}],"version-history":[{"count":2,"href":"https:\/\/www.visionweb.com.ar\/index.php?rest_route=\/wp\/v2\/posts\/6664\/revisions"}],"predecessor-version":[{"id":6667,"href":"https:\/\/www.visionweb.com.ar\/index.php?rest_route=\/wp\/v2\/posts\/6664\/revisions\/6667"}],"wp:featuredmedia":[{"embeddable":true,"href":"https:\/\/www.visionweb.com.ar\/index.php?rest_route=\/wp\/v2\/media\/6666"}],"wp:attachment":[{"href":"https:\/\/www.visionweb.com.ar\/index.php?rest_route=%2Fwp%2Fv2%2Fmedia&parent=6664"}],"wp:term":[{"taxonomy":"category","embeddable":true,"href":"https:\/\/www.visionweb.com.ar\/index.php?rest_route=%2Fwp%2Fv2%2Fcategories&post=6664"},{"taxonomy":"post_tag","embeddable":true,"href":"https:\/\/www.visionweb.com.ar\/index.php?rest_route=%2Fwp%2Fv2%2Ftags&post=6664"}],"curies":[{"name":"wp","href":"https:\/\/api.w.org\/{rel}","templated":true}]}}