{"id":6632,"date":"2022-07-29T12:40:25","date_gmt":"2022-07-29T15:40:25","guid":{"rendered":"https:\/\/www.visionweb.com.ar\/?p=6632"},"modified":"2022-07-29T12:40:25","modified_gmt":"2022-07-29T15:40:25","slug":"29-de-julio-dia-de-la-cultura-nacional","status":"publish","type":"post","link":"https:\/\/www.visionweb.com.ar\/?p=6632","title":{"rendered":"29 de julio: D\u00eda de la Cultura Nacional"},"content":{"rendered":"<p><em><strong>Hoy se celebra el D\u00eda de la Cultura Nacional para homenajear a Ricardo Rojas, exponente de la literatura. \u201cDefensor de la esencia nacional y promotor de las letras, las artes y las ciencias\u201d.<\/strong><\/em><!--more--><\/p>\n<div id=\"attachment_6634\" style=\"width: 310px\" class=\"wp-caption alignright\"><img loading=\"lazy\" decoding=\"async\" aria-describedby=\"caption-attachment-6634\" class=\"wp-image-6634 size-medium\" src=\"https:\/\/www.visionweb.com.ar\/wp-content\/uploads\/2022\/07\/ricardo-rojas-archivo-cultura.gob_.ar_-300x284.jpg\" alt=\"\" width=\"300\" height=\"284\" srcset=\"https:\/\/www.visionweb.com.ar\/wp-content\/uploads\/2022\/07\/ricardo-rojas-archivo-cultura.gob_.ar_-300x284.jpg 300w, https:\/\/www.visionweb.com.ar\/wp-content\/uploads\/2022\/07\/ricardo-rojas-archivo-cultura.gob_.ar_.jpg 501w\" sizes=\"auto, (max-width: 300px) 100vw, 300px\" \/><p id=\"caption-attachment-6634\" class=\"wp-caption-text\">Foto archivo cultura.gob.ar<\/p><\/div>\n<p><strong>E<\/strong>n Argentina, el\u00a029 de julio\u00a0se celebra el\u00a0D\u00eda de la Cultura Nacional\u00a0en homenaje a\u00a0Ricardo Rojas, el creador de la primera c\u00e1tedra de Literatura Argentina en la Universidad de Buenos Aires (UBA). Tambi\u00e9n particip\u00f3 en la recuperaci\u00f3n del Mart\u00edn Fierro.<\/p>\n<p>En conmemoraci\u00f3n de la muerte del\u00a0escritor, pol\u00edtico e historiador Ricardo Rojas, un decreto presidencial instituido en 1982 hizo que ese d\u00eda\u00a0\u00a0se celebrara en Argentina\u00a0el\u00a0D\u00eda de la<strong>\u00a0<\/strong>Cultura Nacional.<\/p>\n<p>\u00abLa cultura, expresi\u00f3n esencial del hombre, define e identifica a los pueblos, los que trascienden merced al desarrollo, preservaci\u00f3n y difusi\u00f3n de aquella. Es conveniente determinar un d\u00eda en que deben especialmente recordarse los valores de nuestra cultura, d\u00eda en que anualmente se pueda evaluar la labor realizada en el afianzamiento y promoci\u00f3n de la Cultura Nacional\u00bb, indicaba el decreto con el que se cre\u00f3 la efem\u00e9ride.<\/p>\n<p>La elecci\u00f3n de Ricardo Rojas tambi\u00e9n est\u00e1 explicada en la normativa: \u00abRepresenta muy singularmente, en su polifac\u00e9tica y honda personalidad intelectual, diversas manifestaciones culturales, y encarna una preocupaci\u00f3n argentina de preservar y difundir las caracter\u00edsticas de la cultura nacional\u00bb.<\/p>\n<p>Adem\u00e1s, resalta que el primer Congreso Nacional de Directores de Cultura de la Argentina, realizado en Buenos Aires en septiembre de 1957, eligi\u00f3 \u00absu figura de hombre del interior, defensor de la esencia nacional y promotor de las letras, las artes y las ciencias, evocando su memoria como orientadora en sus deliberaciones\u201d.<\/p>\n<p>Ricardo Rojas naci\u00f3 en Tucum\u00e1n en 1882 (provincia en la que su padre fue dos veces gobernador), estudi\u00f3 periodismo en Santiago del Estero y fue profesor de Literatura castellana.<\/p>\n<p>Si bien no egres\u00f3 formalmente de ninguna facultad, la mayor\u00eda de las universidades de Am\u00e9rica le otorgaron el reconocimiento de Doctor \u00abhonoris causa\u00bb.<\/p>\n<p>En la Universidad de Buenos Aires (UBA), cre\u00f3 la primera c\u00e1tedra de Literatura Argentina y, luego, ocup\u00f3 el cargo de rector en esa misma instituci\u00f3n, durante el gobierno de Hip\u00f3lito Yrigoyen.<\/p>\n<p>Su pol\u00edtica estuvo basada en la extensi\u00f3n universitaria y \u00aben su convicci\u00f3n de que es posible llevar a la masa social los conocimientos susceptibles de divulgaci\u00f3n y contribuir a la formaci\u00f3n de una conciencia e identidad nacional\u00bb, como describen desde la Universidad.<\/p>\n<p>Rojas afirma en su obra \u201cLa Historia de la literatura argentina\u201d de cuatro mil p\u00e1ginas en ocho vol\u00famenes que reci\u00e9n se terminaron de editar en 1949, que \u201cla argentinidad est\u00e1 constituida por un territorio, por un pueblo, por un estado, por un idioma, por un ideal que tiende cada d\u00eda a definirse mejor\u201d.<\/p>\n<div id=\"attachment_6635\" style=\"width: 310px\" class=\"wp-caption alignleft\"><img loading=\"lazy\" decoding=\"async\" aria-describedby=\"caption-attachment-6635\" class=\"wp-image-6635 size-medium\" src=\"https:\/\/www.visionweb.com.ar\/wp-content\/uploads\/2022\/07\/ricardo-rojas-casa-calle-charcas-cult.gob_.ar_-300x214.jpg\" alt=\"\" width=\"300\" height=\"214\" srcset=\"https:\/\/www.visionweb.com.ar\/wp-content\/uploads\/2022\/07\/ricardo-rojas-casa-calle-charcas-cult.gob_.ar_-300x214.jpg 300w, https:\/\/www.visionweb.com.ar\/wp-content\/uploads\/2022\/07\/ricardo-rojas-casa-calle-charcas-cult.gob_.ar_.jpg 570w\" sizes=\"auto, (max-width: 300px) 100vw, 300px\" \/><p id=\"caption-attachment-6635\" class=\"wp-caption-text\">La casa de Riccardo Rojas convertida en museo. (Foto: cultura.gob.ar)<\/p><\/div>\n<p>Entre sus multidisciplinarias experiencias, fue embajador argentino en el Per\u00fa, gan\u00f3 distinciones como el Premio Nacional de Ensayo en 1923 y estuvo perseguido pol\u00edticamente y detenido en Tierra del Fuego tras el golpe de Estado del General Uriburu.<\/p>\n<p>La casa en que Ricardo Rojas y su esposa Julieta Quinteros vivieron durante 29 a\u00f1os, ubicada en Charcas 2837 de la Ciudad de Buenos Aires, se convirti\u00f3 en Museo en 1958.<\/p>\n<p>Tras la muerte de Rojas, el 29 de julio de 1957 en la misma ciudad, su mujer transfiri\u00f3 la propiedad al Estado, cumpliendo con el deseo del autor de convertirla en museo y biblioteca. <strong>(VW)<\/strong><\/p>\n","protected":false},"excerpt":{"rendered":"<p>Hoy se celebra el D\u00eda de la Cultura Nacional para homenajear a Ricardo Rojas, exponente de la literatura. \u201cDefensor de la esencia nacional y promotor de las letras, las artes y las ciencias\u201d.<\/p>\n","protected":false},"author":4,"featured_media":6635,"comment_status":"closed","ping_status":"closed","sticky":false,"template":"","format":"standard","meta":{"_monsterinsights_skip_tracking":false,"_monsterinsights_sitenote_active":false,"_monsterinsights_sitenote_note":"","_monsterinsights_sitenote_category":0,"footnotes":""},"categories":[7,8],"tags":[2716,2715,2714],"class_list":["post-6632","post","type-post","status-publish","format-standard","has-post-thumbnail","hentry","category-educacion-y-cultura","category-interes-general","tag-29-de-julio","tag-dia-de-la-cultura-nacional","tag-ricardo-rojas"],"_links":{"self":[{"href":"https:\/\/www.visionweb.com.ar\/index.php?rest_route=\/wp\/v2\/posts\/6632","targetHints":{"allow":["GET"]}}],"collection":[{"href":"https:\/\/www.visionweb.com.ar\/index.php?rest_route=\/wp\/v2\/posts"}],"about":[{"href":"https:\/\/www.visionweb.com.ar\/index.php?rest_route=\/wp\/v2\/types\/post"}],"author":[{"embeddable":true,"href":"https:\/\/www.visionweb.com.ar\/index.php?rest_route=\/wp\/v2\/users\/4"}],"replies":[{"embeddable":true,"href":"https:\/\/www.visionweb.com.ar\/index.php?rest_route=%2Fwp%2Fv2%2Fcomments&post=6632"}],"version-history":[{"count":2,"href":"https:\/\/www.visionweb.com.ar\/index.php?rest_route=\/wp\/v2\/posts\/6632\/revisions"}],"predecessor-version":[{"id":6636,"href":"https:\/\/www.visionweb.com.ar\/index.php?rest_route=\/wp\/v2\/posts\/6632\/revisions\/6636"}],"wp:featuredmedia":[{"embeddable":true,"href":"https:\/\/www.visionweb.com.ar\/index.php?rest_route=\/wp\/v2\/media\/6635"}],"wp:attachment":[{"href":"https:\/\/www.visionweb.com.ar\/index.php?rest_route=%2Fwp%2Fv2%2Fmedia&parent=6632"}],"wp:term":[{"taxonomy":"category","embeddable":true,"href":"https:\/\/www.visionweb.com.ar\/index.php?rest_route=%2Fwp%2Fv2%2Fcategories&post=6632"},{"taxonomy":"post_tag","embeddable":true,"href":"https:\/\/www.visionweb.com.ar\/index.php?rest_route=%2Fwp%2Fv2%2Ftags&post=6632"}],"curies":[{"name":"wp","href":"https:\/\/api.w.org\/{rel}","templated":true}]}}