{"id":6626,"date":"2022-07-29T11:33:55","date_gmt":"2022-07-29T14:33:55","guid":{"rendered":"https:\/\/www.visionweb.com.ar\/?p=6626"},"modified":"2022-07-29T11:33:55","modified_gmt":"2022-07-29T14:33:55","slug":"plan-fines-en-lanus-termina-el-colegio","status":"publish","type":"post","link":"https:\/\/www.visionweb.com.ar\/?p=6626","title":{"rendered":"Plan FinEs en Lan\u00fas: Termin\u00e1 el colegio"},"content":{"rendered":"<p><em><strong>Hasta el 5 de agosto contin\u00faa abierta la preinscripci\u00f3n para completar los estudios primarios y secundarios. Es para el segundo cuatrimestre del a\u00f1o, dirigido a mayores de 18 a\u00f1os.<\/strong><\/em><!--more--><\/p>\n<p><strong><img loading=\"lazy\" decoding=\"async\" class=\"size-medium wp-image-6628 alignright\" src=\"https:\/\/www.visionweb.com.ar\/wp-content\/uploads\/2022\/07\/plan-fines-lanus-293x300.jpg\" alt=\"\" width=\"293\" height=\"300\" srcset=\"https:\/\/www.visionweb.com.ar\/wp-content\/uploads\/2022\/07\/plan-fines-lanus-293x300.jpg 293w, https:\/\/www.visionweb.com.ar\/wp-content\/uploads\/2022\/07\/plan-fines-lanus.jpg 474w\" sizes=\"auto, (max-width: 293px) 100vw, 293px\" \/>E<\/strong>n Lan\u00fas est\u00e1 abierta hasta el viernes 5\/8 inclusive, la preinscripci\u00f3n al Plan FinEs, programa nacional de educaci\u00f3n adecuado para mayores de 18 a\u00f1os que quieran completar sus estudios primarios y secundarios, para la cursada del segundo cuatrimestre.<\/p>\n<p>Los interesados, podr\u00e1n rendir materias adeudadas o bien cursar los estudios primarios\/secundarios completos.<\/p>\n<p>Las preinscripciones son a trav\u00e9s de un formulario inicial, para luego finalizar la inscripci\u00f3n en la Coordinaci\u00f3n Distrital del programa, o en cualquiera de las sedes de CENS de Lan\u00fas.<\/p>\n<p>&#8211; Formulario de inscripci\u00f3n a Fines Trayecto:<\/p>\n<p><a href=\"https:\/\/forms.gle\/MymFPYguoiVnausY8\">https:\/\/forms.gle\/MymFPYguoiVnausY8<\/a><\/p>\n<p>&#8211; Formulario inscripci\u00f3n a Fines Materias Pendientes (ex Deudores):<\/p>\n<p><a href=\"https:\/\/forms.gle\/ZeM96eyBSjjbkMg98\">https:\/\/forms.gle\/ZeM96eyBSjjbkMg98<\/a><\/p>\n<p>Documentaci\u00f3n: Para finalizar la inscripci\u00f3n es necesario presentar fotocopia de la partida de nacimiento, fotocopia del \u00faltimo DNI, constancia de CUIL y certificado de estudios de la \u00faltima instituci\u00f3n en la que se curs\u00f3 en un folio.<\/p>\n<p>Luego del receso de invierno, la documentaci\u00f3n ser\u00e1 recibida a partir de agosto en las siguientes instituciones:<\/p>\n<p>CENS 451 &#8211; lunes y mi\u00e9rcoles de 18:30 a 20:30<\/p>\n<p>(Av. remedios de Escalada de San Mart\u00edn 4231)<\/p>\n<p>CENS 452 &#8211; lunes, martes, jueves y viernes de 18:30 a 21 hs<\/p>\n<p>(Ministro Brin 2475)<\/p>\n<p>CENS 453 &#8211; lunes y jueves de 18:30 a 21:00 hs<\/p>\n<p>(Ituzaing\u00f3 1762)<\/p>\n<p>CENS 454 &#8211; martes, mi\u00e9rcoles y viernes 14:30 a 17 hs<\/p>\n<p>(Aguapey 3864)<\/p>\n<p>Para m\u00e1s informaci\u00f3n comunicarse v\u00eda mail a\u00a0<a href=\"mailto:fineslanus@abc.gob.ar\">fineslanus@abc.gob.ar<\/a><\/p>\n<p>O a trav\u00e9s del Facebook oficial de la Coordinaci\u00f3n Distrital:\u00a0<a href=\"https:\/\/www.facebook.com\/fineslanusoficial\/\">https:\/\/www.facebook.com\/fineslanusoficial\/\u00a0<\/a><\/p>\n<p><strong>(VW)<\/strong><\/p>\n","protected":false},"excerpt":{"rendered":"<p>Hasta el 5 de agosto contin\u00faa abierta la preinscripci\u00f3n para completar los estudios primarios y secundarios. Es para el segundo cuatrimestre del a\u00f1o, dirigido a mayores de 18 a\u00f1os.<\/p>\n","protected":false},"author":4,"featured_media":6628,"comment_status":"closed","ping_status":"closed","sticky":false,"template":"","format":"standard","meta":{"_monsterinsights_skip_tracking":false,"_monsterinsights_sitenote_active":false,"_monsterinsights_sitenote_note":"","_monsterinsights_sitenote_category":0,"footnotes":""},"categories":[7,5],"tags":[2713,19,2710,2711,2712],"class_list":["post-6626","post","type-post","status-publish","format-standard","has-post-thumbnail","hentry","category-educacion-y-cultura","category-sociedad","tag-estudios","tag-lanus","tag-plan-fines","tag-prinario","tag-secundario"],"_links":{"self":[{"href":"https:\/\/www.visionweb.com.ar\/index.php?rest_route=\/wp\/v2\/posts\/6626","targetHints":{"allow":["GET"]}}],"collection":[{"href":"https:\/\/www.visionweb.com.ar\/index.php?rest_route=\/wp\/v2\/posts"}],"about":[{"href":"https:\/\/www.visionweb.com.ar\/index.php?rest_route=\/wp\/v2\/types\/post"}],"author":[{"embeddable":true,"href":"https:\/\/www.visionweb.com.ar\/index.php?rest_route=\/wp\/v2\/users\/4"}],"replies":[{"embeddable":true,"href":"https:\/\/www.visionweb.com.ar\/index.php?rest_route=%2Fwp%2Fv2%2Fcomments&post=6626"}],"version-history":[{"count":2,"href":"https:\/\/www.visionweb.com.ar\/index.php?rest_route=\/wp\/v2\/posts\/6626\/revisions"}],"predecessor-version":[{"id":6629,"href":"https:\/\/www.visionweb.com.ar\/index.php?rest_route=\/wp\/v2\/posts\/6626\/revisions\/6629"}],"wp:featuredmedia":[{"embeddable":true,"href":"https:\/\/www.visionweb.com.ar\/index.php?rest_route=\/wp\/v2\/media\/6628"}],"wp:attachment":[{"href":"https:\/\/www.visionweb.com.ar\/index.php?rest_route=%2Fwp%2Fv2%2Fmedia&parent=6626"}],"wp:term":[{"taxonomy":"category","embeddable":true,"href":"https:\/\/www.visionweb.com.ar\/index.php?rest_route=%2Fwp%2Fv2%2Fcategories&post=6626"},{"taxonomy":"post_tag","embeddable":true,"href":"https:\/\/www.visionweb.com.ar\/index.php?rest_route=%2Fwp%2Fv2%2Ftags&post=6626"}],"curies":[{"name":"wp","href":"https:\/\/api.w.org\/{rel}","templated":true}]}}