{"id":6620,"date":"2022-07-29T10:41:32","date_gmt":"2022-07-29T13:41:32","guid":{"rendered":"https:\/\/www.visionweb.com.ar\/?p=6620"},"modified":"2022-07-29T12:23:27","modified_gmt":"2022-07-29T15:23:27","slug":"palermo-se-prepara-para-un-nuevo-acto-de-inauguracion-sin-presencia-oficial","status":"publish","type":"post","link":"https:\/\/www.visionweb.com.ar\/?p=6620","title":{"rendered":"Palermo se prepara para un nuevo acto de inauguraci\u00f3n sin presencia oficial"},"content":{"rendered":"<p><strong><em>La inauguraci\u00f3n de la 134\u00aa Edici\u00f3n de la Expo Rural 2022, alcanza este a\u00f1o un particular realce, porque se viene de dos a\u00f1os de ausencia por la pandemia que suspendi\u00f3 la mayor\u00eda de las actividades que convocaban a un p\u00fablico masivo.<\/em><\/strong><!--more--><\/p>\n<div id=\"attachment_6623\" style=\"width: 310px\" class=\"wp-caption alignright\"><img loading=\"lazy\" decoding=\"async\" aria-describedby=\"caption-attachment-6623\" class=\"wp-image-6623 size-medium\" src=\"https:\/\/www.visionweb.com.ar\/wp-content\/uploads\/2022\/07\/PALERMO-RURAL-300x181.png\" alt=\"\" width=\"300\" height=\"181\" srcset=\"https:\/\/www.visionweb.com.ar\/wp-content\/uploads\/2022\/07\/PALERMO-RURAL-300x181.png 300w, https:\/\/www.visionweb.com.ar\/wp-content\/uploads\/2022\/07\/PALERMO-RURAL.png 640w\" sizes=\"auto, (max-width: 300px) 100vw, 300px\" \/><p id=\"caption-attachment-6623\" class=\"wp-caption-text\"><em><strong>Este s\u00e1bado se realizar\u00e1 la inauguraci\u00f3n de la 134\u00aa de la Exposici\u00f3n Ganadera de la Rural, sin la presencia oficial(Foto: Archivo NAP, 2019)<\/strong><\/em><\/p><\/div>\n<p>Ya comenz\u00f3 la cuenta regresiva para el acto de inauguraci\u00f3n de la 134\u00aa Edici\u00f3n de la Exposici\u00f3n Rural de Palermo, en un escenario pol\u00edtico nacional colmado de turbulencias y de cambios que buscan encaminar los destinos econ\u00f3micos de la Argentina.<\/p>\n<p>El acto inaugural fue programado para las 11 de la ma\u00f1ana y como ocurri\u00f3 en otras administraciones pol\u00edticas, excepto el per\u00edodo en que Mauricio Macri presidio los destinos pol\u00edticos de la Argentina, no habr\u00e1 presencia oficial.<\/p>\n<p>El acto inaugural se realizar\u00e1 en medio de tensiones entre el campo y el gobierno por la aplicaci\u00f3n de medidas que complican la marcha de la actividad agropecuaria y que reclama un cambio urgente en la pol\u00edtica nacional para el sector.<\/p>\n<p>La fiesta de la Expo Rural 2022, se har\u00e1n sin la presi\u00f3n que pudo haber generado la presencia de una marcha de grupos sociales afines al gobierno que pretend\u00edan hacer p\u00fablico sus reclamos en el marco de la inauguraci\u00f3n de la\u00a0 134\u00aa Edici\u00f3n de la muestra.<\/p>\n<p>La inauguraci\u00f3n de la Rural de Palermo siempre estuvo relacionada a diferentes momentos hist\u00f3ricos de nuestro pa\u00eds y muchos de ellos dejaron su huella al demostrar el estado de \u00e1nimo de los productores, como ocurri\u00f3 en aquel 13 de agosto de 1988, cuando ingreso el ex presidente de los Argentinos Ra\u00fal Ricardo Alfons\u00edn, a la muestra que ese d\u00eda se inauguraba, el primer presidente de la democracia tras el cierre de la etapa del proceso militar que culmin\u00f3 en diciembre 1983, que fue recibido con una gran silvatina.<\/p>\n<p>No ocurri\u00f3 lo mismo durante la presidencia de Carlos Sa\u00fal Menem, que asisti\u00f3 a todas las inauguraciones durante los ocho a\u00f1os que gobern\u00f3 el pa\u00eds y en 2002, si bien Eduardo Duhalde, el presidente que abri\u00f3 las puertas al kirchnerismo,\u00a0 no asisti\u00f3, mand\u00f3 a su Secretario de Agricultura, cartera que por entonces presidia Rafael Delpech.<\/p>\n<p>Pero tras la elecci\u00f3n del ex presidente\u00a0 N\u00e9stor Kirchner, durante todo su mandato y luego con la sucesi\u00f3n de su esposa, Cristina Fern\u00e1ndez de Kirchner,\u00a0 \u00a0como presidenta de la Naci\u00f3n, el Poder Ejecutivo nacional no estuvo representado, salvo en 2007, cuando asisti\u00f3 al acto inaugural Javier de Urquiza, ex delegado de CRA, por Santa Cruz, que debi\u00f3 retirarse del palco oficial por las cr\u00edticas y las silvatinas de las tribunas palermitanas.<\/p>\n<p>A los largo de las 134 exposiciones ganaderas de Palermo, el palco oficial, fue siempre el escenario elegido por los sucesivos presidentes de la Sociedad Rural Argentina, para cuestionar la pol\u00edtica nacional respecto de este sector productivo o destacar los buenos momentos. Este a\u00f1o sera el tiempo de Nicol\u00e1s Pino, quien llevara la voz cantante de los reclamos que m\u00e1s urgente necesitan una soluci\u00f3n.<\/p>\n<p>La inauguraci\u00f3n de la 134\u00aa Edici\u00f3n de la Expo Rural 2022, alcanza este a\u00f1o un particular realce, porque se viene de dos a\u00f1os de ausencia por la pandemia que suspendi\u00f3 la mayor\u00eda de las actividades que convocaban a un p\u00fablico masivo, la Exposici\u00f3n Rural no fue la excepci\u00f3n.<\/p>\n<p>Adem\u00e1s, esta inauguraci\u00f3n se concreta en medio de un contexto econ\u00f3mico muy complicado, en el cual se restringieron exportaciones de carne, importaciones de componentes e insumos electr\u00f3nicos para la terminaci\u00f3n de las maquinarias agr\u00edcolas, con una inflaci\u00f3n que superar\u00e1 el 60 por ciento anual y un gobierno que perdi\u00f3 el rumbo econ\u00f3mico.<\/p>\n<p>Tras los acontecimientos de las \u00faltimas horas, que incluyeron la renuncio del ex ministro de Agricultura Juli\u00e1n Dom\u00ednguez, la \u00fanica posibilidad de la presencia oficial qued\u00f3 desvanecida, aunque s\u00ed estar\u00e1n presentes legisladores nacionales y provinciales, de la oposici\u00f3n y del oficialismo.<\/p>\n<p>Por otra parte, la marcha de protesta organizada por distintas agrupaciones sociales afines al gobierno, programadas para realizarse en cercan\u00edas del predio de la Rural, en coincidencia con la inauguraci\u00f3n de la muestra ganadera, no se concretar\u00e1n, pero si ya se programo una marcha al congreso.<\/p>\n<p>De todos modos y pese a las dificultades que conviven con todos los argentinos, la tradicional muestra \u00abdel Campo a la Ciudad\u00bb, ser\u00e1 una vez m\u00e1s, una verdaderas fiesta en la que se podr\u00e1n ver en vivo y en directo los grandes campeones de las razas ganaderas, ovinas, porcinas y equinas.<\/p>\n<p>Pero adem\u00e1s se podr\u00e1 ser testigo del poder\u00edo que hoy ofrecen las industrias vinculadas a la producci\u00f3n de maquinarias agr\u00edcola, con la mirada puesta en\u00a0 la atenci\u00f3n de los mercados internos y externo, pero sobre todas las cosas y como ocurre cada a\u00f1o, con la esperanza de trabajar y producir en una Argentina con logre revertir la pobreza y con capacidad para darle de comer a sus habitantes y a un mundo que demanda m\u00e1s alimentos<strong>(VW\/NAP)<\/strong>.<\/p>\n","protected":false},"excerpt":{"rendered":"<p>La inauguraci\u00f3n de la 134\u00aa Edici\u00f3n de la Expo Rural 2022, alcanza este a\u00f1o un particular realce, porque se viene de dos a\u00f1os de ausencia por la pandemia que suspendi\u00f3 la mayor\u00eda de las&#46;&#46;&#46;<\/p>\n","protected":false},"author":3,"featured_media":6623,"comment_status":"closed","ping_status":"closed","sticky":false,"template":"","format":"standard","meta":{"_monsterinsights_skip_tracking":false,"_monsterinsights_sitenote_active":false,"_monsterinsights_sitenote_note":"","_monsterinsights_sitenote_category":0,"footnotes":""},"categories":[4],"tags":[2707,2706,2211,2709,2708,2683],"class_list":["post-6620","post","type-post","status-publish","format-standard","has-post-thumbnail","hentry","category-politica","tag-bovinos","tag-ejemplares","tag-maquinarias","tag-oficial","tag-ovinos","tag-pino"],"_links":{"self":[{"href":"https:\/\/www.visionweb.com.ar\/index.php?rest_route=\/wp\/v2\/posts\/6620","targetHints":{"allow":["GET"]}}],"collection":[{"href":"https:\/\/www.visionweb.com.ar\/index.php?rest_route=\/wp\/v2\/posts"}],"about":[{"href":"https:\/\/www.visionweb.com.ar\/index.php?rest_route=\/wp\/v2\/types\/post"}],"author":[{"embeddable":true,"href":"https:\/\/www.visionweb.com.ar\/index.php?rest_route=\/wp\/v2\/users\/3"}],"replies":[{"embeddable":true,"href":"https:\/\/www.visionweb.com.ar\/index.php?rest_route=%2Fwp%2Fv2%2Fcomments&post=6620"}],"version-history":[{"count":4,"href":"https:\/\/www.visionweb.com.ar\/index.php?rest_route=\/wp\/v2\/posts\/6620\/revisions"}],"predecessor-version":[{"id":6631,"href":"https:\/\/www.visionweb.com.ar\/index.php?rest_route=\/wp\/v2\/posts\/6620\/revisions\/6631"}],"wp:featuredmedia":[{"embeddable":true,"href":"https:\/\/www.visionweb.com.ar\/index.php?rest_route=\/wp\/v2\/media\/6623"}],"wp:attachment":[{"href":"https:\/\/www.visionweb.com.ar\/index.php?rest_route=%2Fwp%2Fv2%2Fmedia&parent=6620"}],"wp:term":[{"taxonomy":"category","embeddable":true,"href":"https:\/\/www.visionweb.com.ar\/index.php?rest_route=%2Fwp%2Fv2%2Fcategories&post=6620"},{"taxonomy":"post_tag","embeddable":true,"href":"https:\/\/www.visionweb.com.ar\/index.php?rest_route=%2Fwp%2Fv2%2Ftags&post=6620"}],"curies":[{"name":"wp","href":"https:\/\/api.w.org\/{rel}","templated":true}]}}