{"id":6616,"date":"2022-07-28T22:58:58","date_gmt":"2022-07-29T01:58:58","guid":{"rendered":"https:\/\/www.visionweb.com.ar\/?p=6616"},"modified":"2022-07-29T10:24:55","modified_gmt":"2022-07-29T13:24:55","slug":"renuncias-en-masa-y-traslados-en-el-gabinete-nacional","status":"publish","type":"post","link":"https:\/\/www.visionweb.com.ar\/?p=6616","title":{"rendered":"Renuncias en masa y traslados en el Gabinete Nacional"},"content":{"rendered":"<p><em><strong>Llega a la Casa Rosada un s\u00faper ministro. De tres Ministerios quedar\u00e1 uno solo que incluye a \u00a0Econom\u00eda, Agricultura \u00a0y Desarrollo Productivo.<\/strong><\/em> <!--more--><\/p>\n<p><img loading=\"lazy\" decoding=\"async\" class=\"size-medium wp-image-5760 alignright\" src=\"https:\/\/www.visionweb.com.ar\/wp-content\/uploads\/2022\/05\/ALBERTO-FERNANDEZ-EN-ESTEBAN-ECHEVERRIA-300x169.png\" alt=\"\" width=\"300\" height=\"169\" srcset=\"https:\/\/www.visionweb.com.ar\/wp-content\/uploads\/2022\/05\/ALBERTO-FERNANDEZ-EN-ESTEBAN-ECHEVERRIA-300x169.png 300w, https:\/\/www.visionweb.com.ar\/wp-content\/uploads\/2022\/05\/ALBERTO-FERNANDEZ-EN-ESTEBAN-ECHEVERRIA-1024x576.png 1024w, https:\/\/www.visionweb.com.ar\/wp-content\/uploads\/2022\/05\/ALBERTO-FERNANDEZ-EN-ESTEBAN-ECHEVERRIA-768x432.png 768w, https:\/\/www.visionweb.com.ar\/wp-content\/uploads\/2022\/05\/ALBERTO-FERNANDEZ-EN-ESTEBAN-ECHEVERRIA.png 1366w\" sizes=\"auto, (max-width: 300px) 100vw, 300px\" \/>Mucho antes de lo esperado, se dio vuelta el tablero en el gobierno central de Argentina. En pocas horas, el Gabinete Nacional cambio a sus principales referentes cercanos a Alberto Fern\u00e1ndez.<\/p>\n<p>Se produjeron renuncias masivas y cambios de destino, luego de una reuni\u00f3n que en la tarde de este jueves sostuvo el presidente Alberto Fern\u00e1ndez, con el hasta hace pocas horas titular de la C\u00e1mara de Diputados de la Naci\u00f3n, Sergio Massa.<\/p>\n<p>Fue justamente Presidencia de la Naci\u00f3n que poco antes de las 18 dio a conocer un escueto comunicado en el que se informaba la la designaci\u00f3n de Sergio Massa con plenos poderes en el Gabinete Nacional. El titular de la C\u00e1mara baja ser\u00e1 reemplazado por Cecilia Moreau.<\/p>\n<p>\u201cEl presidente Alberto Fern\u00e1ndez decidi\u00f3 reorganizar las \u00e1reas econ\u00f3micas de su gabinete para un mejor funcionamiento, coordinaci\u00f3n y gesti\u00f3n\u00bb.<\/p>\n<p>\u00abEn ese sentido, se unificar\u00e1n los ministerios de Econom\u00eda, Desarrollo\u00a0 y Productivo y Agricultura, Ganader\u00eda y Pesca\u00bb.<\/p>\n<p>\u00abEl nuevo ministro manejar\u00e1, adem\u00e1s,\u00a0 las relaciones con los organismos internacionales, bilaterales y multilaterales de cr\u00e9dito\u201d, detall\u00f3 el comunicado.<\/p>\n<p>En ese sentido, desde Presidencia, agregaron: \u201cEl nuevo <strong>Ministerio estar\u00e1 a cargo de Sergio Massa<\/strong>, actual presidente de la C\u00e1mara de Diputados, a partir de que se resuelva su alejamiento de su banca\u201d.<\/p>\n<p>El primer, ahora,\u00a0 ex ministro en dar el portazo, fue Gustavo B\u00e9liz, uno de los hombres de mayor confianza del Presidente Fern\u00e1ndez , quien estaba al frente de la Secretar\u00eda de Asuntos Estrat\u00e9gicos de la Presidencia de la Naci\u00f3n.<\/p>\n<p><img loading=\"lazy\" decoding=\"async\" class=\"size-medium wp-image-6617 alignleft\" src=\"https:\/\/www.visionweb.com.ar\/wp-content\/uploads\/2022\/07\/SERGIO-MASSA-300x169.png\" alt=\"\" width=\"300\" height=\"169\" srcset=\"https:\/\/www.visionweb.com.ar\/wp-content\/uploads\/2022\/07\/SERGIO-MASSA-300x169.png 300w, https:\/\/www.visionweb.com.ar\/wp-content\/uploads\/2022\/07\/SERGIO-MASSA.png 640w\" sizes=\"auto, (max-width: 300px) 100vw, 300px\" \/>El otro hombre que se bajo del Gabinete nacional, fue\u00a0 el ex ministro de Agricultura, luego de enterarse de la designaci\u00f3n Massa\u00a0 para ponerlo al frente de una la super cartera de Econom\u00eda, Agricultura y Producci\u00f3n\u00a0 que a partir de la publicaci\u00f3n del Decreto respectivo, pasar\u00e1n a ser secretar\u00eda.<\/p>\n<p>En medio de estos cambios, la ex ministra de Econom\u00eda Silvina Batakis, que solo estuvo al frente de la Cartera 24 d\u00edas, pasar\u00e1 a presidir el Bando de la Naci\u00f3n Argentina(BNA) y, Daniel Scioli, que hab\u00eda sido designado ministro de Desarrollo Productivo, volver\u00e1 a ocupar el sill\u00f3n de la Embajada Argentina en Brasil donde se sent\u00eda muy c\u00f3modo.<\/p>\n<p>En tanto, la ex titular de la Administraci\u00f3n Federal de Ingreso P\u00fablicos, Mercedes Marc\u00f3 del Pont, reemplazar\u00e1 a Gustavo B\u00e9liz en la Cartera de Asuntos Estrat\u00e9gicos, en tanto que Carlos Castogneto, quedar\u00e1 al frente de la AFIP y, dejar\u00e1 su cargo como Director General de Seguridad Social del organismo recaudador.<\/p>\n<p>En el medio de este torbellino de cambios y bajas en el Gabinete Nacional, el ex presidente Mauricio Macri, mientras recorr\u00eda la Expo Rural 2022, en el predio ferial de Palermo, en breve di\u00e1logo con los periodistas acreditados en La Rural asegur\u00f3\u00a0 que \u00abEs una situaci\u00f3n de angustia, he caminado en las \u00faltimas semanas, pero nada bueno iba a pasar con un gobierno que no tiene un plan ni rumbo, pero tenemos mucho futuro parta construir, solo hay que tener un poco m\u00e1s de paciencia\u00bb, subray\u00f3.<\/p>\n<p>Al ser consultado, sobe la designaci\u00f3n de Sergio Massa, como nuevo funcionario del Gabinete Nacional,\u00a0 el ex mandatario a\u00f1adi\u00f3: \u00abSon todos parte de un mismo gobierno, un gobierno que a perdi\u00f3 la noci\u00f3n de donde est\u00e1 parado\u00bb.<\/p>\n<p><strong>La dirigencia rural tambi\u00e9n hablo<\/strong><\/p>\n<p>Jorge Chemes, titular de Confederaciones Rurales Argentinas (CRA), en el marco de los 90 a\u00f1os de la poderosa Carbap (Confederaciones Rurales de Buenos Aires y La Pampa) expres\u00f3 su sorpresa por \u00abestos cambios, por supuesto que el recambio de funcionarios hace que uno vuelva a tomar la expectativa de que puede haber alg\u00fan cambio en la pol\u00edtica, pero creo que hay que esperar a los hechos porque la renovaci\u00f3n de funcionarios\u00a0 no garantiza que el Gobierno vaya a cambiar el rumbo, que es lo que uno desea\u00bb, evalu\u00f3.<\/p>\n<p>\u00abEsto, hace que, de alguna manera se definan los cargos,\u00a0 o que se definan las personas y despu\u00e9s veremos desde la Mesa de Enlace\u00a0 que acci\u00f3n tomaremos\u00bb, subray\u00f3.<\/p>\n<p>Por otras parte, Chemes consider\u00f3 que la salida del ex ministro Dominguez de la cartera de Agricultura\u00a0 es una p\u00e9rdida porque en las reuniones que ten\u00edamos (con el ahora ex funcionario) de la cartera de Agricultura : \u00abCompart\u00edamos muchos objetivos, veremos que pasa con los nuevos funcionarios, pero creo que cuando hay que empezar de nuevo, los tr\u00e1mites y los contactos,\u00a0 son una p\u00e9rdida de tiempo porque debemos volver a transitar un camino\u00a0 que ya hab\u00edamos recorrido\u00bb<strong>(VW)<\/strong><\/p>\n<p>&nbsp;<\/p>\n<p>&nbsp;<\/p>\n<p>&nbsp;<\/p>\n","protected":false},"excerpt":{"rendered":"<p>Llega a la Casa Rosada un s\u00faper ministro. De tres Ministerios quedar\u00e1 uno solo que incluye a \u00a0Econom\u00eda, Agricultura \u00a0y Desarrollo Productivo.<\/p>\n","protected":false},"author":3,"featured_media":5760,"comment_status":"closed","ping_status":"closed","sticky":false,"template":"","format":"standard","meta":{"_monsterinsights_skip_tracking":false,"_monsterinsights_sitenote_active":false,"_monsterinsights_sitenote_note":"","_monsterinsights_sitenote_category":0,"footnotes":""},"categories":[1],"tags":[15,2703,2704,2705],"class_list":["post-6616","post","type-post","status-publish","format-standard","has-post-thumbnail","hentry","category-uncategorized","tag-fernandez","tag-m-massa","tag-renuncias","tag-super-ministerio"],"_links":{"self":[{"href":"https:\/\/www.visionweb.com.ar\/index.php?rest_route=\/wp\/v2\/posts\/6616","targetHints":{"allow":["GET"]}}],"collection":[{"href":"https:\/\/www.visionweb.com.ar\/index.php?rest_route=\/wp\/v2\/posts"}],"about":[{"href":"https:\/\/www.visionweb.com.ar\/index.php?rest_route=\/wp\/v2\/types\/post"}],"author":[{"embeddable":true,"href":"https:\/\/www.visionweb.com.ar\/index.php?rest_route=\/wp\/v2\/users\/3"}],"replies":[{"embeddable":true,"href":"https:\/\/www.visionweb.com.ar\/index.php?rest_route=%2Fwp%2Fv2%2Fcomments&post=6616"}],"version-history":[{"count":4,"href":"https:\/\/www.visionweb.com.ar\/index.php?rest_route=\/wp\/v2\/posts\/6616\/revisions"}],"predecessor-version":[{"id":6622,"href":"https:\/\/www.visionweb.com.ar\/index.php?rest_route=\/wp\/v2\/posts\/6616\/revisions\/6622"}],"wp:featuredmedia":[{"embeddable":true,"href":"https:\/\/www.visionweb.com.ar\/index.php?rest_route=\/wp\/v2\/media\/5760"}],"wp:attachment":[{"href":"https:\/\/www.visionweb.com.ar\/index.php?rest_route=%2Fwp%2Fv2%2Fmedia&parent=6616"}],"wp:term":[{"taxonomy":"category","embeddable":true,"href":"https:\/\/www.visionweb.com.ar\/index.php?rest_route=%2Fwp%2Fv2%2Fcategories&post=6616"},{"taxonomy":"post_tag","embeddable":true,"href":"https:\/\/www.visionweb.com.ar\/index.php?rest_route=%2Fwp%2Fv2%2Ftags&post=6616"}],"curies":[{"name":"wp","href":"https:\/\/api.w.org\/{rel}","templated":true}]}}