{"id":6610,"date":"2022-07-28T17:41:59","date_gmt":"2022-07-28T20:41:59","guid":{"rendered":"https:\/\/www.visionweb.com.ar\/?p=6610"},"modified":"2022-07-28T17:41:59","modified_gmt":"2022-07-28T20:41:59","slug":"renuncio-gustavo-beliz-en-medio-de-definiciones-en-el-gabinete","status":"publish","type":"post","link":"https:\/\/www.visionweb.com.ar\/?p=6610","title":{"rendered":"Renunci\u00f3 Gustavo B\u00e9liz en medio de definiciones en el gabinete"},"content":{"rendered":"<p><em><strong>B\u00e9liz present\u00f3 su renuncia de\u00a0car\u00e1cter indeclinable. Se anticip\u00f3 que no la har\u00e1 p\u00fablica. El Presidente no habl\u00f3 p\u00fablicamente, tampoco la vocera Gabriela Cerrutti.<\/strong><\/em><!--more--><\/p>\n<div id=\"attachment_6612\" style=\"width: 610px\" class=\"wp-caption aligncenter\"><img loading=\"lazy\" decoding=\"async\" aria-describedby=\"caption-attachment-6612\" class=\"wp-image-6612 size-full\" src=\"https:\/\/www.visionweb.com.ar\/wp-content\/uploads\/2022\/07\/Beliz-al-momento-de-asumir-hoy-renuncia-28-07-22.bmp\" alt=\"\" width=\"600\" height=\"356\" \/><p id=\"caption-attachment-6612\" class=\"wp-caption-text\">Beliz al asumir en 2019. Hoy present\u00f3 su renuncia. (Foto de archivo)<\/p><\/div>\n<p><strong>\u00a0\u00a0\u00a0\u00a0\u00a0\u00a0\u00a0\u00a0\u00a0\u00a0\u00a0\u00a0 \u00a0\u00a0\u00a0\u00a0\u00a0\u00a0\u00a0\u00a0\u00a0 <\/strong><strong>E<\/strong>l secretario de Asuntos Estrat\u00e9gicos de la Presidencia, Gustavo B\u00e9liz present\u00f3 luego del mediod\u00eda su renuncia a Alberto Fern\u00e1ndez en Casa Rosada.\u00a0Hab\u00eda asumido el cargo el 10 de diciembre de 2019, en el inicio del mandato del presidente. Se estima que fue frente a la posible llegada de Sergio Massa al Gobierno.<\/p>\n<p>La salida de B\u00e9liz se conoci\u00f3 minutos despu\u00e9s de que finalizara hoy una reuni\u00f3n entre el Presidente y la ministra de Econom\u00eda Silvina Batakis en Casa Rosada, en medio de la posibilidad de que el presidente de la C\u00e1mara de Diputados, Sergio Massa, asuma la coordinaci\u00f3n de la pol\u00edtica econ\u00f3mica.<\/p>\n<p>Desde su designaci\u00f3n asumi\u00f3 distintas tareas encomendadas directamente por el jefe de Estado, como la direcci\u00f3n del Consejo Econ\u00f3mico y Social.<\/p>\n<p>Ten\u00eda bajo su \u00f3rbita el monitoreo de la gesti\u00f3n de cr\u00e9ditos con los bancos multilaterales, como la CAF-Banco de Desarrollo de Am\u00e9rica Latina, el Banco Mundial y el Banco Interamericano de Desarrollo (BID).<\/p>\n<p>Seg\u00fan fuentes oficiales,\u00a0la decisi\u00f3n se debe al traspaso de la responsabilidad del v\u00ednculo con los organismos financieros internacionales<strong>\u00a0<\/strong>al \u00e1mbito que, presumiblemente, encabezar\u00eda Sergio Massa en su incorporaci\u00f3n al gabinete.<\/p>\n<p>En un nuevo escenario, Massa como s\u00faper ministro, alcanzar\u00eda la secretar\u00eda de asuntos estrat\u00e9gicos, como tambi\u00e9n el control del ministerio de Econom\u00eda, Producci\u00f3n y Agricultura.<\/p>\n<p>Trascendi\u00f3 que en ese orden, el Ministerio de Producci\u00f3n pasar\u00eda a ser una secretar\u00eda, y en ese caso el actual titular Daniel Scioli depender\u00eda a la vez de Massa.<\/p>\n<p>Con la salida de B\u00e9liz, el Presidente pierde a otro de los colaboradores de mayor confianza que lo acompa\u00f1aba desde el inicio de la gesti\u00f3n.<\/p>\n<p>Cabe remarcar que la ministra Batakis en la reuni\u00f3n de hoy puso su renuncia a disposici\u00f3n del Presidente Alberto Fern\u00e1ndez, pero \u00e9ste no la acept\u00f3. <strong>(VW)<\/strong><\/p>\n<p>&nbsp;<\/p>\n","protected":false},"excerpt":{"rendered":"<p>B\u00e9liz present\u00f3 su renuncia de\u00a0car\u00e1cter indeclinable. Se anticip\u00f3 que no la har\u00e1 p\u00fablica. El Presidente no habl\u00f3 p\u00fablicamente, tampoco la vocera Gabriela Cerrutti.<\/p>\n","protected":false},"author":4,"featured_media":6612,"comment_status":"closed","ping_status":"closed","sticky":false,"template":"","format":"standard","meta":{"_monsterinsights_skip_tracking":false,"_monsterinsights_sitenote_active":false,"_monsterinsights_sitenote_note":"","_monsterinsights_sitenote_category":0,"footnotes":""},"categories":[4],"tags":[44,2702,2575,2701,869,1724],"class_list":["post-6610","post","type-post","status-publish","format-standard","has-post-thumbnail","hentry","category-politica","tag-alberto-fernandez","tag-asuntos-estrategicos","tag-batakis","tag-beliz","tag-massa","tag-renuncia"],"_links":{"self":[{"href":"https:\/\/www.visionweb.com.ar\/index.php?rest_route=\/wp\/v2\/posts\/6610","targetHints":{"allow":["GET"]}}],"collection":[{"href":"https:\/\/www.visionweb.com.ar\/index.php?rest_route=\/wp\/v2\/posts"}],"about":[{"href":"https:\/\/www.visionweb.com.ar\/index.php?rest_route=\/wp\/v2\/types\/post"}],"author":[{"embeddable":true,"href":"https:\/\/www.visionweb.com.ar\/index.php?rest_route=\/wp\/v2\/users\/4"}],"replies":[{"embeddable":true,"href":"https:\/\/www.visionweb.com.ar\/index.php?rest_route=%2Fwp%2Fv2%2Fcomments&post=6610"}],"version-history":[{"count":2,"href":"https:\/\/www.visionweb.com.ar\/index.php?rest_route=\/wp\/v2\/posts\/6610\/revisions"}],"predecessor-version":[{"id":6613,"href":"https:\/\/www.visionweb.com.ar\/index.php?rest_route=\/wp\/v2\/posts\/6610\/revisions\/6613"}],"wp:featuredmedia":[{"embeddable":true,"href":"https:\/\/www.visionweb.com.ar\/index.php?rest_route=\/wp\/v2\/media\/6612"}],"wp:attachment":[{"href":"https:\/\/www.visionweb.com.ar\/index.php?rest_route=%2Fwp%2Fv2%2Fmedia&parent=6610"}],"wp:term":[{"taxonomy":"category","embeddable":true,"href":"https:\/\/www.visionweb.com.ar\/index.php?rest_route=%2Fwp%2Fv2%2Fcategories&post=6610"},{"taxonomy":"post_tag","embeddable":true,"href":"https:\/\/www.visionweb.com.ar\/index.php?rest_route=%2Fwp%2Fv2%2Ftags&post=6610"}],"curies":[{"name":"wp","href":"https:\/\/api.w.org\/{rel}","templated":true}]}}