{"id":6600,"date":"2022-07-28T16:18:55","date_gmt":"2022-07-28T19:18:55","guid":{"rendered":"https:\/\/www.visionweb.com.ar\/?p=6600"},"modified":"2022-07-28T16:18:55","modified_gmt":"2022-07-28T19:18:55","slug":"marcha-organizaciones-sociales-por-el-salario-basico-universal","status":"publish","type":"post","link":"https:\/\/www.visionweb.com.ar\/?p=6600","title":{"rendered":"Marcha: Organizaciones sociales por el Salario B\u00e1sico Universal"},"content":{"rendered":"<p><em><strong>Se movilizaron a Plaza de Mayo en reclamo de m\u00e1s planes sociales y la implementaci\u00f3n del Salario B\u00e1sico Universal. Ya cerca de las 16 hs comenzaron a desconcentrase.<\/strong><\/em><!--more--><\/p>\n<div id=\"attachment_6602\" style=\"width: 665px\" class=\"wp-caption aligncenter\"><img loading=\"lazy\" decoding=\"async\" aria-describedby=\"caption-attachment-6602\" class=\"wp-image-6602 size-full\" src=\"https:\/\/www.visionweb.com.ar\/wp-content\/uploads\/2022\/07\/marcha-piquetera-28-julio-22.bmp\" alt=\"\" width=\"655\" height=\"327\" \/><p id=\"caption-attachment-6602\" class=\"wp-caption-text\">Marcha de organizaciones sociales en horas del mediod\u00eda. (Foto: internet)<\/p><\/div>\n<p><strong>L<\/strong>as organizaciones nucleadas en la Unidad Piquetera volvieron a movilizarse este jueves\u00a0en una jornada de protestas en reclamo\u00a0mayor cantidad de planes sociales y de la implementaci\u00f3n del Salario B\u00e1sico Universal.<\/p>\n<p>Los manifestantes\u00a0fueron a Plaza de Mayo,\u00a0bajo las consignas: \u00abtrabajo genuino, aumento de los montos y cupos de los planes sociales, bolsones de alimentos y asistencia econ\u00f3mica para familias de desocupados y jubilados\u00bb.<\/p>\n<p>As\u00ed, la Unidad Piquetera, reclam\u00f3: un bono de emergencia de $ 20.000, universalizaci\u00f3n de los programas sociales, trabajo genuino y bajo convenio a partir de un plan de obras p\u00fablicas, y un salario m\u00ednimo por arriba de los $100.000.<\/p>\n<div id=\"attachment_6603\" style=\"width: 577px\" class=\"wp-caption aligncenter\"><a href=\"https:\/\/www.visionweb.com.ar\/wp-content\/uploads\/2022\/07\/dirigentes-piqueteros-y-la-utep-conferencia.bmp\"><img loading=\"lazy\" decoding=\"async\" aria-describedby=\"caption-attachment-6603\" class=\"wp-image-6603 size-full\" src=\"https:\/\/www.visionweb.com.ar\/wp-content\/uploads\/2022\/07\/dirigentes-piqueteros-y-la-utep-conferencia.bmp\" alt=\"\" width=\"567\" height=\"311\" \/><\/a><p id=\"caption-attachment-6603\" class=\"wp-caption-text\">Dirigentes piqueteros y de la UTEP en conferencia. (Foto: internet)<\/p><\/div>\n<p>En una conferencia de prensa que ocurri\u00f3 a las 9 frente a Tribunales, referentes de la Unidad Piquetera junto con algunos dirigentes de la Uni\u00f3n de Trabajadores de la Econom\u00eda Popular conformada por Barrios de Pie, la CCC y el Frente Popular Dar\u00edo Santill\u00e1n, entre otras organizaciones, denunciaron\u00a0\u00abla criminalizaci\u00f3n de la protestas sociales y las persecuciones\u00bb contra las organizaciones sociales, en funci\u00f3n de diversos hechos que se registraron \u00faltimamente en varias provincias.<\/p>\n<p>Los diputados del Frente de Izquierda Unidad Myriam Bregman y Nicol\u00e1s del Ca\u00f1o participaron tambi\u00e9n de la protesta en la zona del Obelisco, junto a\u00a0agrupaciones sindicales y estudiantiles de izquierda Trabajadores y estudiantes en lucha.<\/p>\n<p>All\u00ed tambi\u00e9n estuvieron\u00a0presentes organizaciones de derechos humanos, seg\u00fan indic\u00f3 Eduardo Belliboni, dirigente del Polo Obrero, a trav\u00e9s de su red social.<\/p>\n<p>En Plaza de Mayo exaltaron la intenci\u00f3n de que la ministra de Econom\u00eda, Silvina Batakis los reciba y \u00abpague un bono de $ 20.000 a jubilados y jubiladas que cobran la m\u00ednima, a qui\u00e9nes tienen monotributo A y B y a lxs cobran un potenciar trabajo\u00bb.<\/p>\n<p>Cabe recordar que la funcionaria regres\u00f3 este jueves al pa\u00eds, luego de su viaje a Washington, donde\u00a0se reuni\u00f3 con autoridades del Fondo Monetario Internacional,\u00a0y ratific\u00f3 el rumbo econ\u00f3mico, en medio de la crisis. <strong>(VW)<\/strong><\/p>\n<p>&nbsp;<\/p>\n","protected":false},"excerpt":{"rendered":"<p>Se movilizaron a Plaza de Mayo en reclamo de m\u00e1s planes sociales y la implementaci\u00f3n del Salario B\u00e1sico Universal. Ya cerca de las 16 hs comenzaron a desconcentrase.<\/p>\n","protected":false},"author":4,"featured_media":6603,"comment_status":"closed","ping_status":"closed","sticky":false,"template":"","format":"standard","meta":{"_monsterinsights_skip_tracking":false,"_monsterinsights_sitenote_active":false,"_monsterinsights_sitenote_note":"","_monsterinsights_sitenote_category":0,"footnotes":""},"categories":[4,5],"tags":[2365,2271,2699],"class_list":["post-6600","post","type-post","status-publish","format-standard","has-post-thumbnail","hentry","category-politica","category-sociedad","tag-marcha-piquetera","tag-organizaciones-sociales","tag-salario-basico-universal"],"_links":{"self":[{"href":"https:\/\/www.visionweb.com.ar\/index.php?rest_route=\/wp\/v2\/posts\/6600","targetHints":{"allow":["GET"]}}],"collection":[{"href":"https:\/\/www.visionweb.com.ar\/index.php?rest_route=\/wp\/v2\/posts"}],"about":[{"href":"https:\/\/www.visionweb.com.ar\/index.php?rest_route=\/wp\/v2\/types\/post"}],"author":[{"embeddable":true,"href":"https:\/\/www.visionweb.com.ar\/index.php?rest_route=\/wp\/v2\/users\/4"}],"replies":[{"embeddable":true,"href":"https:\/\/www.visionweb.com.ar\/index.php?rest_route=%2Fwp%2Fv2%2Fcomments&post=6600"}],"version-history":[{"count":2,"href":"https:\/\/www.visionweb.com.ar\/index.php?rest_route=\/wp\/v2\/posts\/6600\/revisions"}],"predecessor-version":[{"id":6604,"href":"https:\/\/www.visionweb.com.ar\/index.php?rest_route=\/wp\/v2\/posts\/6600\/revisions\/6604"}],"wp:featuredmedia":[{"embeddable":true,"href":"https:\/\/www.visionweb.com.ar\/index.php?rest_route=\/wp\/v2\/media\/6603"}],"wp:attachment":[{"href":"https:\/\/www.visionweb.com.ar\/index.php?rest_route=%2Fwp%2Fv2%2Fmedia&parent=6600"}],"wp:term":[{"taxonomy":"category","embeddable":true,"href":"https:\/\/www.visionweb.com.ar\/index.php?rest_route=%2Fwp%2Fv2%2Fcategories&post=6600"},{"taxonomy":"post_tag","embeddable":true,"href":"https:\/\/www.visionweb.com.ar\/index.php?rest_route=%2Fwp%2Fv2%2Ftags&post=6600"}],"curies":[{"name":"wp","href":"https:\/\/api.w.org\/{rel}","templated":true}]}}