{"id":6595,"date":"2022-07-28T14:30:42","date_gmt":"2022-07-28T17:30:42","guid":{"rendered":"https:\/\/www.visionweb.com.ar\/?p=6595"},"modified":"2022-07-28T14:30:42","modified_gmt":"2022-07-28T17:30:42","slug":"colectivos-la-uta-anuncio-un-paro-nacional-para-el-martes-proximo","status":"publish","type":"post","link":"https:\/\/www.visionweb.com.ar\/?p=6595","title":{"rendered":"Colectivos: La UTA anunci\u00f3 un paro nacional para el martes pr\u00f3ximo"},"content":{"rendered":"<p><em><strong>Reclaman aumento salarial y que adelanten paritarias. Ser\u00e1 \u201cel pr\u00f3ximo martes 2 de agosto a partir de las 22 y hasta las seis de la ma\u00f1ana del mi\u00e9rcoles\u00bb, indicaron.<\/strong><\/em><!--more--><\/p>\n<p><strong><img loading=\"lazy\" decoding=\"async\" class=\"size-full wp-image-6597 aligncenter\" src=\"https:\/\/www.visionweb.com.ar\/wp-content\/uploads\/2022\/07\/paro-colectivos-nocturno.bmp\" alt=\"\" width=\"501\" height=\"370\" \/>L<\/strong>a Uni\u00f3n Tranviarios Automotor (UTA) anunci\u00f3 que el pr\u00f3ximo martes realizar\u00e1 un paro nacional en reclamo de \u00absalarios dignos\u00bb para los trabajadores nucleados en ese gremio. Tambi\u00e9n reclaman un adelantamiento de las paritarias.<\/p>\n<p>En ese marco, el titular de la UTA, Roberto Fern\u00e1ndez, asegur\u00f3 que la organizaci\u00f3n \u00abse ve obligada a tomar medidas antip\u00e1ticas para poder cuidar los salarios y exigir ser o\u00eddos\u00bb.<\/p>\n<p>Mediante un comunicado emitido el mi\u00e9rcoles a la noche, la UTA inform\u00f3: \u00abAnte esta situaci\u00f3n, hemos decidido la paralizaci\u00f3n del servicio de transporte el pr\u00f3ximo martes 2 de agosto a partir de las 22 y hasta las seis de la ma\u00f1ana del mi\u00e9rcoles\u00bb.<\/p>\n<p><img loading=\"lazy\" decoding=\"async\" class=\"size-medium wp-image-6598 alignright\" src=\"https:\/\/www.visionweb.com.ar\/wp-content\/uploads\/2022\/07\/colectivo-300x153.jpg\" alt=\"\" width=\"300\" height=\"153\" srcset=\"https:\/\/www.visionweb.com.ar\/wp-content\/uploads\/2022\/07\/colectivo-300x153.jpg 300w, https:\/\/www.visionweb.com.ar\/wp-content\/uploads\/2022\/07\/colectivo.jpg 645w\" sizes=\"auto, (max-width: 300px) 100vw, 300px\" \/>Fern\u00e1ndez, l\u00edder del gremio de los colectiveros, indic\u00f3 adem\u00e1s que \u00abhemos reclamado un adelantamiento de las paritarias\u00bb pero advirti\u00f3 que la patronal dice no estar en condiciones de incrementar los salarios.<\/p>\n<p>\u00abConocemos la realidad econ\u00f3mica que se atraviesa, pero no somos responsables de la situaci\u00f3n actual, de la inflaci\u00f3n que mes a mes, reduce el poder de compra de los salarios\u00bb, consider\u00f3.<\/p>\n<p>\u00abNos encontramos ins\u00f3litamente con un sector empresario que reconoce la justeza del reclamo, pero que manifiesta no poder econ\u00f3micamente hacerle frente\u00bb, puntualiz\u00f3.<\/p>\n<p>Finalmente, Fern\u00e1ndez expres\u00f3 que<strong>\u00a0<\/strong>el gremio realiz\u00f3 \u00abun reclamo de adelantamiento de paritarias y pidi\u00f3 un urgente incremento salarial\u00bb. <strong>(VW)<\/strong><strong><br \/>\n<\/strong><\/p>\n","protected":false},"excerpt":{"rendered":"<p>Reclaman aumento salarial y que adelanten paritarias. Ser\u00e1 \u201cel pr\u00f3ximo martes 2 de agosto a partir de las 22 y hasta las seis de la ma\u00f1ana del mi\u00e9rcoles\u00bb, indicaron.<\/p>\n","protected":false},"author":4,"featured_media":6598,"comment_status":"closed","ping_status":"closed","sticky":false,"template":"","format":"standard","meta":{"_monsterinsights_skip_tracking":false,"_monsterinsights_sitenote_active":false,"_monsterinsights_sitenote_note":"","_monsterinsights_sitenote_category":0,"footnotes":""},"categories":[4,5],"tags":[1952,833,2698,2697],"class_list":["post-6595","post","type-post","status-publish","format-standard","has-post-thumbnail","hentry","category-politica","category-sociedad","tag-aumento-salarial","tag-paro-de-colectivos","tag-roberto-fernandez","tag-uta"],"_links":{"self":[{"href":"https:\/\/www.visionweb.com.ar\/index.php?rest_route=\/wp\/v2\/posts\/6595","targetHints":{"allow":["GET"]}}],"collection":[{"href":"https:\/\/www.visionweb.com.ar\/index.php?rest_route=\/wp\/v2\/posts"}],"about":[{"href":"https:\/\/www.visionweb.com.ar\/index.php?rest_route=\/wp\/v2\/types\/post"}],"author":[{"embeddable":true,"href":"https:\/\/www.visionweb.com.ar\/index.php?rest_route=\/wp\/v2\/users\/4"}],"replies":[{"embeddable":true,"href":"https:\/\/www.visionweb.com.ar\/index.php?rest_route=%2Fwp%2Fv2%2Fcomments&post=6595"}],"version-history":[{"count":2,"href":"https:\/\/www.visionweb.com.ar\/index.php?rest_route=\/wp\/v2\/posts\/6595\/revisions"}],"predecessor-version":[{"id":6599,"href":"https:\/\/www.visionweb.com.ar\/index.php?rest_route=\/wp\/v2\/posts\/6595\/revisions\/6599"}],"wp:featuredmedia":[{"embeddable":true,"href":"https:\/\/www.visionweb.com.ar\/index.php?rest_route=\/wp\/v2\/media\/6598"}],"wp:attachment":[{"href":"https:\/\/www.visionweb.com.ar\/index.php?rest_route=%2Fwp%2Fv2%2Fmedia&parent=6595"}],"wp:term":[{"taxonomy":"category","embeddable":true,"href":"https:\/\/www.visionweb.com.ar\/index.php?rest_route=%2Fwp%2Fv2%2Fcategories&post=6595"},{"taxonomy":"post_tag","embeddable":true,"href":"https:\/\/www.visionweb.com.ar\/index.php?rest_route=%2Fwp%2Fv2%2Ftags&post=6595"}],"curies":[{"name":"wp","href":"https:\/\/api.w.org\/{rel}","templated":true}]}}